{"id":599519,"date":"2025-12-14T21:58:19","date_gmt":"2025-12-14T21:58:19","guid":{"rendered":"https:\/\/www.europesays.com\/fr\/599519\/"},"modified":"2025-12-14T21:58:19","modified_gmt":"2025-12-14T21:58:19","slug":"faustine-bollaert-malmenee-sur-le-plateau-des-enfants-de-la-tele","status":"publish","type":"post","link":"https:\/\/www.europesays.com\/fr\/599519\/","title":{"rendered":"Faustine Bollaert malmen\u00e9e sur le plateau des \u00abEnfants de la t\u00e9l\u00e9\u00bb"},"content":{"rendered":"<p>    Faustine Bollaert dans \u00abLes enfants de la t\u00e9l\u00e9\u00bb<br \/>\n                Capture \u00e9cran France 2.<\/p>\n<p>\n    La pr\u00e9sentatrice a eu droit \u00e0 sa casserole, terme bien connu des t\u00e9l\u00e9spectateurs de l\u2019\u00e9mission de zapping de France 2, sous les rires du public et de ses invit\u00e9s Tom Villa et Lor\u00e0nt Deutsch.<\/p>\n<p class=\"fig-paragraph\">\u00abC\u2019est sorti tout seul\u00bb. Ce dimanche 14 d\u00e9cembre, c\u2019est au tour de\u00a0<a href=\"http:\/\/tvmag.lefigaro.fr\/programme-tv\/actu-tele\/une-grande-tristesse-ca-commence-aujourd-hui-annonce-la-mort-d-un-invite-de-faustine-bollaert-20251111\" target=\"_blank\" data-fig-type=\"Article\" rel=\"noopener\" data-gtm-custom-categorie=\"navigation\" data-gtm-custom-action=\"crossclick\" data-gtm-custom-label=\"Contextuel\" data-gtm-event=\"customEventSPE\" data-fig-domain=\"TVMAG\"><strong>Faustine Bollaert<\/strong><\/a> \u00a0d\u2019\u00eatre confront\u00e9e \u00e0 ses casseroles du pass\u00e9 dans \u00abLes enfants de la t\u00e9l\u00e9\u00bb. Et le plateau, particuli\u00e8rement dissip\u00e9, n\u2019est pas tendre avec l\u2019animatrice.<\/p>\n<p class=\"fig-paragraph\">Pour saisir la s\u00e9quence diffus\u00e9e cet apr\u00e8s-midi sur France 2, il faut remonter le temps. \u00c0 l\u2019\u00e9poque o\u00f9\u00a0<a href=\"http:\/\/tvmag.lefigaro.fr\/programme-tv\/people\/ca-a-ete-le-declic-laurent-ruquier-devoile-les-raisons-de-sa-separation-d-avec-hugo-manos-20251129\" target=\"_blank\" data-fig-type=\"Article\" rel=\"noopener\" data-gtm-custom-categorie=\"navigation\" data-gtm-custom-action=\"crossclick\" data-gtm-custom-label=\"Contextuel\" data-gtm-event=\"customEventSPE\" data-fig-domain=\"TVMAG\">Laurent Ruquier<\/a>\u00a0animait encore le magazine de zapping de France T\u00e9l\u00e9visions. En janvier 2020, il recevait\u00a0<a href=\"http:\/\/tvmag.lefigaro.fr\/programme-tv\/actu-tele\/tu-t-imaginais-un-hommage-presente-par-stephane-bern-tom-villa-s-adresse-a-thierry-ardisson-et-ironise-20250716\" target=\"_blank\" data-fig-type=\"Article\" rel=\"noopener\" data-gtm-custom-categorie=\"navigation\" data-gtm-custom-action=\"crossclick\" data-gtm-custom-label=\"Contextuel\" data-gtm-event=\"customEventSPE\" data-fig-domain=\"TVMAG\">Tom Villa<\/a>\u00a0qui pour cr\u00e9er l\u2019\u00e9v\u00e9nement avait port\u00e9 un t-shirt \u00e0 l\u2019effigie de l\u2019animateur. La photographie \u00e9tait loin d\u2019\u00eatre flatteuse. \u00abC\u2019est Laurent vieux\u00bb, avait comment\u00e9 avec autod\u00e9rision Laurent Ruquier.<\/p>\n<p>                                                                <a class=\"fig-a11y-skip\" href=\"#fig-a11y-skip-main-inarticle\" data-module=\"a11y-skip\" data-context=\"was @visible\"><br \/>\n    Passer la publicit\u00e9<br \/>\n<\/a>            <\/p>\n<p class=\"fig-paragraph\">\u00abVous avez un t-shirt pour moi\u00a0?\u00bb, questionne cet apr\u00e8s-midi Faustine Bollart, car Tom Villa fait de nouveau partie des invit\u00e9s du jour des \u00abEnfants de la t\u00e9l\u00e9\u00bb. Mais cette fois-ci, la boutade viendra du chroniqueur\u00a0<a href=\"https:\/\/tvmag.lefigaro.fr\/programme-tv\/donel-jack-sman-france-televisions-me-semble-plus-en-mesure-de-realiser-mes-envies_352d4d14-fe60-11ea-a339-44092f8ed545\" target=\"_blank\" data-fig-type=\"Article\" rel=\"noopener\" data-gtm-custom-categorie=\"navigation\" data-gtm-custom-action=\"crossclick\" data-gtm-custom-label=\"Contextuel\" data-gtm-event=\"customEventSPE\" data-fig-domain=\"TVMAG\">Donel Jack\u2019sman<\/a>\u00a0qui fait irruption sur le plateau.<\/p>\n<p>                                                                \u00abBelle dentition\u00bb<\/p>\n<p class=\"fig-paragraph\">Tous les ingr\u00e9dients sont de nouveau r\u00e9unis. Un t-shirt blanc et un portrait qui n\u2019est pas \u00e0 l\u2019avantage de la victime du canular. \u00abComme tout le monde ram\u00e8ne son T-shirt f\u00e9tiche, j\u2019ai ramen\u00e9 le mien\u00bb, explique l\u2019humoriste avant de d\u00e9voiler son look improbable. Sur le clich\u00e9 imprim\u00e9, Faustine Bollaert est encore au coll\u00e8ge et sourit. \u00ab J\u2019\u00e9tais en sixi\u00e8me, je devais avoir 11 ans\u00a0\u00bb, comme elle le pr\u00e9cise.<\/p>\n<p class=\"fig-paragraph\">\u00abBelle dentition\u00bb, remarque Donel Jack\u2019sman. \u00abOn sent que c\u2019\u00e9tait juste avant les bagues\u00bb, ass\u00e8ne Lor\u00e0nt Deutsch, \u00e9galement invit\u00e9 aujourd\u2019hui. \u00abJe t\u2019emmerde enfin\u00a0! C\u2019\u00e9tait hypergratuit\u00bb, r\u00e9plique Faustine Bollaert sous les rires du plateau et du public. Tom Villa sugg\u00e8re \u00abd\u2019isoler ce moment\u00bb pour archiver cette nouvelle casserole.<\/p>\n","protected":false},"excerpt":{"rendered":"Faustine Bollaert dans \u00abLes enfants de la t\u00e9l\u00e9\u00bb Capture \u00e9cran France 2. La pr\u00e9sentatrice a eu droit \u00e0&hellip;\n","protected":false},"author":2,"featured_media":599520,"comment_status":"","ping_status":"","sticky":false,"template":"","format":"standard","meta":{"footnotes":""},"categories":[1356],"tags":[58,59,6308,1011,27,252,1364],"class_list":{"0":"post-599519","1":"post","2":"type-post","3":"status-publish","4":"format-standard","5":"has-post-thumbnail","7":"category-television","8":"tag-divertissement","9":"tag-entertainment","10":"tag-faustine-bollaert","11":"tag-fr","12":"tag-france","13":"tag-television","14":"tag-tv"},"share_on_mastodon":{"url":"","error":""},"_links":{"self":[{"href":"https:\/\/www.europesays.com\/fr\/wp-json\/wp\/v2\/posts\/599519","targetHints":{"allow":["GET"]}}],"collection":[{"href":"https:\/\/www.europesays.com\/fr\/wp-json\/wp\/v2\/posts"}],"about":[{"href":"https:\/\/www.europesays.com\/fr\/wp-json\/wp\/v2\/types\/post"}],"author":[{"embeddable":true,"href":"https:\/\/www.europesays.com\/fr\/wp-json\/wp\/v2\/users\/2"}],"replies":[{"embeddable":true,"href":"https:\/\/www.europesays.com\/fr\/wp-json\/wp\/v2\/comments?post=599519"}],"version-history":[{"count":0,"href":"https:\/\/www.europesays.com\/fr\/wp-json\/wp\/v2\/posts\/599519\/revisions"}],"wp:featuredmedia":[{"embeddable":true,"href":"https:\/\/www.europesays.com\/fr\/wp-json\/wp\/v2\/media\/599520"}],"wp:attachment":[{"href":"https:\/\/www.europesays.com\/fr\/wp-json\/wp\/v2\/media?parent=599519"}],"wp:term":[{"taxonomy":"category","embeddable":true,"href":"https:\/\/www.europesays.com\/fr\/wp-json\/wp\/v2\/categories?post=599519"},{"taxonomy":"post_tag","embeddable":true,"href":"https:\/\/www.europesays.com\/fr\/wp-json\/wp\/v2\/tags?post=599519"}],"curies":[{"name":"wp","href":"https:\/\/api.w.org\/{rel}","templated":true}]}}