{"id":599521,"date":"2025-12-14T21:59:14","date_gmt":"2025-12-14T21:59:14","guid":{"rendered":"https:\/\/www.europesays.com\/fr\/599521\/"},"modified":"2025-12-14T21:59:14","modified_gmt":"2025-12-14T21:59:14","slug":"timothee-chalamet-est-il-en-secret-le-rappeur-viral-esdeekid-tout-sera-revele-en-temps-voulu","status":"publish","type":"post","link":"https:\/\/www.europesays.com\/fr\/599521\/","title":{"rendered":"Timoth\u00e9e Chalamet est-il en secret le rappeur viral EsDeeKid ? \u00abTout sera r\u00e9v\u00e9l\u00e9 en temps voulu\u00bb"},"content":{"rendered":"<p>Acteur aux yeux du grand public et rappeur en secret ? Internet est persuad\u00e9 que <a href=\"https:\/\/www.vanityfair.fr\/dossier\/timothee-chalamet\" isautogenerated=\"true\" target=\"_blank\" rel=\"noopener\">Timoth\u00e9e Chalamet<\/a> est <a href=\"https:\/\/www.vanityfair.fr\/article\/timothee-chalamet-est-il-en-secret-un-rappeur-a-succes\" target=\"_blank\" rel=\"noopener\">celui qui se cache derri\u00e8re le tr\u00e8s myst\u00e9rieux artiste <strong>EsDeeKid<\/strong><\/a>. Du rappeur devenu viral, on ignore tout, si ce n&rsquo;est qu&rsquo;il serait natif de la r\u00e9gion de Liverpool, trahi par son accent scouse. Sa carri\u00e8re, lanc\u00e9e au printemps, s&rsquo;est envol\u00e9e \u00e0 une vitesse ph\u00e9nom\u00e9nale, port\u00e9e par le succ\u00e8s du titre Phantom, qui a connu de beaux jours dans les classements musicaux.<\/p>\n<p>De passage chez <a href=\"https:\/\/youtu.be\/ngMYHz2eVT4\" target=\"_blank\" rel=\"noopener\">Heart<\/a>, une station de radio britannique, Timoth\u00e9e Chalamet n&rsquo;a pas \u00e9chapp\u00e9 \u00e0 une tentative d&rsquo;inquisition. \u00ab Vos fans ont perdu la t\u00eate et ils disent que vous \u00eates EsDeeKid \u00bb, lance l&rsquo;animatrice, <strong>Amanda<\/strong> <strong>Holden<\/strong> au d\u00e9tour de la conversation. \u00ab Est-ce vrai ? \u00bb, rench\u00e9rit son coanimateur <strong>Jamie<\/strong> <strong>Theakston<\/strong>. \u00ab Je n&rsquo;ai aucun commentaire \u00e0 faire \u00e0 ce sujet \u00bb, r\u00e9pond-il d&rsquo;une voix \u00e9gale, provoquant un concert d&rsquo;exclamations scandalis\u00e9es dans le studio. \u00ab Oh, allez \u00bb, l&rsquo;encouragent-ils. Mais il s&rsquo;en tient \u00e0 sa r\u00e9ponse. \u00ab Je n&rsquo;ai aucun commentaire \u00e0 faire \u00bb, r\u00e9p\u00e8te-t-il.<\/p>\n<p>EsDeeKid entretient le myst\u00e8re autour de son identit\u00e9, dissimulant son visage derri\u00e8re des cagoules et des foulards, dont un mod\u00e8le de chez Alexander McQueen que poss\u00e8de \u00e9galement Timoth\u00e9e Chalamet. Sur les quelques photos partag\u00e9es sur son compte <a href=\"https:\/\/www.vanityfair.fr\/dossier\/instagram\" isautogenerated=\"true\" target=\"_blank\" rel=\"noopener\">Instagram<\/a>, le musicien ne montre que ses yeux et ses sourcils, qui seraient, selon de fins limiers, les m\u00eames que ceux de l&rsquo;acteur. \u00ab Vous avez les m\u00eames yeux \u00bb, lui fait alors remarquer Amanda Holden. \u00ab J&rsquo;ai deux mots \u00e0 dire \u00e0 ce sujet \u00bb, conc\u00e8de finalement Timoth\u00e9e Chalamet. Apr\u00e8s de longues secondes de r\u00e9flexion, il l\u00e2che : \u00ab Tout sera r\u00e9v\u00e9l\u00e9 en temps voulu \u00bb. Une petite phrase qui a suffi \u00e0 relancer de plus belle les sp\u00e9culations.<\/p>\n<p>\u00ab Vous avez tous les deux cette \u00e9charpe. Il est toujours en train de jouer quand vous semblez faire des projections et des promotions \u00bb, lui fait remarquer ensuite Jamie Theakston. En ao\u00fbt dernier, les pi\u00e8ces du puzzle s&rsquo;assemblaient pour les fervents d\u00e9fenseurs de cette th\u00e9orie lorsque Timoth\u00e9e Chalamet \u00e9tait aper\u00e7u \u00e0 un concert du rappeur britannique <strong>Fakemink<\/strong>, avec lequel EsDeeKid a collabor\u00e9 sur le titre LV Sandals, paru sur l&rsquo;album Rebel, sorti en juin dernier. \u00ab Vous \u00e9tiez Little Timmy ! \u00bb, ajoute sa coanimatrice, lui rappelant sa br\u00e8ve carri\u00e8re de rappeur adolescent. La remarque provoque l&rsquo;amusement de l&rsquo;acteur, que l&rsquo;on sait passionn\u00e9 de rap et de hip-hop, qui assure en riant : \u00ab Laisse-moi te dire que Lil Timmy, \u00e7a ne sonne pas pareil \u00bb.<\/p>\n<p>Timoth\u00e9e Chalamet occup\u00e9 avec la tourn\u00e9e promotionnelle de Marty Supreme<\/p>\n<p>Pour l&rsquo;heure, Timoth\u00e9e Chalamet ne confirme (ni n&rsquo;infirme) la th\u00e9orie, pr\u00e9f\u00e9rant laisser le myst\u00e8re planer. EsDeeKid n&rsquo;a quant \u00e0 lui jamais comment\u00e9 l&rsquo;affaire. Notons toutefois que sa derni\u00e8re publication <a data-offer-url=\"https:\/\/www.instagram.com\/p\/DRcu66FiDXa\/?hl=en&amp;img_index=1\" class=\"external-link\" data-event-click=\"{&quot;element&quot;:&quot;ExternalLink&quot;,&quot;outgoingURL&quot;:&quot;https:\/\/www.instagram.com\/p\/DRcu66FiDXa\/?hl=en&amp;img_index=1&quot;}\" href=\"https:\/\/www.instagram.com\/p\/DRcu66FiDXa\/?hl=en&amp;img_index=1\" rel=\"nofollow noopener\" target=\"_blank\">Instagram<\/a>, en date du 24 novembre, le montre sur une terrasse de Los Angeles, \u00e0 en croire la l\u00e9gende, en coupe-vent, <a href=\"https:\/\/www.vanityfair.fr\/dossier\/baskets\" isautogenerated=\"true\" target=\"_blank\" rel=\"noopener\">baskets<\/a> clout\u00e9es Flashtrek de chez <a href=\"https:\/\/www.vanityfair.fr\/dossier\/gucci\" isautogenerated=\"true\" target=\"_blank\" rel=\"noopener\">Gucci<\/a>, mitaines et jean Chrome Hearts, l&rsquo;une des marques favorites de Timoth\u00e9e Chalamet (mais c&rsquo;est s\u00fbrement une simple co\u00efncidence).<\/p>\n<p>Timoth\u00e9e Chalamet portait la griffe am\u00e9ricaine pour son deuxi\u00e8me tapis rouge avec <a href=\"https:\/\/www.vanityfair.fr\/dossier\/kylie-jenner\" isautogenerated=\"true\" target=\"_blank\" rel=\"noopener\">Kylie Jenner<\/a> en d\u00e9but de semaine, \u00e0 l&rsquo;occasion de l&rsquo;avant-premi\u00e8re de Marty Supreme. Tous deux \u00e9taient parfaitement assortis, <a href=\"https:\/\/www.vanityfair.fr\/article\/timothee-chalamet-est-il-en-secret-un-rappeur-a-succes\" target=\"_blank\" rel=\"noopener\">en orange vif des pieds \u00e0 la t\u00eate<\/a>. Un clin d&rsquo;\u0153il \u00e0 <a href=\"https:\/\/www.vanityfair.fr\/article\/meme-la-mere-de-timothee-chalamet-veut-du-merch-marty-supreme\" target=\"_blank\" rel=\"noopener\">la couleur choisie pour la tourn\u00e9e promotionnelle<\/a> du nouveau film de <strong>Josh<\/strong> <strong>Safdie<\/strong>, dans lequel Timoth\u00e9e Chalamet interpr\u00e8te un joueur de tennis de table ambitieux. Son apparition marquait le d\u00e9but d&rsquo;une tourn\u00e9e promotionnelle haute en couleur qui rythmera les semaines \u00e0 venir. Reste \u00e0 savoir si Timoth\u00e9e Chalamet dispara\u00eetra myst\u00e9rieusement des radars lorsqu&rsquo;EsDeeKid entamera sa premi\u00e8re tourn\u00e9e. R\u00e9ponse fin janvier.<\/p>\n<p><script async src=\"\/\/www.instagram.com\/embed.js\"><\/script><\/p>\n","protected":false},"excerpt":{"rendered":"Acteur aux yeux du grand public et rappeur en secret ? Internet est persuad\u00e9 que Timoth\u00e9e Chalamet est&hellip;\n","protected":false},"author":2,"featured_media":599522,"comment_status":"","ping_status":"","sticky":false,"template":"","format":"standard","meta":{"footnotes":""},"categories":[1355],"tags":[58,59,1011,27,1361,873,13427],"class_list":{"0":"post-599521","1":"post","2":"type-post","3":"status-publish","4":"format-standard","5":"has-post-thumbnail","7":"category-musique","8":"tag-divertissement","9":"tag-entertainment","10":"tag-fr","11":"tag-france","12":"tag-music","13":"tag-musique","14":"tag-timothee-chalamet"},"share_on_mastodon":{"url":"https:\/\/pubeurope.com\/@fr\/115720170115597936","error":""},"_links":{"self":[{"href":"https:\/\/www.europesays.com\/fr\/wp-json\/wp\/v2\/posts\/599521","targetHints":{"allow":["GET"]}}],"collection":[{"href":"https:\/\/www.europesays.com\/fr\/wp-json\/wp\/v2\/posts"}],"about":[{"href":"https:\/\/www.europesays.com\/fr\/wp-json\/wp\/v2\/types\/post"}],"author":[{"embeddable":true,"href":"https:\/\/www.europesays.com\/fr\/wp-json\/wp\/v2\/users\/2"}],"replies":[{"embeddable":true,"href":"https:\/\/www.europesays.com\/fr\/wp-json\/wp\/v2\/comments?post=599521"}],"version-history":[{"count":0,"href":"https:\/\/www.europesays.com\/fr\/wp-json\/wp\/v2\/posts\/599521\/revisions"}],"wp:featuredmedia":[{"embeddable":true,"href":"https:\/\/www.europesays.com\/fr\/wp-json\/wp\/v2\/media\/599522"}],"wp:attachment":[{"href":"https:\/\/www.europesays.com\/fr\/wp-json\/wp\/v2\/media?parent=599521"}],"wp:term":[{"taxonomy":"category","embeddable":true,"href":"https:\/\/www.europesays.com\/fr\/wp-json\/wp\/v2\/categories?post=599521"},{"taxonomy":"post_tag","embeddable":true,"href":"https:\/\/www.europesays.com\/fr\/wp-json\/wp\/v2\/tags?post=599521"}],"curies":[{"name":"wp","href":"https:\/\/api.w.org\/{rel}","templated":true}]}}