{"id":599525,"date":"2025-12-14T22:02:28","date_gmt":"2025-12-14T22:02:28","guid":{"rendered":"https:\/\/www.europesays.com\/fr\/599525\/"},"modified":"2025-12-14T22:02:28","modified_gmt":"2025-12-14T22:02:28","slug":"les-personnes-qui-prennent-leur-traitement-a-ce-moment-de-la-journee-vivraient-plus-longtemps","status":"publish","type":"post","link":"https:\/\/www.europesays.com\/fr\/599525\/","title":{"rendered":"les personnes qui prennent leur traitement \u00e0 ce moment de la journ\u00e9e vivraient plus longtemps"},"content":{"rendered":"<p>\n                            Les r\u00e9sultats ont aussi \u00e9t\u00e9 observ\u00e9s quand le pronostic du malade \u00e9tait mauvais.<\/p>\n<p>Les traitements du cancer ont consid\u00e9rablement \u00e9volu\u00e9 en France ces derni\u00e8res ann\u00e9es. Le diagnostic est plus pr\u00e9coce et l&rsquo;apparition des <a href=\"https:\/\/sante.journaldesfemmes.fr\/fiches-medicaments\/2753111-therapie-ciblee-medicaments-cancer-poumon-sein-melanome-efficacite-effets-secondaires-avantages\/\" title=\"Th\u00e9rapie cibl\u00e9e\" target=\"_blank\" rel=\"noopener\">th\u00e9rapies cibl\u00e9es<\/a> et de l&rsquo;immunoth\u00e9rapie a permis d&rsquo;am\u00e9liorer la survie des malades, y compris dans les formes avanc\u00e9es de cancer. Ces approches, qui utilisent le syst\u00e8me immunitaire ciblent mieux les cellules canc\u00e9reuses tout en r\u00e9duisant les effets secondaires. Une nouvelle \u00e9tude met en lumi\u00e8re un param\u00e8tre nouveau pour les patients sous <a href=\"https:\/\/sante.journaldesfemmes.fr\/fiches-maladies\/2604915-immunotherapie-definition-duree-quels-cancers\/\" title=\"Immunoth\u00e9rapie\" target=\"_blank\" rel=\"noopener\">immunoth\u00e9rapie<\/a> et chimioth\u00e9rapie : le fait de prendre son traitement \u00e0 un moment particulier de la journ\u00e9e am\u00e9liorerait son efficacit\u00e9 sur la survie.<\/p>\n<p>L&rsquo;\u00e9tude, publi\u00e9e dans la revue <a href=\"https:\/\/pubmed.ncbi.nlm.nih.gov\/41355404\/\" target=\"_blank\" rel=\"noopener\">Cancer<\/a>, a suivi 397 personnes atteintes d&rsquo;un cancer du poumon \u00e0 petites cellules, une forme particuli\u00e8rement agressive. Toutes ont re\u00e7u une association de <a href=\"https:\/\/sante.journaldesfemmes.fr\/fiches-maladies\/2602268-chimiotherapie-traitement-type-protocole-liste-medicaments-effets-secondaires\/\" title=\"Chimioth\u00e9rapie\" target=\"_blank\" rel=\"noopener\">chimioth\u00e9rapie<\/a> et d&rsquo;immunoth\u00e9rapie en d\u00e9but de prise en charge. \u00ab\u00a0Cette \u00e9tude apporte des donn\u00e9es probantes en situation r\u00e9elle confirmant le b\u00e9n\u00e9fice de survie d&rsquo;une administration plus pr\u00e9coce d&rsquo;immunochimioth\u00e9rapie chez ces patients\u00a0\u00bb indiquent les auteurs.\u00a0En comparant les r\u00e9sultats selon l&rsquo;horaire des perfusions, les chercheurs ont effectivement constat\u00e9 que les patients trait\u00e9s avant 15\u00a0heures vivaient plus longtemps et voyaient leur cancer progresser plus tardivement. Ce constat restait vrai m\u00eame pour ceux ayant un pronostic plus sombre au d\u00e9part.<\/p>\n<p>Ce serait donc le matin, surtout, qu&rsquo;il faudrait prendre ses traitements. Pour les scientifiques \u00ab\u00a0ces r\u00e9sultats contribuent \u00e0 l&rsquo;ensemble croissant de connaissances sur la pertinence clinique du rythme circadien dans le traitement du cancer\u00a0\u00bb. Le rythme circadien, ou horloge biologique,\u00a0r\u00e9gule de nombreux m\u00e9canismes, dont les d\u00e9fenses immunitaires. L&rsquo;activit\u00e9 du syst\u00e8me immunitaire varie selon le moment de la journ\u00e9e et pourrait \u00eatre plus favorable le matin, ce qui aiderait le corps \u00e0 mieux r\u00e9pondre au traitement.\u00a0Cette \u00e9tude fait \u00e9cho \u00e0 d&rsquo;autres travaux montrant que l&rsquo;heure d&rsquo;administration de certains m\u00e9dicaments peut influencer leur efficacit\u00e9 ou leurs effets secondaires. La chronobiologie, qui \u00e9tudie ces rythmes, est un domaine de recherche de plus en plus pr\u00e9sent en canc\u00e9rologie.<\/p>\n<p><img decoding=\"async\" alt=\"\" src=\"https:\/\/www.europesays.com\/fr\/wp-content\/uploads\/2025\/12\/40059046.jpg\"\/><\/p>\n<p>Les chercheurs soulignent toutefois qu&rsquo;il s&rsquo;agit d&rsquo;une \u00e9tude r\u00e9trospective, bas\u00e9e sur l&rsquo;analyse de dossiers m\u00e9dicaux, ce qui ne permet pas de conclure de fa\u00e7on d\u00e9finitive. Des essais cliniques plus pouss\u00e9s sont n\u00e9cessaires pour v\u00e9rifier si le fait de traiter le matin am\u00e9liore r\u00e9ellement la survie. Mais les auteurs sont optimistes et estiment qu&rsquo;ajuster l&rsquo;horaire d&rsquo;un traitement est une mesure simple, qui pourrait \u00eatre envisag\u00e9e si les r\u00e9sultats se confirmaient dans de futures \u00e9tudes.\u00a0Pour les personnes actuellement en traitement, cette \u00e9tude ne doit rien modifier\u00a0: les horaires sont organis\u00e9s en fonction du protocole, de la disponibilit\u00e9 des \u00e9quipes et de l&rsquo;\u00e9tat de sant\u00e9 de chacun.<\/p>\n<p>La priorit\u00e9 reste de recevoir une prise en charge r\u00e9guli\u00e8re et adapt\u00e9e.\u00a0Ces travaux ouvrent surtout une piste int\u00e9ressante\u00a0: mieux tenir compte du <a href=\"https:\/\/sante.journaldesfemmes.fr\/fiches-sante-du-quotidien\/2939221-rythme-biologique-sommeil-exemple-c-est-quoi\/\" title=\"Rythme biologique\" target=\"_blank\" rel=\"noopener\">rythme biologique<\/a> pourrait, \u00e0 terme, am\u00e9liorer l&rsquo;efficacit\u00e9 de certains traitements, m\u00eame dans des cancers difficiles \u00e0 soigner.<\/p>\n","protected":false},"excerpt":{"rendered":"Les r\u00e9sultats ont aussi \u00e9t\u00e9 observ\u00e9s quand le pronostic du malade \u00e9tait mauvais. Les traitements du cancer ont&hellip;\n","protected":false},"author":2,"featured_media":599526,"comment_status":"","ping_status":"","sticky":false,"template":"","format":"standard","meta":{"footnotes":""},"categories":[10],"tags":[101,71195,51761,51763,1011,27,72,51766,2778,51767,71],"class_list":{"0":"post-599525","1":"post","2":"type-post","3":"status-publish","4":"format-standard","5":"has-post-thumbnail","7":"category-sante","8":"tag-cancer","9":"tag-cms-journaldesfemmes-3250566","10":"tag-controller-content","11":"tag-format-papier","12":"tag-fr","13":"tag-france","14":"tag-health","15":"tag-les-histoires-du-jdf","16":"tag-maladies","17":"tag-parallaxeinfeed","18":"tag-sante"},"share_on_mastodon":{"url":"https:\/\/pubeurope.com\/@fr\/115720183008835002","error":""},"_links":{"self":[{"href":"https:\/\/www.europesays.com\/fr\/wp-json\/wp\/v2\/posts\/599525","targetHints":{"allow":["GET"]}}],"collection":[{"href":"https:\/\/www.europesays.com\/fr\/wp-json\/wp\/v2\/posts"}],"about":[{"href":"https:\/\/www.europesays.com\/fr\/wp-json\/wp\/v2\/types\/post"}],"author":[{"embeddable":true,"href":"https:\/\/www.europesays.com\/fr\/wp-json\/wp\/v2\/users\/2"}],"replies":[{"embeddable":true,"href":"https:\/\/www.europesays.com\/fr\/wp-json\/wp\/v2\/comments?post=599525"}],"version-history":[{"count":0,"href":"https:\/\/www.europesays.com\/fr\/wp-json\/wp\/v2\/posts\/599525\/revisions"}],"wp:featuredmedia":[{"embeddable":true,"href":"https:\/\/www.europesays.com\/fr\/wp-json\/wp\/v2\/media\/599526"}],"wp:attachment":[{"href":"https:\/\/www.europesays.com\/fr\/wp-json\/wp\/v2\/media?parent=599525"}],"wp:term":[{"taxonomy":"category","embeddable":true,"href":"https:\/\/www.europesays.com\/fr\/wp-json\/wp\/v2\/categories?post=599525"},{"taxonomy":"post_tag","embeddable":true,"href":"https:\/\/www.europesays.com\/fr\/wp-json\/wp\/v2\/tags?post=599525"}],"curies":[{"name":"wp","href":"https:\/\/api.w.org\/{rel}","templated":true}]}}