{"id":599535,"date":"2025-12-14T22:07:19","date_gmt":"2025-12-14T22:07:19","guid":{"rendered":"https:\/\/www.europesays.com\/fr\/599535\/"},"modified":"2025-12-14T22:07:19","modified_gmt":"2025-12-14T22:07:19","slug":"etats-unis-une-personne-arretee-apres-les-tirs-qui-ont-fait-deux-morts-a-luniversite-brown-14-12-2025-a-2033","status":"publish","type":"post","link":"https:\/\/www.europesays.com\/fr\/599535\/","title":{"rendered":"Etats-Unis: une personne arr\u00eat\u00e9e apr\u00e8s les tirs qui ont fait deux morts \u00e0 l&rsquo;universit\u00e9 Brown &#8211; 14\/12\/2025 \u00e0 20:33"},"content":{"rendered":"<p>        <img decoding=\"async\" src=\"https:\/\/www.europesays.com\/fr\/wp-content\/uploads\/2025\/12\/db480da94804bf0797d15ba689c76379-760x507.jpg\" alt=\"Le campus de l'universit\u00e9 Brown, \u00e0 Providence (Rhode Island), le 14 d\u00e9cembre 2025 ( AFP \/ Bing Guan )\" loading=\"eager\" fetchpriority=\"high\" width=\"760\" height=\"507\" style=\"max-width: 100%!important; height: auto;\"\/><\/p>\n<p class=\"c-image-news__legend\">Le campus de l&rsquo;universit\u00e9 Brown, \u00e0 Providence (Rhode Island), le 14 d\u00e9cembre 2025 ( AFP \/ Bing Guan )<\/p>\n<p>\n Une personne a \u00e9t\u00e9 arr\u00eat\u00e9e dimanche par la police dans le cadre de l&rsquo;enqu\u00eate sur les tirs la veille \u00e0 l&rsquo;universit\u00e9 Brown qui ont fait deux morts et neuf bless\u00e9s, tous des \u00e9tudiants, ont annonc\u00e9 les autorit\u00e9s locales.\n<\/p>\n<p>\n \u00ab\u00a0En raison de certains d\u00e9placements, les familles des victimes n&rsquo;ont pas encore pu \u00eatre toutes inform\u00e9es\u00a0\u00bb, a d\u00e9clar\u00e9 lors d&rsquo;une conf\u00e9rence de presse Brett Smiley, le maire de Providence, capitale du petit Etat du Rhode Island (nord-est).\n<\/p>\n<p>\n Il avait affirm\u00e9 plus t\u00f4t lever \u00ab\u00a0avec effet imm\u00e9diat les mesures de confinement mises en place dans l&rsquo;universit\u00e9 Brown\u00a0\u00bb, apr\u00e8s avoir annonc\u00e9 l&rsquo;arrestation d&rsquo;un individu.\n<\/p>\n<p>        <img decoding=\"async\" src=\"https:\/\/www.europesays.com\/fr\/wp-content\/uploads\/2025\/12\/bf34d65b66478e5adc7cc719e0f8669c-760x507.jpg\" alt=\"Le maire de Providence, Brett Smiley, s'exprime lors d'une conf\u00e9rence de presse sur le campus de l'universit\u00e9 Brown, le 14 d\u00e9cembre 2025, au lendemain de tirs qui ont fait deux morts ( AFP \/ Bing Guan )\" loading=\"eager\" fetchpriority=\"high\" width=\"760\" height=\"507\" style=\"max-width: 100%!important; height: auto;\"\/><\/p>\n<p class=\"c-image-news__legend\">Le maire de Providence, Brett Smiley, s&rsquo;exprime lors d&rsquo;une conf\u00e9rence de presse sur le campus de l&rsquo;universit\u00e9 Brown, le 14 d\u00e9cembre 2025, au lendemain de tirs qui ont fait deux morts ( AFP \/ Bing Guan )<\/p>\n<p>\n Pr\u00e9sent \u00e0 ses c\u00f4t\u00e9s, le chef de la police de Providence, Oscar Perez, avait d\u00e9clar\u00e9 que l&rsquo;interpellation \u00e9tait survenue dimanche matin et que les enqu\u00eateurs n&rsquo;\u00e9taient pour le moment pas \u00e0 la recherche d&rsquo;un autre suspect.\n<\/p>\n<p>\n La personne arr\u00eat\u00e9e a \u00ab\u00a0la vingtaine\u00a0\u00bb, a ensuite pr\u00e9cis\u00e9 Oscar Perez, qui a refus\u00e9 de dire si celle-ci avait un lien avec l&rsquo;universit\u00e9.\n<\/p>\n<p>\n Sur les neuf \u00e9tudiants bless\u00e9s, huit l&rsquo;ont \u00e9t\u00e9 gri\u00e8vement mais sont dans un \u00e9tat stable, avait indiqu\u00e9 samedi soir Brett Smiley.\n<\/p>\n<p>\n Plus de 400 membres des forces de l&rsquo;ordre ont \u00e9t\u00e9 d\u00e9ploy\u00e9s pour s\u00e9curiser la zone et retrouver l&rsquo;auteur des faits.\n<\/p>\n<p> &#8211; \u00ab\u00a0Terrible\u00a0\u00bb &#8211;<\/p>\n<p>        <img decoding=\"async\" src=\"https:\/\/www.europesays.com\/fr\/wp-content\/uploads\/2025\/12\/1ad992eb306b64868a9359e22e171d65-760x507.jpg\" alt=\"Les pompiers de Providence (Rhode Island) \u00e0 l'ext\u00e9rieur du b\u00e2timent Barus &amp; Holley \u00e0 l'universit\u00e9 Brown, le 13 d\u00e9cembre 2025 ( AFP \/ Bing Guan )\" loading=\"eager\" fetchpriority=\"high\" width=\"760\" height=\"507\" style=\"max-width: 100%!important; height: auto;\"\/><\/p>\n<p class=\"c-image-news__legend\">Les pompiers de Providence (Rhode Island) \u00e0 l&rsquo;ext\u00e9rieur du b\u00e2timent Barus &amp; Holley \u00e0 l&rsquo;universit\u00e9 Brown, le 13 d\u00e9cembre 2025 ( AFP \/ Bing Guan )<\/p>\n<p>\n Selon Frank Doyle, un responsable de l&rsquo;\u00e9tablissement Brown, les tirs ont eu lieu dans le b\u00e2timent d&rsquo;ing\u00e9nierie et de physique, o\u00f9 se d\u00e9roulaient des examens.\n<\/p>\n<p>\n Joseph Oduro, un attach\u00e9 d&rsquo;enseignement pr\u00e9sent dans la salle au moment des tirs, a racont\u00e9 la sc\u00e8ne \u00e0 CNN.\n<\/p>\n<p>\n \u00ab\u00a0Je me tenais dans l&rsquo;amphith\u00e9\u00e2tre et il est arriv\u00e9 par l&rsquo;arri\u00e8re, donc nous nous sommes regard\u00e9s dans les yeux et d\u00e8s que \u00e7a s&rsquo;est pass\u00e9, j&rsquo;ai regard\u00e9 mes \u00e9tudiants et je leur ai fait signe de venir vers l&rsquo;avant de la salle et apr\u00e8s je me suis juste accroupi\u00a0\u00bb, a-t-il d\u00e9clar\u00e9.\n<\/p>\n<p>\n Le tireur \u00ab\u00a0est entr\u00e9, a point\u00e9 son arme et il a cri\u00e9 quelque chose\u00a0\u00bb, a pr\u00e9cis\u00e9 Joseph Oduro. \u00ab\u00a0Je ne sais pas ce qu&rsquo;il a dit, et aucun des autres \u00e9tudiants ne sait ce qu&rsquo;il a dit, et apr\u00e8s il a juste commenc\u00e9 \u00e0 tirer.\u00a0\u00bb\n<\/p>\n<p>        <img decoding=\"async\" src=\"https:\/\/www.europesays.com\/fr\/wp-content\/uploads\/2025\/12\/76fc5cf25c65504b3cbbe6753e84e0c8-760x506.jpg\" alt=\"Des membres des forces de l'ordre escortent des \u00e9tudiants pr\u00e8s du b\u00e2timent Barus &amp; Holley de l'universit\u00e9 Brown, \u00e0 Providence (Rhode Island), le 13 d\u00e9cembre 2025 ( AFP \/ Bing Guan )\" loading=\"eager\" fetchpriority=\"high\" width=\"760\" height=\"506\" style=\"max-width: 100%!important; height: auto;\"\/><\/p>\n<p class=\"c-image-news__legend\">Des membres des forces de l&rsquo;ordre escortent des \u00e9tudiants pr\u00e8s du b\u00e2timent Barus &amp; Holley de l&rsquo;universit\u00e9 Brown, \u00e0 Providence (Rhode Island), le 13 d\u00e9cembre 2025 ( AFP \/ Bing Guan )<\/p>\n<p>\n \u00ab\u00a0Quelle chose terrible\u00a0\u00bb, avait d\u00e9clar\u00e9 Donald Trump samedi soir \u00e0 propos de l&rsquo;attaque \u00e0 l&rsquo;universit\u00e9 Brown.\n<\/p>\n<p>\n Lors d&rsquo;un \u00e9v\u00e9nement \u00e0 la Maison Blanche dimanche, il a offert ses condol\u00e9ances aux familles des deux \u00e9tudiants tu\u00e9s et a souhait\u00e9 un prompt r\u00e9tablissement aux bless\u00e9s.\n<\/p>\n<p>\n \u00ab\u00a0Super universit\u00e9, vraiment l&rsquo;une des meilleures au monde, ces choses peuvent arriver\u00a0\u00bb, a d\u00e9clar\u00e9 le pr\u00e9sident am\u00e9ricain.\n<\/p>\n<p> &#8211; Lobby &#8211;<\/p>\n<p>\n Avec plus d&rsquo;armes \u00e0 feu en circulation que d&rsquo;habitants, les Etats-Unis affichent le taux de mortalit\u00e9 par armes \u00e0 feu le plus \u00e9lev\u00e9 de tous les pays d\u00e9velopp\u00e9s.\n<\/p>\n<p>\n Les tueries sont un fl\u00e9au r\u00e9current que les gouvernements successifs n&rsquo;ont jusqu&rsquo;\u00e0 pr\u00e9sent pas r\u00e9ussi \u00e0 endiguer, de nombreux Am\u00e9ricains restant tr\u00e8s attach\u00e9s au port d&rsquo;arme, garanti par la Constitution.\n<\/p>\n<p>\n Le s\u00e9nateur d\u00e9mocrate Chris Murphy a d\u00e9nonc\u00e9 dimanche sur CNN les mesures prises par l&rsquo;administration Trump qui selon lui rendent plus probable la violence par armes \u00e0 feu.\n<\/p>\n<p>        <img decoding=\"async\" src=\"https:\/\/www.europesays.com\/fr\/wp-content\/uploads\/2025\/12\/535abbdd7225cb0b52ff7084662f2ee7-760x507.jpg\" alt=\"Une polici\u00e8re de l'universit\u00e9 Brown d\u00e9limite le p\u00e9rim\u00e8tre autour du b\u00e2timent Barus &amp; Holley o\u00f9 ont eu lieu des tirs, le 13 d\u00e9cembre 2025, \u00e0 Providence (Rhode Island) ( AFP \/ Bing Guan )\" loading=\"eager\" fetchpriority=\"high\" width=\"760\" height=\"507\" style=\"max-width: 100%!important; height: auto;\"\/><\/p>\n<p class=\"c-image-news__legend\">Une polici\u00e8re de l&rsquo;universit\u00e9 Brown d\u00e9limite le p\u00e9rim\u00e8tre autour du b\u00e2timent Barus &amp; Holley o\u00f9 ont eu lieu des tirs, le 13 d\u00e9cembre 2025, \u00e0 Providence (Rhode Island) ( AFP \/ Bing Guan )<\/p>\n<p>\n \u00ab\u00a0Il redonne sciemment le droit de porter une arme \u00e0 des gens dangereux\u00a0\u00bb, a lanc\u00e9 l&rsquo;\u00e9lu du Connecticut qui estime que le pr\u00e9sident r\u00e9publicain est \u00ab\u00a0\u00e0 la botte\u00a0\u00bb du lobby de l&rsquo;industrie des armes \u00e0 feu et que des mesures efficaces pour lutter contre cette violence sont donc peu probables.\n<\/p>\n<p>\n En 2024, plus de 16.000 personnes, sans compter les suicides, ont \u00e9t\u00e9 tu\u00e9es par arme \u00e0 feu, selon le site Gun Violence Archive.\n<\/p>\n<p>\n L&rsquo;histoire am\u00e9ricaine r\u00e9cente est jalonn\u00e9e de tueries, sans qu&rsquo;aucun lieu de la vie quotidienne ne semble \u00e0 l&rsquo;abri, de l&rsquo;entreprise \u00e0 l&rsquo;\u00e9glise, du supermarch\u00e9 \u00e0 la discoth\u00e8que, de la voie publique aux transports en commun.\n<\/p>\n<p>\n La fusillade la plus meurtri\u00e8re en milieu scolaire de l&rsquo;histoire des Etats-Unis a eu lieu en avril 2007: un \u00e9tudiant avait abattu 32 personnes sur le campus de l&rsquo;universit\u00e9 Virginia Tech avant de se suicider.<\/p>\n","protected":false},"excerpt":{"rendered":"Le campus de l&rsquo;universit\u00e9 Brown, \u00e0 Providence (Rhode Island), le 14 d\u00e9cembre 2025 ( AFP \/ Bing Guan&hellip;\n","protected":false},"author":2,"featured_media":599536,"comment_status":"","ping_status":"","sticky":false,"template":"","format":"standard","meta":{"footnotes":""},"categories":[5],"tags":[400,11,398,408,405,1011,27,403,14,402,399,404,12,401,406,407,28],"class_list":{"0":"post-599535","1":"post","2":"type-post","3":"status-publish","4":"format-standard","5":"has-post-thumbnail","7":"category-international","8":"tag-action-cac-40","9":"tag-actualites","10":"tag-bourse-de-paris","11":"tag-boursorama","12":"tag-cotations","13":"tag-fr","14":"tag-france","15":"tag-indices-devises","16":"tag-international","17":"tag-investir","18":"tag-investissement","19":"tag-marche-boursier","20":"tag-news","21":"tag-sicav","22":"tag-trackers","23":"tag-warrants","24":"tag-world"},"share_on_mastodon":{"url":"https:\/\/pubeurope.com\/@fr\/115720202582999596","error":""},"_links":{"self":[{"href":"https:\/\/www.europesays.com\/fr\/wp-json\/wp\/v2\/posts\/599535","targetHints":{"allow":["GET"]}}],"collection":[{"href":"https:\/\/www.europesays.com\/fr\/wp-json\/wp\/v2\/posts"}],"about":[{"href":"https:\/\/www.europesays.com\/fr\/wp-json\/wp\/v2\/types\/post"}],"author":[{"embeddable":true,"href":"https:\/\/www.europesays.com\/fr\/wp-json\/wp\/v2\/users\/2"}],"replies":[{"embeddable":true,"href":"https:\/\/www.europesays.com\/fr\/wp-json\/wp\/v2\/comments?post=599535"}],"version-history":[{"count":0,"href":"https:\/\/www.europesays.com\/fr\/wp-json\/wp\/v2\/posts\/599535\/revisions"}],"wp:featuredmedia":[{"embeddable":true,"href":"https:\/\/www.europesays.com\/fr\/wp-json\/wp\/v2\/media\/599536"}],"wp:attachment":[{"href":"https:\/\/www.europesays.com\/fr\/wp-json\/wp\/v2\/media?parent=599535"}],"wp:term":[{"taxonomy":"category","embeddable":true,"href":"https:\/\/www.europesays.com\/fr\/wp-json\/wp\/v2\/categories?post=599535"},{"taxonomy":"post_tag","embeddable":true,"href":"https:\/\/www.europesays.com\/fr\/wp-json\/wp\/v2\/tags?post=599535"}],"curies":[{"name":"wp","href":"https:\/\/api.w.org\/{rel}","templated":true}]}}