{"id":599540,"date":"2025-12-14T22:10:31","date_gmt":"2025-12-14T22:10:31","guid":{"rendered":"https:\/\/www.europesays.com\/fr\/599540\/"},"modified":"2025-12-14T22:10:31","modified_gmt":"2025-12-14T22:10:31","slug":"la-circulation-sera-perturbee-cette-semaine","status":"publish","type":"post","link":"https:\/\/www.europesays.com\/fr\/599540\/","title":{"rendered":"la circulation sera perturb\u00e9e cette semaine"},"content":{"rendered":"<p>Sur la RN88<\/p>\n<p>\u00c0 La Ricamarie<\/p>\n<p>En raison d&rsquo;am\u00e9nagements acoustiques dans le sens Le Puy\/Saint-\u00c9tienne, la bretelle de sortie n\u00b028 \u00ab La Ricamarie \u00bb est ferm\u00e9e \u00e0 la circulation de mani\u00e8re permanente jusqu\u2019au 19 d\u00e9cembre.<\/p>\n<p>Par ailleurs, dans le sens Le Puy\/Saint-Etienne, la voie de droite sera neutralis\u00e9e la journ\u00e9e du jeudi 18 d\u00e9cembre de 9 \u00e0 16 heures.<\/p>\n<p>Dans le sens Saint-Etienne\/Le Puy, la voie de droite sera neutralis\u00e9e les journ\u00e9es du lundi 15, du mardi 16, du mercredi 17 et du jeudi 18 d\u00e9cembre de 9 \u00e0 16 heures.<\/p>\n<p>\u00c0 Saint-Etienne<\/p>\n<p>Un relev\u00e9 d&rsquo;ouvrage d\u2019art doit \u00eatre r\u00e9alis\u00e9. En cons\u00e9quence, dans le sens Saint-Etienne\/Lyon, la voie de droite sera neutralis\u00e9e la journ\u00e9e du mercredi 17 d\u00e9cembre de 9 \u00e0 14 heures.<\/p>\n<p>Sur l&rsquo;A47<\/p>\n<p>\u00c0 Saint-Chamond<\/p>\n<p>En raison d&rsquo;un \u00e9lagage de talus dans le sens Lyon\/Saint-Etienne, la voie de droite sera neutralis\u00e9e les journ\u00e9es du lundi 15, du mardi 16, du mercredi 17 et du jeudi 18 d\u00e9cembre de 9 \u00e0 16 heures.<\/p>\n<p>Sur l&rsquo;A72<\/p>\n<p>Entre Saint-Etienne et Andr\u00e9zieux<\/p>\n<p>Des panneaux corridors de s\u00e9curit\u00e9 vont \u00eatre install\u00e9s. La voie de droite sera donc neutralis\u00e9e dans le sens Saint-Etienne\/Andr\u00e9zieux, les journ\u00e9es du mercredi 17 et du jeudi 18 d\u00e9cembre de 9 \u00e0 16 heures.<\/p>\n<p class=\"note\">Pour plus d\u2019informations sur les conditions de circulation sur le r\u00e9seau de la DIR Centre-Est\u00a0: <a href=\"http:\/\/www.dir-centre-est.fr\" target=\"_blank\" rel=\"noopener\">www.dir-centre-est.fr<\/a>.<\/p>\n","protected":false},"excerpt":{"rendered":"Sur la RN88 \u00c0 La Ricamarie En raison d&rsquo;am\u00e9nagements acoustiques dans le sens Le Puy\/Saint-\u00c9tienne, la bretelle de&hellip;\n","protected":false},"author":2,"featured_media":599541,"comment_status":"","ping_status":"","sticky":false,"template":"","format":"standard","meta":{"footnotes":""},"categories":[9653],"tags":[1111,11,2430,3542,7539,1777,674,1011,27,3367,12,25,4001,2086],"class_list":{"0":"post-599540","1":"post","2":"type-post","3":"status-publish","4":"format-standard","5":"has-post-thumbnail","7":"category-saint-etienne","8":"tag-actu","9":"tag-actualites","10":"tag-auvergne-rhone-alpes","11":"tag-circulation","12":"tag-edition-loire-sud","13":"tag-eu","14":"tag-europe","15":"tag-fr","16":"tag-france","17":"tag-loire","18":"tag-news","19":"tag-republique-francaise","20":"tag-saint-etienne","21":"tag-travaux"},"share_on_mastodon":{"url":"https:\/\/pubeurope.com\/@fr\/115720213277846062","error":""},"_links":{"self":[{"href":"https:\/\/www.europesays.com\/fr\/wp-json\/wp\/v2\/posts\/599540","targetHints":{"allow":["GET"]}}],"collection":[{"href":"https:\/\/www.europesays.com\/fr\/wp-json\/wp\/v2\/posts"}],"about":[{"href":"https:\/\/www.europesays.com\/fr\/wp-json\/wp\/v2\/types\/post"}],"author":[{"embeddable":true,"href":"https:\/\/www.europesays.com\/fr\/wp-json\/wp\/v2\/users\/2"}],"replies":[{"embeddable":true,"href":"https:\/\/www.europesays.com\/fr\/wp-json\/wp\/v2\/comments?post=599540"}],"version-history":[{"count":0,"href":"https:\/\/www.europesays.com\/fr\/wp-json\/wp\/v2\/posts\/599540\/revisions"}],"wp:featuredmedia":[{"embeddable":true,"href":"https:\/\/www.europesays.com\/fr\/wp-json\/wp\/v2\/media\/599541"}],"wp:attachment":[{"href":"https:\/\/www.europesays.com\/fr\/wp-json\/wp\/v2\/media?parent=599540"}],"wp:term":[{"taxonomy":"category","embeddable":true,"href":"https:\/\/www.europesays.com\/fr\/wp-json\/wp\/v2\/categories?post=599540"},{"taxonomy":"post_tag","embeddable":true,"href":"https:\/\/www.europesays.com\/fr\/wp-json\/wp\/v2\/tags?post=599540"}],"curies":[{"name":"wp","href":"https:\/\/api.w.org\/{rel}","templated":true}]}}