{"id":599542,"date":"2025-12-14T22:11:13","date_gmt":"2025-12-14T22:11:13","guid":{"rendered":"https:\/\/www.europesays.com\/fr\/599542\/"},"modified":"2025-12-14T22:11:13","modified_gmt":"2025-12-14T22:11:13","slug":"les-chants-meles-envoutent-leglise-saint-etienne-pour-noel-a-villemoustaussou","status":"publish","type":"post","link":"https:\/\/www.europesays.com\/fr\/599542\/","title":{"rendered":"Les Chants m\u00eal\u00e9s envo\u00fbtent l\u2019\u00e9glise Saint-\u00c9tienne pour No\u00ebl \u00e0 Villemoustaussou"},"content":{"rendered":"<p>En l\u2019\u00e9glise Saint-\u00c9tienne, se tenait le concert de No\u00ebl des Chants m\u00eal\u00e9s, l\u2019ensemble vocal de Carcassonne. Sous la direction de Michel Vidal, les choristes ont interpr\u00e9t\u00e9 une s\u00e9lection de chants sacr\u00e9s et classiques de No\u00ebl qui ont enchant\u00e9 la centaine de spectateurs venus remplir les bancs de l\u2019\u00e9glise. Les applaudissements nourris ont t\u00e9moign\u00e9 de la qualit\u00e9 de la prestation. Il faut dire que le lieu, avec son atmosph\u00e8re solennelle, sa nef \u00e9clair\u00e9e de rouge et son acoustique si particuli\u00e8re, a offert aux choristes un \u00e9crin \u00e0 la hauteur de leur talent. Les Chants m\u00eal\u00e9s ont ainsi propos\u00e9 une parenth\u00e8se authentique et hors du temps, dans le plus pur esprit de No\u00ebl.<\/p>\n","protected":false},"excerpt":{"rendered":"En l\u2019\u00e9glise Saint-\u00c9tienne, se tenait le concert de No\u00ebl des Chants m\u00eal\u00e9s, l\u2019ensemble vocal de Carcassonne. Sous la&hellip;\n","protected":false},"author":2,"featured_media":599543,"comment_status":"","ping_status":"","sticky":false,"template":"","format":"standard","meta":{"footnotes":""},"categories":[9653],"tags":[1111,11,4086,2430,4156,872,1777,674,1011,27,12,25,4001,71197],"class_list":{"0":"post-599542","1":"post","2":"type-post","3":"status-publish","4":"format-standard","5":"has-post-thumbnail","7":"category-saint-etienne","8":"tag-actu","9":"tag-actualites","10":"tag-aude","11":"tag-auvergne-rhone-alpes","12":"tag-concerts","13":"tag-culture-et-loisirs","14":"tag-eu","15":"tag-europe","16":"tag-fr","17":"tag-france","18":"tag-news","19":"tag-republique-francaise","20":"tag-saint-etienne","21":"tag-villemoustaussou"},"share_on_mastodon":{"url":"https:\/\/pubeurope.com\/@fr\/115720217130839109","error":""},"_links":{"self":[{"href":"https:\/\/www.europesays.com\/fr\/wp-json\/wp\/v2\/posts\/599542","targetHints":{"allow":["GET"]}}],"collection":[{"href":"https:\/\/www.europesays.com\/fr\/wp-json\/wp\/v2\/posts"}],"about":[{"href":"https:\/\/www.europesays.com\/fr\/wp-json\/wp\/v2\/types\/post"}],"author":[{"embeddable":true,"href":"https:\/\/www.europesays.com\/fr\/wp-json\/wp\/v2\/users\/2"}],"replies":[{"embeddable":true,"href":"https:\/\/www.europesays.com\/fr\/wp-json\/wp\/v2\/comments?post=599542"}],"version-history":[{"count":0,"href":"https:\/\/www.europesays.com\/fr\/wp-json\/wp\/v2\/posts\/599542\/revisions"}],"wp:featuredmedia":[{"embeddable":true,"href":"https:\/\/www.europesays.com\/fr\/wp-json\/wp\/v2\/media\/599543"}],"wp:attachment":[{"href":"https:\/\/www.europesays.com\/fr\/wp-json\/wp\/v2\/media?parent=599542"}],"wp:term":[{"taxonomy":"category","embeddable":true,"href":"https:\/\/www.europesays.com\/fr\/wp-json\/wp\/v2\/categories?post=599542"},{"taxonomy":"post_tag","embeddable":true,"href":"https:\/\/www.europesays.com\/fr\/wp-json\/wp\/v2\/tags?post=599542"}],"curies":[{"name":"wp","href":"https:\/\/api.w.org\/{rel}","templated":true}]}}