{"id":599547,"date":"2025-12-14T22:18:31","date_gmt":"2025-12-14T22:18:31","guid":{"rendered":"https:\/\/www.europesays.com\/fr\/599547\/"},"modified":"2025-12-14T22:18:31","modified_gmt":"2025-12-14T22:18:31","slug":"champions-cup-toulon-montre-son-vrai-visage-et-renoue-avec-la-victoire-en-europe","status":"publish","type":"post","link":"https:\/\/www.europesays.com\/fr\/599547\/","title":{"rendered":"Champions Cup : Toulon montre son vrai visage et renoue avec la victoire en Europe"},"content":{"rendered":"<p>\u00ab\u00a0Beaucoup de monde pensait qu&rsquo;on \u00e9tait morts et absents de cette comp\u00e9tition. On n&rsquo;est pas morts, encore moins aujourd&rsquo;hui apr\u00e8s ce match.\u00a0\u00bb Pierre Mignoni a tenu des mots forts hier, quelques minutes seulement apr\u00e8s la victoire de son \u00e9quipe face \u00e0 Bath (45-34).<\/p>\n<p>Si tout n&rsquo;a pas \u00e9t\u00e9 parfait, <a href=\"https:\/\/www.laprovence.com\/article\/sports\/85285114257353\/rugby-champions-cup-victoire-deja-obligatoire-pour-toulon-contre-le-bath-de-finn-russell\" target=\"_blank\" rel=\"noopener\">le RCT s&rsquo;est rattrap\u00e9<\/a> de tr\u00e8s belle mani\u00e8re apr\u00e8s sa d\u00e9faite en \u00c9cosse une semaine plus t\u00f4t en venant \u00e0 bout d&rsquo;un champion d&rsquo;Angleterre tenace et \u00e0 l&rsquo;aff\u00fbt. Les joueurs de Bath ont profit\u00e9 de toutes les erreurs varoises pour maintenir un long suspense sur le stade Mayol mais ce Toulon-l\u00e0 a bien montr\u00e9 sa capacit\u00e9 \u00e0 r\u00e9agir en marquant une fois de plus \u00e0 chaque fois que les Anglais revenaient au score.<\/p>\n<p>\u00ab\u00a0On a fait des erreurs, comme \u00e0 chaque rencontre, mais on a su rattraper les coups \u00e0 chaque fois. On a \u00e9t\u00e9 capables de rectifier le tir tout au long du match\u00a0\u00bb, a confi\u00e9 le troisi\u00e8me ligne <a href=\"https:\/\/www.laprovence.com\/article\/sports\/7690056739270614\/rugby-top-14-neuf-mois-apres-sa-blessure-au-genou-ollivon-fait-son-retour-avec-toulon-contre-pau\" target=\"_blank\" rel=\"noopener\">Charles Ollivon.<\/a><\/p>\n<p>Des erreurs qui ont co\u00fbt\u00e9 plus ou moins cher mais qui ont pouss\u00e9 le Rugby Club Toulonnais \u00e0 encaisser quatre essais au total, soit l&rsquo;\u00e9quivalent du point de bonus offensif pour le champion d&rsquo;Angleterre.<\/p>\n<p>Mignoni : \u00ab\u00a0Rien n&rsquo;est fait\u00a0\u00bb<\/p>\n<p>Ce seul point qui permet \u00e0 Bath de prendre la t\u00eate de la poule avec une petite unit\u00e9 d&rsquo;avance sur toutes les autres formations, dont Toulon, d\u00e9finitivement relanc\u00e9 dans la course \u00e0 la qualification. \u00ab\u00a0Il reste deux matches, il faudra capitaliser et on fera les comptes \u00e0 la fin, a pr\u00e9venu Pierre Mignoni. Pour l&rsquo;instant on n&rsquo;est ni qualifi\u00e9s ni \u00e9limin\u00e9s, rien n&rsquo;est fait.\u00a0\u00bb<\/p>\n<p>La r\u00e9ception du Munster le 11 janvier prochain permettra d&rsquo;en savoir plus sur les chances de Toulon en Champions Cup. Avant \u00e7a, le club rouge et noir va retrouver le Top 14 en se rendant \u00e0 Bordeaux la semaine prochaine. L&rsquo;occasion pour les Toulonnais de montrer qu&rsquo;ils ont retenu les le\u00e7ons des semaines pass\u00e9es : \u00ab\u00a0Il faut vraiment qu&rsquo;on arrive \u00e0 reproduire cette performance \u00e0 l&rsquo;ext\u00e9rieur et qu&rsquo;on ne montre pas deux visages diff\u00e9rents, a demand\u00e9 Pierre Mignoni. Je crois qu&rsquo;on en a un peu marre.\u00a0\u00bb<\/p>\n<p>Toulon 45-34 Bath<\/p>\n<p>Stade Mayol.<br \/>Mi-temps : 18-13.<br \/>Arbitre : Nika Amashukeli (GEO).<br \/>Spectateurs : 14861.<br \/>Les points &#8211; RCT : 5 essais Alainu&rsquo;uese (13), Brex (33), Dr\u00e9an (55), Ludlam (66), Baubigny (80), 4 transformations Garcia (13, 55, 66, 80), 4 p\u00e9nalit\u00e9s Garcia (19, 25, 47, 74). Bath : 4 essais Hill (21), Carreras (51), Green (60), Hennessey (75), 4 transformations Russell (21, 51, 60, 75), 2 p\u00e9nalit\u00e9s Russell (9, 16).<br \/>Toulon : Fert\u00e9 &#8211; Dr\u00e9an, Brex (Smaili, 74), Sinzelle, Tuicuvu &#8211; (o) Garcia, (m) Serin (White, 67) &#8211; Ollivon (cap.), Mercer (Abadie, 61), Ludlam (Quere-Karaba, 80) &#8211; Alainu&rsquo;uese, S. Rebbadj (Mezou, 67) &#8211; Sinckler, Lucchesi (Baubigny, MT), Gros (Priso, 59). <br \/>Entra\u00eeneur : Pierre Mignoni.<br \/>Bath : Carreras &#8211; Cokanasiga, Ojomoh, Redpath (Hennessey, 68), Arundell &#8211; (o) Russell (cap.), (m) Carr-Smith (Le Roux, 75) &#8211; Underhill (Green, 58), Barbeary (Reid, 58), Hill &#8211; Molony, Roux (Richards, 58) &#8211; Sela (Du Toit, 58), Dunn (Tuipulotu, 58), Obano (Van Wyk, 58). <br \/>Entra\u00eeneur : Johann van Graan.<\/p>\n","protected":false},"excerpt":{"rendered":"\u00ab\u00a0Beaucoup de monde pensait qu&rsquo;on \u00e9tait morts et absents de cette comp\u00e9tition. On n&rsquo;est pas morts, encore moins&hellip;\n","protected":false},"author":2,"featured_media":599548,"comment_status":"","ping_status":"","sticky":false,"template":"","format":"standard","meta":{"footnotes":""},"categories":[9619],"tags":[17,1111,11,6828,6829,1777,674,1011,27,15422,12,882,25,479,3711,60,2310,17151],"class_list":{"0":"post-599547","1":"post","2":"type-post","3":"status-publish","4":"format-standard","5":"has-post-thumbnail","7":"category-toulon","8":"tag-17","9":"tag-actu","10":"tag-actualites","11":"tag-champions","12":"tag-cup","13":"tag-eu","14":"tag-europe","15":"tag-fr","16":"tag-france","17":"tag-montre","18":"tag-news","19":"tag-provence-alpes-cote-dazur","20":"tag-republique-francaise","21":"tag-rugby","22":"tag-son","23":"tag-sports","24":"tag-toulon","25":"tag-vrai"},"share_on_mastodon":{"url":"https:\/\/pubeurope.com\/@fr\/115720244809883290","error":""},"_links":{"self":[{"href":"https:\/\/www.europesays.com\/fr\/wp-json\/wp\/v2\/posts\/599547","targetHints":{"allow":["GET"]}}],"collection":[{"href":"https:\/\/www.europesays.com\/fr\/wp-json\/wp\/v2\/posts"}],"about":[{"href":"https:\/\/www.europesays.com\/fr\/wp-json\/wp\/v2\/types\/post"}],"author":[{"embeddable":true,"href":"https:\/\/www.europesays.com\/fr\/wp-json\/wp\/v2\/users\/2"}],"replies":[{"embeddable":true,"href":"https:\/\/www.europesays.com\/fr\/wp-json\/wp\/v2\/comments?post=599547"}],"version-history":[{"count":0,"href":"https:\/\/www.europesays.com\/fr\/wp-json\/wp\/v2\/posts\/599547\/revisions"}],"wp:featuredmedia":[{"embeddable":true,"href":"https:\/\/www.europesays.com\/fr\/wp-json\/wp\/v2\/media\/599548"}],"wp:attachment":[{"href":"https:\/\/www.europesays.com\/fr\/wp-json\/wp\/v2\/media?parent=599547"}],"wp:term":[{"taxonomy":"category","embeddable":true,"href":"https:\/\/www.europesays.com\/fr\/wp-json\/wp\/v2\/categories?post=599547"},{"taxonomy":"post_tag","embeddable":true,"href":"https:\/\/www.europesays.com\/fr\/wp-json\/wp\/v2\/tags?post=599547"}],"curies":[{"name":"wp","href":"https:\/\/api.w.org\/{rel}","templated":true}]}}