{"id":599549,"date":"2025-12-14T22:19:14","date_gmt":"2025-12-14T22:19:14","guid":{"rendered":"https:\/\/www.europesays.com\/fr\/599549\/"},"modified":"2025-12-14T22:19:14","modified_gmt":"2025-12-14T22:19:14","slug":"celebrez-noel-avec-les-creations-gourmandes-des-freres-pourcel-et-du-chef-nicolas-faujanet","status":"publish","type":"post","link":"https:\/\/www.europesays.com\/fr\/599549\/","title":{"rendered":"c\u00e9l\u00e9brez No\u00ebl avec les cr\u00e9ations gourmandes des fr\u00e8res Pourcel et du chef Nicolas Faujanet"},"content":{"rendered":"<p>                    Par<br \/>\n        <strong><br \/>\n            <a href=\"https:\/\/actu.fr\/auteur\/metropoop\" title=\"Consulter tous les articles de R\u00e9daction M\u00e9tropolitain\" target=\"_blank\" rel=\"noopener\">R\u00e9daction M\u00e9tropolitain<\/a><br \/>\n                    <\/strong><\/p>\n<p>        Publi\u00e9 le<\/p>\n<p>            14 d\u00e9c. 2025 \u00e0 19h48        <\/p>\n<p>\u00c0 l\u2019approche des f\u00eates de fin d\u2019ann\u00e9e, <strong>Jacques et Laurent Pourcel<\/strong>, accompagn\u00e9s du<strong> chef Nicolas Faujanet<\/strong>, d\u00e9voilent une <strong>collection de cr\u00e9ations de No\u00ebl \u00e0 emporter<\/strong>, inspir\u00e9e de l\u2019univers du <strong>Terminal#1<\/strong> \u00e0 Montpellier.<\/p>\n<p>L\u2019esprit du Terminal#1 chez soi<\/p>\n<p class=\" wall-content\">Pour les f\u00eates, les chefs Jacques et Laurent Pourcel, associ\u00e9s au chef Nicolas Faujanet, proposent donc une s\u00e9lection de cr\u00e9ations culinaires <strong>disponibles sur commande<\/strong>. Pens\u00e9e pour <strong>prolonger l\u2019exp\u00e9rience gastronomique<\/strong> du Terminal#1 \u00e0 domicile, cette collection s\u2019adresse \u00e0 celles et ceux qui souhaitent composer une table festive autour de produits travaill\u00e9s avec soin.<\/p>\n<p>    <img   decoding=\"async\" loading=\"lazy\" src=\"https:\/\/www.europesays.com\/fr\/wp-content\/uploads\/2025\/12\/22-960x640.jpg\" alt=\"Le foie gras maison et son insert \u00e0 la figue. \" width=\"960\" height=\"640\"\/><br \/>\n    Le foie gras maison et son insert \u00e0 la figue. (\u00a9DR \/ Terminal#1)Des incontournables des tables de f\u00eate<\/p>\n<p class=\" wall-content\">Parmi les propositions phares figurent un<strong> foie gras maison<\/strong>, d\u00e9licatement parfum\u00e9 et relev\u00e9 d\u2019un insert de figue, ainsi qu\u2019un <strong>saumon pr\u00e9par\u00e9 et fum\u00e9<\/strong> avec soin par les \u00e9quipes du restaurant. L\u2019offre s\u2019accompagne \u00e9galement d\u2019une <strong>gamme de b\u00fbches de No\u00ebl<\/strong>, imagin\u00e9es pour cl\u00f4turer les repas de f\u00eate.<\/p>\n<p class=\" wall-content\">Deux cr\u00e9ations sont mises \u00e0 l\u2019honneur : une <strong>b\u00fbche coco<\/strong>, compos\u00e9e d\u2019une mousse l\u00e9g\u00e8re coco exotique, d\u2019un insert passion et d\u2019un voile d\u00e9licat de noix de coco, et une<strong> b\u00fbche chocolat<\/strong>, associant une mousse au chocolat noir 70 % \u00e0 un croquant pralin\u00e9 fondant.<\/p>\n<p>Vid\u00e9os : en ce moment sur Actu<br \/>\n    <img   decoding=\"async\" loading=\"lazy\" src=\"https:\/\/www.europesays.com\/fr\/wp-content\/uploads\/2025\/12\/20-960x640.jpg\" alt=\"La b\u00fbche au chocolat. \" width=\"960\" height=\"640\"\/><br \/>\n    La b\u00fbche au chocolat. (\u00a9DR \/ Terminal#1)<br \/>\n    <a href=\"https:\/\/www.google.com\/maps\/embed?pb=!1m18!1m12!1m3!1d23117.547395029404!2d3.9068335999999992!3d43.5921017!2m3!1f0!2f0!3f0!3m2!1i1024!2i768!4f13.1!3m3!1m2!1s0x12b6a5602dc84333%3A0xd385f3a3c2cd9d04!2sTerminal%20%231!5e0!3m2!1sfr!2sfr!4v1765737591517!5m2!1sfr!2sfr\" title=\"Ouvrie le lien\" target=\"_blank\" rel=\"noopener\">Cliquez ici pour visualiser le contenu<\/a><\/p>\n<p>Votre r\u00e9gion, votre actu !<\/p>\n<p>Recevez chaque jour les infos qui comptent pour vous.<\/p>\n<p>\t<a href=\"https:\/\/actu.fr\/newsletter\" class=\"ac-btn ac-btn--corner ac-btn--medium ac-btn--blue800\" target=\"_blank\" rel=\"noopener\">S&rsquo;incrire<\/a><br \/>\nBons cadeaux et id\u00e9es \u00e0 offrir<\/p>\n<p class=\" wall-content\">Le Terminal#1 propose \u00e9galement des bons cadeaux, disponibles avec des <strong>montants pr\u00e9d\u00e9finis ou personnalisables<\/strong>. Retirables sur place ou commandables en ligne, ils sont pr\u00e9sent\u00e9s dans une enveloppe soign\u00e9e, pr\u00eate \u00e0 \u00eatre offerte. Le montant minimum est fix\u00e9 \u00e0 46\u20ac, pour une dur\u00e9e de validit\u00e9 d\u2019un an.<\/p>\n<p>    <img   decoding=\"async\" loading=\"lazy\" src=\"https:\/\/www.europesays.com\/fr\/wp-content\/uploads\/2025\/12\/2-5-960x640.jpg\" alt=\"Nicolas Faujanet et Laurent Pourcel. \" width=\"960\" height=\"640\"\/><br \/>\n    Nicolas Faujanet et Laurent Pourcel. (\u00a9DR \/ Terminal#1)Ouvertures exceptionnelles pendant les f\u00eates<\/p>\n<p class=\" wall-content\">Par ailleurs, le Terminal#1 accueillera le public le<strong> 25 d\u00e9cembre au d\u00e9jeuner<\/strong>, le <strong>31 d\u00e9cembre en soir\u00e9e<\/strong> et le <strong>1er janvier au d\u00e9jeuner<\/strong>. L\u2019\u00e9tablissement promet une parenth\u00e8se conviviale, port\u00e9e par un d\u00e9cor sp\u00e9cialement imagin\u00e9 pour les f\u00eates. Les r\u00e9servations sont d\u2019ores et d\u00e9j\u00e0 ouvertes.\u00a0<\/p>\n<p><strong>&gt; Pratique :<\/strong> Le Terminal#1, \u00e0 Montpellier. Plus d\u2019informations <a href=\"https:\/\/www.terminalpourcel.com\" target=\"_blank\" rel=\"noopener\">par ici<\/a>. Pour r\u00e9server, c\u2019est au 04 99 58 38 38 ou par mail \u00e0 l\u2019adresse <a href=\"https:\/\/actu.fr\/cdn-cgi\/l\/email-protection\" class=\"__cf_email__\" data-cfemail=\"b3c1d6c0d2f3c7d6c1dedaddd2dfc3dcc6c1d0d6df9dd0dcde\" target=\"_blank\" rel=\"noopener\">[email\u00a0protected]<\/a><\/p>\n<p class=\" wall-content\">Personnalisez votre actualit\u00e9 en ajoutant vos villes et m\u00e9dias en favori avec <a href=\"https:\/\/moncompte.actu.fr\" title=\"D\u00e9couvez Mon Actu\" rel=\"nofollow noopener\" data-trk=\"{&quot;cta&quot;:{&quot;action&quot;:&quot;https:\\\/\\\/moncompte.actu.fr&quot;,&quot;category&quot;:&quot;mon compte&quot;,&quot;from&quot;:&quot;article footer&quot;,&quot;name&quot;:&quot;Mon actu&quot;,&quot;type&quot;:&quot;cta&quot;}}\" target=\"_blank\">Mon Actu<\/a>.<\/p>\n","protected":false},"excerpt":{"rendered":"Par R\u00e9daction M\u00e9tropolitain Publi\u00e9 le 14 d\u00e9c. 2025 \u00e0 19h48 \u00c0 l\u2019approche des f\u00eates de fin d\u2019ann\u00e9e, Jacques&hellip;\n","protected":false},"author":2,"featured_media":599550,"comment_status":"","ping_status":"","sticky":false,"template":"","format":"standard","meta":{"footnotes":""},"categories":[9599],"tags":[1111,11,1777,674,1011,27,1305,2208,12,2680,25],"class_list":{"0":"post-599549","1":"post","2":"type-post","3":"status-publish","4":"format-standard","5":"has-post-thumbnail","7":"category-montpellier","8":"tag-actu","9":"tag-actualites","10":"tag-eu","11":"tag-europe","12":"tag-fr","13":"tag-france","14":"tag-lifestyle","15":"tag-montpellier","16":"tag-news","17":"tag-occitanie","18":"tag-republique-francaise"},"share_on_mastodon":{"url":"https:\/\/pubeurope.com\/@fr\/115720249969607377","error":""},"_links":{"self":[{"href":"https:\/\/www.europesays.com\/fr\/wp-json\/wp\/v2\/posts\/599549","targetHints":{"allow":["GET"]}}],"collection":[{"href":"https:\/\/www.europesays.com\/fr\/wp-json\/wp\/v2\/posts"}],"about":[{"href":"https:\/\/www.europesays.com\/fr\/wp-json\/wp\/v2\/types\/post"}],"author":[{"embeddable":true,"href":"https:\/\/www.europesays.com\/fr\/wp-json\/wp\/v2\/users\/2"}],"replies":[{"embeddable":true,"href":"https:\/\/www.europesays.com\/fr\/wp-json\/wp\/v2\/comments?post=599549"}],"version-history":[{"count":0,"href":"https:\/\/www.europesays.com\/fr\/wp-json\/wp\/v2\/posts\/599549\/revisions"}],"wp:featuredmedia":[{"embeddable":true,"href":"https:\/\/www.europesays.com\/fr\/wp-json\/wp\/v2\/media\/599550"}],"wp:attachment":[{"href":"https:\/\/www.europesays.com\/fr\/wp-json\/wp\/v2\/media?parent=599549"}],"wp:term":[{"taxonomy":"category","embeddable":true,"href":"https:\/\/www.europesays.com\/fr\/wp-json\/wp\/v2\/categories?post=599549"},{"taxonomy":"post_tag","embeddable":true,"href":"https:\/\/www.europesays.com\/fr\/wp-json\/wp\/v2\/tags?post=599549"}],"curies":[{"name":"wp","href":"https:\/\/api.w.org\/{rel}","templated":true}]}}