{"id":59955,"date":"2025-04-28T19:01:09","date_gmt":"2025-04-28T19:01:09","guid":{"rendered":"https:\/\/www.europesays.com\/fr\/59955\/"},"modified":"2025-04-28T19:01:09","modified_gmt":"2025-04-28T19:01:09","slug":"le-centre-est-de-paris-une-alternative-desormais-credible-pour-y-installer-des-bureaux","status":"publish","type":"post","link":"https:\/\/www.europesays.com\/fr\/59955\/","title":{"rendered":"Le centre-est de Paris, une alternative d\u00e9sormais \u00ab\u00a0cr\u00e9dible\u00a0\u00bb pour y installer des bureaux"},"content":{"rendered":"<p class=\"paragraph text_align_left\">Brocanteurs, t\u00f4liers, \u00e9b\u00e9nistes et cavistes. Ces artisans animaient autrefois les \u00e9tages du 102,\u00a0rue de Charonne (XIe). L\u2019\u00e9crin occup\u00e9 par les \u00e9quipes de la RATP \u00e0 la fin du XXe\u00a0si\u00e8cle ach\u00e8ve sa mue. Rebaptis\u00e9 Oscar, ce b\u00e2timent compte plus de 13\u00a0000\u00a0m2 de bureaux modernes d\u00e9j\u00e0 pr\u00e9empt\u00e9s par un acteur du luxe pour une installation en septembre.<\/p>\n<p class=\"paragraph text_align_left\">Depuis le d\u00e9but de 2024, sept transactions sup\u00e9rieures \u00e0 5\u00a0000 m\u00b2 et totalisant 65\u00a0000 m\u00b2 ont \u00e9t\u00e9 recens\u00e9es dans le centre-est de Paris, contre deux grandes transactions en moyenne chaque ann\u00e9e depuis dix ans, liste <a href=\"https:\/\/www.leparisien.fr\/paris-75\/farm-rio-the-row-benihana-ces-nouvelles-enseignes-etrangeres-a-la-conquete-des-quartiers-touristiques-de-paris-30-09-2024-73IHUCYGIVCMLHJLITHQKYTFCA.php\" target=\"_blank\" rel=\"nofollow noopener\">Newmark<\/a>, soci\u00e9t\u00e9 sp\u00e9cialis\u00e9e dans l\u2019immobilier commercial. Op\u00e9rations auxquelles s\u2019ajoutent des \u00ab\u00a0belles prises \u00e0 bail\u00a0\u00bb dont <a href=\"https:\/\/www.leparisien.fr\/sports\/football\/echanges-reguliers-mario-gomez-en-interlocuteur-mercato-le-paris-fc-et-red-bull-travaillent-deja-ensemble-07-12-2024-SFP72RQKWJE6NIF7UR46MXE2YU.php\" target=\"_blank\" rel=\"nofollow noopener\">RedBull<\/a> qui d\u00e9m\u00e9nage en 2025 dans un ancien parking r\u00e9habilit\u00e9 rue Saint-Antoine (IVe).<\/p>\n","protected":false},"excerpt":{"rendered":"Brocanteurs, t\u00f4liers, \u00e9b\u00e9nistes et cavistes. Ces artisans animaient autrefois les \u00e9tages du 102,\u00a0rue de Charonne (XIe). L\u2019\u00e9crin occup\u00e9&hellip;\n","protected":false},"author":2,"featured_media":59956,"comment_status":"","ping_status":"","sticky":false,"template":"","format":"standard","meta":{"footnotes":""},"categories":[1888],"tags":[1111,1928,11,1927,1777,674,1011,27,1944,12,1926,626,1925,25],"class_list":{"0":"post-59955","1":"post","2":"type-post","3":"status-publish","4":"format-standard","5":"has-post-thumbnail","7":"category-paris","8":"tag-actu","9":"tag-actu-paris","10":"tag-actualites","11":"tag-actualites-paris","12":"tag-eu","13":"tag-europe","14":"tag-fr","15":"tag-france","16":"tag-ma-ville","17":"tag-news","18":"tag-news-paris","19":"tag-paris","20":"tag-paris-news","21":"tag-republique-francaise"},"share_on_mastodon":{"url":"https:\/\/pubeurope.com\/@fr\/114417138719385555","error":""},"_links":{"self":[{"href":"https:\/\/www.europesays.com\/fr\/wp-json\/wp\/v2\/posts\/59955","targetHints":{"allow":["GET"]}}],"collection":[{"href":"https:\/\/www.europesays.com\/fr\/wp-json\/wp\/v2\/posts"}],"about":[{"href":"https:\/\/www.europesays.com\/fr\/wp-json\/wp\/v2\/types\/post"}],"author":[{"embeddable":true,"href":"https:\/\/www.europesays.com\/fr\/wp-json\/wp\/v2\/users\/2"}],"replies":[{"embeddable":true,"href":"https:\/\/www.europesays.com\/fr\/wp-json\/wp\/v2\/comments?post=59955"}],"version-history":[{"count":0,"href":"https:\/\/www.europesays.com\/fr\/wp-json\/wp\/v2\/posts\/59955\/revisions"}],"wp:featuredmedia":[{"embeddable":true,"href":"https:\/\/www.europesays.com\/fr\/wp-json\/wp\/v2\/media\/59956"}],"wp:attachment":[{"href":"https:\/\/www.europesays.com\/fr\/wp-json\/wp\/v2\/media?parent=59955"}],"wp:term":[{"taxonomy":"category","embeddable":true,"href":"https:\/\/www.europesays.com\/fr\/wp-json\/wp\/v2\/categories?post=59955"},{"taxonomy":"post_tag","embeddable":true,"href":"https:\/\/www.europesays.com\/fr\/wp-json\/wp\/v2\/tags?post=59955"}],"curies":[{"name":"wp","href":"https:\/\/api.w.org\/{rel}","templated":true}]}}