{"id":59957,"date":"2025-04-28T19:02:09","date_gmt":"2025-04-28T19:02:09","guid":{"rendered":"https:\/\/www.europesays.com\/fr\/59957\/"},"modified":"2025-04-28T19:02:09","modified_gmt":"2025-04-28T19:02:09","slug":"ce-que-kim-kardashian-a-raconte-apres-son-braquage-a-paris","status":"publish","type":"post","link":"https:\/\/www.europesays.com\/fr\/59957\/","title":{"rendered":"ce que Kim Kardashian a racont\u00e9 apr\u00e8s son braquage \u00e0 Paris"},"content":{"rendered":"<p>Elle viendra raconter sa <a href=\"https:\/\/fr.news.yahoo.com\/papys-braqueurs-fuite-rocambolesque-r%C3%A9cit-040300312.html\" data-ylk=\"slk:nuit d&#039;horreur;elm:context_link;itc:0;sec:content-canvas;outcm:mb_qualified_link;_E:mb_qualified_link;ct:story;\" class=\"link  yahoo-link\" target=\"_blank\" rel=\"noopener\">nuit d&rsquo;horreur<\/a> \u00e0 Paris. <a href=\"https:\/\/www.bfmtv.com\/people\/un-mois-apres-son-cambriolage-kim-kardashian-se-separe-de-pascal-son-garde-du-corps_AN-201611040085.html\" rel=\"nofollow noopener\" target=\"_blank\" data-ylk=\"slk:Kim Kardashian;elm:context_link;itc:0;sec:content-canvas\" class=\"link \">Kim Kardashian<\/a>, s\u00e9questr\u00e9e et cambriol\u00e9e dans la nuit du 2 au 3 octobre 2016 dans son h\u00f4tel de la rue Tronchet par une bande de malfaiteurs, doit t\u00e9moigner le 13 mai prochain, dans <a href=\"https:\/\/fr.news.yahoo.com\/proc%C3%A8s-hors-normes-braquage-kim-041000677.html\" data-ylk=\"slk:le proc\u00e8s;elm:context_link;itc:0;sec:content-canvas;outcm:mb_qualified_link;_E:mb_qualified_link;ct:story;\" class=\"link  yahoo-link\" target=\"_blank\" rel=\"noopener\">le proc\u00e8s<\/a> qui vient de s&rsquo;ouvrir ce lundi 28 avril \u00e0 Paris.<\/p>\n<p>\u00ab\u00a0J\u2019ai cru mourir. Je croyais que c\u2019\u00e9tait des terroristes venus pour m\u2019enlever\u00a0\u00bb, avait-elle livr\u00e9 aux officiers de la brigade de r\u00e9pression du banditisme.<\/p>\n<p>Ce soir du 2 octobre, apr\u00e8s avoir assist\u00e9 au d\u00e9fil\u00e9 Givenchy dans le cadre de la Fashion Week de Paris, Kim Kardashian rentre \u00e0 son h\u00f4tel avec des amis vers minuit. Son garde du corps n&rsquo;est pas l\u00e0: il accompagne sa s\u0153ur <a href=\"https:\/\/www.bfmtv.com\/people\/le-clan-kardashian-amorce-son-retour-apres-l-agression-de-kim_AN-201610150004.html\" rel=\"nofollow noopener\" target=\"_blank\" data-ylk=\"slk:Kourtney;elm:context_link;itc:0;sec:content-canvas\" class=\"link \">Kourtney <\/a>et son assistante, sorties en bo\u00eete de nuit.<\/p>\n<p>Vers 2 heures du matin les amis de Kim Kardashian partent et elle monte dans sa chambre, \u00e0 l&rsquo;\u00e9tage de cet appartement du tr\u00e8s confidentiel No address, un h\u00f4tel de luxe cach\u00e9 derri\u00e8re une porte coch\u00e8re rouge \u00e0 deux pas de l&rsquo;\u00e9glise de la Madeleine.<\/p>\n<p>\u00ab\u00a0J&rsquo;\u00e9tais convaincue qu&rsquo;ils allaient me violer\u00a0\u00bb<\/p>\n<p>Elle entend du bruit dans les escaliers, pense qu&rsquo;il s&rsquo;agit de sa soeur et de son assistante rentrant \u00e9m\u00e9ch\u00e9es de soir\u00e9e. Elle lance un \u00ab\u00a0bonjour\u00a0\u00bb de loin. Pas de r\u00e9ponse. La star de t\u00e9l\u00e9r\u00e9alit\u00e9 se dit que quelque chose cloche et tente d&rsquo;appeler son garde du corps. Trop tard: deux hommes encagoul\u00e9s font irruption dans sa chambre,<a href=\"https:\/\/fr.news.yahoo.com\/braquage-kim-kardashian-veilleur-nuit-042900838.html\" data-ylk=\"slk:avec le concierge;elm:context_link;itc:0;sec:content-canvas;outcm:mb_qualified_link;_E:mb_qualified_link;ct:story;\" class=\"link  yahoo-link\" target=\"_blank\" rel=\"noopener\"> avec le concierge<\/a>.<\/p>\n<p>\u00ab\u00a0Ils \u00e9taient agressifs (&#8230;) Je croyais qu\u2019il s\u2019agissait de terroristes venus pour m\u2019enlever\u00a0\u00bb, confiera-t-elle lors de l&rsquo;audition, relay\u00e9e par <a href=\"https:\/\/www.lemonde.fr\/societe\/article\/2017\/03\/18\/kim-kardashian-je-croyais-que-c-etaient-des-terroristes-venus-pour-m-enlever_5096844_3224.html\" rel=\"nofollow noopener\" target=\"_blank\" data-ylk=\"slk:Le Monde;elm:context_link;itc:0;sec:content-canvas\" class=\"link \">Le Monde<\/a> en 2017.<\/p>\n<p>Kim Kardashian s&rsquo;en doute, ce sont ses nombreux messages sur Snapchat qui ont fourni aux cambrioleurs de pr\u00e9cieuses informations sur le moment opportun pour frapper.<\/p>\n<p>\u00ab\u00a0J&rsquo;ai dit sur Snapchat que j&rsquo;\u00e9tais \u00e0 la maison et que tout le monde sortait\u00a0\u00bb, d\u00e9clarera-t-elle quelques mois plus tard.<\/p>\n<p>\u00ab\u00a0Ils m&rsquo;ont attrap\u00e9e et m&rsquo;ont emmen\u00e9e dans le couloir. Ils m&rsquo;ont attach\u00e9e avec des c\u00e2bles en plastique et m&rsquo;ont scotch\u00e9 les mains, puis ils ont mis du scotch sur ma bouche et mes jambes. J&rsquo;\u00e9tais convaincue qu&rsquo;ils allaient me violer\u00a0\u00bb, raconte encore la star am\u00e9ricaine, qui n&rsquo;\u00e9tait v\u00eatue que d&rsquo;un peignoir.<\/p>\n<p>\u00ab\u00a0Le c\u0153ur qui sort de la poitrine\u00a0\u00bb<\/p>\n<p>\u00ab\u00a0Je me souviens que j\u2019avais un sentiment indescriptible, comme le c\u0153ur qui sort de la poitrine. Je comprenais que j\u2019allais mourir\u00a0\u00bb, explique-t-elle encore lors de son audition<\/p>\n<p>Invit\u00e9e en 2020 sur le plateau de l&rsquo;animateur David Letterman, Kim Kardashian raconte qu&rsquo;elle s&rsquo;inqui\u00e9tait pour sa s\u0153ur Kourtney, craignant qu&rsquo;elle ne rentre pendant le cambriolage.<\/p>\n<p>\u00ab\u00a0Je n&rsquo;arr\u00eatais pas de penser \u00e0 Kourtney, je n&rsquo;arr\u00eatais pas de penser qu&rsquo;elle allait rentrer \u00e0 la maison et que j&rsquo;allais \u00eatre morte dans la pi\u00e8ce et qu&rsquo;elle allait \u00eatre traumatis\u00e9e pour le reste de sa vie si elle me voyait&#8230; Je pensais que c&rsquo;\u00e9tait mon destin\u00a0\u00bb.<\/p>\n<p>Pourtant, apr\u00e8s avoir rafl\u00e9 pour 9 millions d&rsquo;euros de bijoux, dont sa bague de fian\u00e7ailles \u00e0 3,5 millions, les braqueurs quittent les lieux. \u00ab\u00a0Ces 10 minutes ont vraiment chang\u00e9 toute ma vie\u00a0\u00bb, confie Kim Kardashian, qui quitte Paris au petit matin, traumatis\u00e9e, et vaccin\u00e9e contre les r\u00e9seaux sociaux pour un petit moment.<\/p>\n<p><a href=\"https:\/\/www.bfmtv.com\/people\/j-ai-cru-que-j-allais-mourir-ce-que-kim-kardashian-a-raconte-apres-son-braquage-a-paris_AV-202504280630.html#xtor=AL-68\" rel=\"nofollow noopener\" target=\"_blank\" data-ylk=\"slk:Article original publi\u00e9 sur BFMTV.com;elm:context_link;itc:0;sec:content-canvas\" class=\"link \">Article original publi\u00e9 sur BFMTV.com<\/a><\/p>\n","protected":false},"excerpt":{"rendered":"Elle viendra raconter sa nuit d&rsquo;horreur \u00e0 Paris. Kim Kardashian, s\u00e9questr\u00e9e et cambriol\u00e9e dans la nuit du 2&hellip;\n","protected":false},"author":2,"featured_media":59958,"comment_status":"","ping_status":"","sticky":false,"template":"","format":"standard","meta":{"footnotes":""},"categories":[1888],"tags":[1111,1928,11,1927,15668,1777,674,1011,27,15669,8932,15667,12,1926,626,1925,25],"class_list":{"0":"post-59957","1":"post","2":"type-post","3":"status-publish","4":"format-standard","5":"has-post-thumbnail","7":"category-paris","8":"tag-actu","9":"tag-actu-paris","10":"tag-actualites","11":"tag-actualites-paris","12":"tag-brigade-de-repression","13":"tag-eu","14":"tag-europe","15":"tag-fr","16":"tag-france","17":"tag-garde-du-corps","18":"tag-kim-kardashian","19":"tag-leglise-de-la-madeleine","20":"tag-news","21":"tag-news-paris","22":"tag-paris","23":"tag-paris-news","24":"tag-republique-francaise"},"share_on_mastodon":{"url":"https:\/\/pubeurope.com\/@fr\/114417142806463427","error":""},"_links":{"self":[{"href":"https:\/\/www.europesays.com\/fr\/wp-json\/wp\/v2\/posts\/59957","targetHints":{"allow":["GET"]}}],"collection":[{"href":"https:\/\/www.europesays.com\/fr\/wp-json\/wp\/v2\/posts"}],"about":[{"href":"https:\/\/www.europesays.com\/fr\/wp-json\/wp\/v2\/types\/post"}],"author":[{"embeddable":true,"href":"https:\/\/www.europesays.com\/fr\/wp-json\/wp\/v2\/users\/2"}],"replies":[{"embeddable":true,"href":"https:\/\/www.europesays.com\/fr\/wp-json\/wp\/v2\/comments?post=59957"}],"version-history":[{"count":0,"href":"https:\/\/www.europesays.com\/fr\/wp-json\/wp\/v2\/posts\/59957\/revisions"}],"wp:featuredmedia":[{"embeddable":true,"href":"https:\/\/www.europesays.com\/fr\/wp-json\/wp\/v2\/media\/59958"}],"wp:attachment":[{"href":"https:\/\/www.europesays.com\/fr\/wp-json\/wp\/v2\/media?parent=59957"}],"wp:term":[{"taxonomy":"category","embeddable":true,"href":"https:\/\/www.europesays.com\/fr\/wp-json\/wp\/v2\/categories?post=59957"},{"taxonomy":"post_tag","embeddable":true,"href":"https:\/\/www.europesays.com\/fr\/wp-json\/wp\/v2\/tags?post=59957"}],"curies":[{"name":"wp","href":"https:\/\/api.w.org\/{rel}","templated":true}]}}