{"id":599571,"date":"2025-12-14T22:35:13","date_gmt":"2025-12-14T22:35:13","guid":{"rendered":"https:\/\/www.europesays.com\/fr\/599571\/"},"modified":"2025-12-14T22:35:13","modified_gmt":"2025-12-14T22:35:13","slug":"pourquoi-will-still-a-refuse-nantes","status":"publish","type":"post","link":"https:\/\/www.europesays.com\/fr\/599571\/","title":{"rendered":"Pourquoi Will Still a refus\u00e9 Nantes"},"content":{"rendered":"<p><strong>Libre depuis son d\u00e9barquement de<br \/>\nSouthampton le mois dernier, Will Still a \u00e9t\u00e9 approch\u00e9 par le FC<br \/>\nNantes avant le d\u00e9part de Luis Castro.<\/strong><\/p>\n<p>Il y a huit jours de cela, c\u2019est bien Will Still et non Ahmed<br \/>\nKantari qui faisait office de favori pour prendre la rel\u00e8ve d\u2019un<br \/>\nLuis Castro condamn\u00e9 sur le banc du FC Nantes. Pourtant l\u2019ancien<br \/>\ncoach de Reims et de Lens n\u2019est pas arriv\u00e9 \u00e0 la Joneli\u00e8re.<\/p>\n<p>\u00ab Ce n\u2019\u00e9tait pas un probl\u00e8me mais une question de timing,<br \/>\npour moi, qui n\u2019\u00e9tait pas id\u00e9al, dixit le strat\u00e8ge<br \/>\nbelgo-britannique de 33 ans dans un entretien accord\u00e9 au Canal<br \/>\nFootball Club, sur Canal+. Dans le sens o\u00f9 je voulais prendre<br \/>\nun staff et des personnes qui sont toujours en club. \u00bb Une<br \/>\nallusion notamment \u00e0 ses deux fr\u00e8res, Edward et Nicolas,<br \/>\nactuellement en poste \u00e0 Anderlecht et au Club Bruges.<\/p>\n<blockquote class=\"twitter-tweet\"><p><a class=\"twitter-link\" rel=\"noindex, nofollow noopener\" href=\"https:\/\/twitter.com\/sports_fr\/status\/2000315426023116981\" target=\"_blank\"><\/p><\/blockquote>\n<p>\u00ab Et puis de fa\u00e7on \u00e9go\u00efste, j\u2019ai envie de penser \u00e0 ma<br \/>\ncarri\u00e8re aussi, poursuit Will Still. La prochaine \u00e9tape<br \/>\ndans ma carri\u00e8re est importante, j\u2019ai envie de faire le bon choix<br \/>\navec assez de recul et ne pas me jeter dans un truc o\u00f9 je ne<br \/>\nconnais pas toutes les informations, o\u00f9 je n\u2019ai pas le contr\u00f4le de<br \/>\ntout. J\u2019ai \u00e9t\u00e9 tr\u00e8s respectueux, j\u2019ai remerci\u00e9 la famille Kita,<br \/>\nmais je me suis dit que pour moi, je pr\u00e9f\u00e8re prendre un peu de<br \/>\nrecul, analyser ce qui s\u2019est pass\u00e9 les 3-4 derni\u00e8res ann\u00e9es et la<br \/>\nprochaine \u00e9tape sera ce qu\u2019elle sera. \u00bb<\/p>\n<p>Quitter Lens, un choix \u00ab\u00a0purement personnel\u00a0\u00bb<\/p>\n<p>L\u2019int\u00e9ress\u00e9 nourrit ainsi quelques regrets quant \u00e0 la fin de son<br \/>\nexp\u00e9rience lensoise. Sur la forme plus que sur le fond puisque son<br \/>\n\u00e9pouse \u00e9tait alors souffrante. \u00ab\u00a0Le choix de partir de<br \/>\nLens lors de la fin de la saison derni\u00e8re \u00e9tait purement personnel.<br \/>\nL\u00e0, je parle comme \u00eatre humain. Ce que je regrette, c\u2019est de ne pas<br \/>\navoir parl\u00e9 plus t\u00f4t. Parce qu\u2019au mois de<br \/>\nseptembre\u00a0(2024), elle a un cancer de la tyro\u00efde qui<br \/>\na d\u00fb \u00eatre trait\u00e9, je n\u2019en ai pas parl\u00e9, je l\u2019ai dit aux joueurs<br \/>\nparce que je devais m\u2019absenter un jour ou deux. Et au mois de<br \/>\nf\u00e9vrier-mars, elle a eu des enc\u00e9phalites, son cerveau a enfl\u00e9, elle<br \/>\na pass\u00e9 dix jours dans le coma. J\u2019\u00e9tais arriv\u00e9 \u00e0 un moment de ma<br \/>\nvie \u2013 et pas juste de ma vie d\u2019entra\u00eeneur \u2013 o\u00f9 j\u2019avais besoin de<br \/>\nrentrer \u00e0 la maison, de prendre soin d\u2019elle et d\u2019\u00eatre un peu plus<br \/>\ncalme.\u00a0\u00bb<\/p>\n<p><script async src=\"https:\/\/platform.twitter.com\/widgets.js\" charset=\"utf-8\"><\/script><\/p>\n","protected":false},"excerpt":{"rendered":"Libre depuis son d\u00e9barquement de Southampton le mois dernier, Will Still a \u00e9t\u00e9 approch\u00e9 par le FC Nantes&hellip;\n","protected":false},"author":2,"featured_media":599572,"comment_status":"","ping_status":"","sticky":false,"template":"","format":"standard","meta":{"footnotes":""},"categories":[2818],"tags":[1111,11,1777,674,1011,27,766,12,2636,25],"class_list":{"0":"post-599571","1":"post","2":"type-post","3":"status-publish","4":"format-standard","5":"has-post-thumbnail","7":"category-nantes","8":"tag-actu","9":"tag-actualites","10":"tag-eu","11":"tag-europe","12":"tag-fr","13":"tag-france","14":"tag-nantes","15":"tag-news","16":"tag-pays-de-la-loire","17":"tag-republique-francaise"},"share_on_mastodon":{"url":"https:\/\/pubeurope.com\/@fr\/115720311545428481","error":""},"_links":{"self":[{"href":"https:\/\/www.europesays.com\/fr\/wp-json\/wp\/v2\/posts\/599571","targetHints":{"allow":["GET"]}}],"collection":[{"href":"https:\/\/www.europesays.com\/fr\/wp-json\/wp\/v2\/posts"}],"about":[{"href":"https:\/\/www.europesays.com\/fr\/wp-json\/wp\/v2\/types\/post"}],"author":[{"embeddable":true,"href":"https:\/\/www.europesays.com\/fr\/wp-json\/wp\/v2\/users\/2"}],"replies":[{"embeddable":true,"href":"https:\/\/www.europesays.com\/fr\/wp-json\/wp\/v2\/comments?post=599571"}],"version-history":[{"count":0,"href":"https:\/\/www.europesays.com\/fr\/wp-json\/wp\/v2\/posts\/599571\/revisions"}],"wp:featuredmedia":[{"embeddable":true,"href":"https:\/\/www.europesays.com\/fr\/wp-json\/wp\/v2\/media\/599572"}],"wp:attachment":[{"href":"https:\/\/www.europesays.com\/fr\/wp-json\/wp\/v2\/media?parent=599571"}],"wp:term":[{"taxonomy":"category","embeddable":true,"href":"https:\/\/www.europesays.com\/fr\/wp-json\/wp\/v2\/categories?post=599571"},{"taxonomy":"post_tag","embeddable":true,"href":"https:\/\/www.europesays.com\/fr\/wp-json\/wp\/v2\/tags?post=599571"}],"curies":[{"name":"wp","href":"https:\/\/api.w.org\/{rel}","templated":true}]}}