{"id":599577,"date":"2025-12-14T22:38:18","date_gmt":"2025-12-14T22:38:18","guid":{"rendered":"https:\/\/www.europesays.com\/fr\/599577\/"},"modified":"2025-12-14T22:38:18","modified_gmt":"2025-12-14T22:38:18","slug":"culture-food-le-restaurant-de-la-semaine-linstant-a-montrabe-se-reinvente-avec-larrivee-dun-nouveau-chef","status":"publish","type":"post","link":"https:\/\/www.europesays.com\/fr\/599577\/","title":{"rendered":"CULTURE FOOD. Le restaurant de la semaine\u00a0: L\u2019Instant \u00e0 Montrab\u00e9 se r\u00e9invente avec l\u2019arriv\u00e9e d\u2019un nouveau chef"},"content":{"rendered":"<p>\n                                                                    l&rsquo;essentiel<br \/>\n                                                                Install\u00e9 depuis 2012 \u00e0 Montrab\u00e9, le restaurant L\u2019Instant accueille un nouveau visage. Le chef J\u00e9r\u00f4me Bru, connu pour son exigence et sa cr\u00e9ativit\u00e9, a pris les commandes de la cuisine. Un subtil renouveau, mix de tradition et d\u2019audace.\n                            <\/p>\n<p>Depuis plus d\u2019une d\u00e9cennie, L\u2019Instant est l\u2019une des adresses pris\u00e9es de Montrab\u00e9. Plac\u00e9 entre L\u2019Apart\u00e9 et Avitar, les deux autres adresses gourmandes qui comptent dans le village situ\u00e9 \u00e0 deux pas de Toulouse, L\u2019Instant est une maison raffin\u00e9e et conviviale \u00e0 la fois, fid\u00e8le \u00e0 une cuisine bistronomique de produits frais, dans le respect des saisons. Fond\u00e9e par Laurent Trey, il y a 13 ans, associ\u00e9 \u00e0 J\u00e9r\u00e9my, l\u2019ex-chef de cuisine parti voguer vers de nouvelles aventures au cours de cet \u00e9t\u00e9. Le renouveau ne cassera pas non plus totalement les codes de l\u2019adresse o\u00f9 \u00e7a a toujours tr\u00e8s bien cuisin\u00e9. Cela vient plut\u00f4t comme une continuit\u00e9 r\u00e9invent\u00e9e pour le plus grand bonheur des clients fid\u00e8les, qui s\u2019y r\u00e9galeront toujours, mais diff\u00e9remment.<\/p>\n<p>J\u00e9r\u00f4me Bru en cuisine<\/p>\n<p>Son nom ne vous dit s\u00fbrement rien, et c\u2019est normal, m\u00eame s\u2019il est natif du Tarn, J\u00e9r\u00f4me Bru a surtout op\u00e9r\u00e9 du couteau loin de nos contr\u00e9es occitanes. Fils et petit-fils d\u2019agriculteur, le jeune Tarnais suit ses parents partis reprendre une exploitation en Vend\u00e9e et s\u2019inscrit \u00e0 l\u2019\u00e9cole h\u00f4teli\u00e8re de Noirmoutier. Apr\u00e8s un passage \u00e0 Valence chez Anne-Sophie Pic et en Bourgogne, \u00e0 l\u2019Hostellerie de Levernois, le chef s\u2019installe en 2012 \u00e0 Clermont-Ferrand et monte son premier restaurant, Baie de Cassis. En 2017, nouvelle aventure avec l\u2019ouverture de Smorrebrod, la table qui fera parler les Auvergnats, reconnue par le guide Michelin, aur\u00e9ol\u00e9e d\u2019un prix Fooding, elle fera les beaux jours de la gastronomie clermontoise pendant un petit moment.<\/p>\n<p class=\"std-elt__inline\">\n        <strong>\u00c0 lire aussi :<\/strong><br \/>\n        <a href=\"https:\/\/www.ladepeche.fr\/2025\/12\/14\/culture-food-frankielanuit-un-restaurant-sur-leau-ou-deguster-ramen-poulet-frit-et-cocktails-13098718.php\" target=\"_blank\" rel=\"noopener\">CULTURE FOOD. Frankielanuit, un restaurant sur l\u2019eau o\u00f9 d\u00e9guster ramen, poulet frit et cocktails<\/a>\n    <\/p>\n<p>Puis, envie de bouger, J\u00e9r\u00f4me vend ses affaires et part s\u2019exprimer derri\u00e8re des fourneaux loz\u00e9riens pendant un petit moment avant de suivre sa femme mut\u00e9e \u00e0 Albi et de retrouver par l\u00e0 m\u00eame son pays natal. Apr\u00e8s quelques d\u00e9ceptions culinaires, il tombe sur l\u2019annonce de L\u2019Instant cherchant son nouveau chef et bingo\u00a0! Le voil\u00e0 dor\u00e9navant Montrab\u00e9en.<\/p>\n<p>Menu du jour gouleyant et carte du soir magnifique<\/p>\n<p>Il y a de la promesse \u00e0 la lecture des intitul\u00e9s de plats mais quand on sait que l\u2019on a un vrai cuisinier derri\u00e8re les fourneaux, on sait qu\u2019elle sera tenue. L\u2019erreur de commencer par d\u00e9crypter la carte du soir fut faite, et le regret de sa non-accessibilit\u00e9 pour nous et nos commensaux du midi fut grand.<\/p>\n<p class=\"std-elt__inline\">\n        <strong>\u00c0 lire aussi :<\/strong><br \/>\n        <a href=\"https:\/\/www.ladepeche.fr\/2025\/12\/14\/culture-food-notre-specialite-coup-de-coeur-le-burn-cake-de-la-patisserie-kumo-13107044.php\" target=\"_blank\" rel=\"noopener\">CULTURE FOOD. Notre sp\u00e9cialit\u00e9 coup de c\u0153ur\u00a0: le burn cake de la p\u00e2tisserie Kumo<\/a>\n    <\/p>\n<p>Encornet farci aux pieds de cochon, soubise, oignons sauciers glac\u00e9s et sauce charcuti\u00e8re aux graines de moutarde ou p\u00e2t\u00e9 en cro\u00fbte de canard aux trompettes de la mort\u2026 Que du bonheur d\u00e8s les entr\u00e9es. Biscuit de sandre en cro\u00fbte de sarrasin, nage de l\u00e9gumes et kasha, crevettes grises, bouillon de poule au beurre fum\u00e9 ou coffre de pintade farce \u00e0 la meule du boulanger et porcelet farci de la t\u00eate aux pieds, insert boudin noir, tr\u00e8s compliqu\u00e9 d\u2019apprendre que ces morceaux de bravoure gourmands ne seront l\u00e0 que pour nous faire r\u00eaver et puis c\u2019est tout\u00a0!<\/p>\n<p>Allez, menu d\u00e9jeuner \u00e0 30\u00a0\u20ac la totale et c\u2019est comme \u00e7a. Point de d\u00e9ception pour autant, les rillettes de poisson au haddock viennent mettre en marche les papilles pour taper dans la gourmande seconde entr\u00e9e\u00a0: Fricass\u00e9e de raviolis au miel, noisettes et jeunes pousses suave et parfaite pour annoncer le salmis de cuisse de pintade, orecchiettes lardons et champignons. Cela se passe de commentaires, imaginez le tout baignant dans un bon gros jus, cuisson parfaite de la volaille, des p\u00e2tes en forme d\u2019oreilles, du lard et des champis, vous l\u2019avez\u00a0? Vos souvenirs gourmands se sont mis en branle et ont fait le mix dans votre cerveau, si vous bavez c\u2019est normal, rassurez-vous. Superbe gaufre de Li\u00e8ge pour conclure les agapes, nous reviendrons c\u2019est s\u00fbr.<\/p>\n<p><a href=\"https:\/\/restaurant-linstant.fr\" target=\"_self\" rel=\"noopener\">L\u2019Instant<\/a> (13-14, chemin du Logis Vieux) \u00e0 Montrab\u00e9. T\u00e9l. 05\u00a061\u00a048\u00a025\u00a024.<\/p>\n","protected":false},"excerpt":{"rendered":"l&rsquo;essentiel Install\u00e9 depuis 2012 \u00e0 Montrab\u00e9, le restaurant L\u2019Instant accueille un nouveau visage. Le chef J\u00e9r\u00f4me Bru, connu&hellip;\n","protected":false},"author":2,"featured_media":599578,"comment_status":"","ping_status":"","sticky":false,"template":"","format":"standard","meta":{"footnotes":""},"categories":[2816],"tags":[1111,11,71192,872,1777,674,1011,27,70255,2722,12,2680,25,2312],"class_list":{"0":"post-599577","1":"post","2":"type-post","3":"status-publish","4":"format-standard","5":"has-post-thumbnail","7":"category-toulouse","8":"tag-actu","9":"tag-actualites","10":"tag-culture-food","11":"tag-culture-et-loisirs","12":"tag-eu","13":"tag-europe","14":"tag-fr","15":"tag-france","16":"tag-gastronomie-et-terroir","17":"tag-haute-garonne","18":"tag-news","19":"tag-occitanie","20":"tag-republique-francaise","21":"tag-toulouse"},"share_on_mastodon":{"url":"https:\/\/pubeurope.com\/@fr\/115720323410991648","error":""},"_links":{"self":[{"href":"https:\/\/www.europesays.com\/fr\/wp-json\/wp\/v2\/posts\/599577","targetHints":{"allow":["GET"]}}],"collection":[{"href":"https:\/\/www.europesays.com\/fr\/wp-json\/wp\/v2\/posts"}],"about":[{"href":"https:\/\/www.europesays.com\/fr\/wp-json\/wp\/v2\/types\/post"}],"author":[{"embeddable":true,"href":"https:\/\/www.europesays.com\/fr\/wp-json\/wp\/v2\/users\/2"}],"replies":[{"embeddable":true,"href":"https:\/\/www.europesays.com\/fr\/wp-json\/wp\/v2\/comments?post=599577"}],"version-history":[{"count":0,"href":"https:\/\/www.europesays.com\/fr\/wp-json\/wp\/v2\/posts\/599577\/revisions"}],"wp:featuredmedia":[{"embeddable":true,"href":"https:\/\/www.europesays.com\/fr\/wp-json\/wp\/v2\/media\/599578"}],"wp:attachment":[{"href":"https:\/\/www.europesays.com\/fr\/wp-json\/wp\/v2\/media?parent=599577"}],"wp:term":[{"taxonomy":"category","embeddable":true,"href":"https:\/\/www.europesays.com\/fr\/wp-json\/wp\/v2\/categories?post=599577"},{"taxonomy":"post_tag","embeddable":true,"href":"https:\/\/www.europesays.com\/fr\/wp-json\/wp\/v2\/tags?post=599577"}],"curies":[{"name":"wp","href":"https:\/\/api.w.org\/{rel}","templated":true}]}}