{"id":599579,"date":"2025-12-14T22:39:13","date_gmt":"2025-12-14T22:39:13","guid":{"rendered":"https:\/\/www.europesays.com\/fr\/599579\/"},"modified":"2025-12-14T22:39:13","modified_gmt":"2025-12-14T22:39:13","slug":"le-corps-dun-homme-avec-un-trou-a-une-tempe-retrouve-dans-un-local-a-velos","status":"publish","type":"post","link":"https:\/\/www.europesays.com\/fr\/599579\/","title":{"rendered":"Le corps d\u2019un homme avec un trou \u00e0 une tempe retrouv\u00e9 dans un local \u00e0 v\u00e9los"},"content":{"rendered":"<p>La <a href=\"https:\/\/www.20minutes.fr\/dossier\/disparition\" class=\"c-link c-link--is-underlined\" target=\"_blank\" rel=\"noopener\">disparition <\/a>d\u2019un homme de 42 ans et p\u00e8re de six enfants requalifi\u00e9e du chef d\u2019<a href=\"https:\/\/www.20minutes.fr\/dossier\/enlevement\" class=\"c-link c-link--is-underlined\" target=\"_blank\" rel=\"noopener\">enl\u00e8vement<\/a> et <a href=\"https:\/\/www.20minutes.fr\/dossier\/sequestration\" class=\"c-link c-link--is-underlined\" target=\"_blank\" rel=\"noopener\">s\u00e9questration<\/a> suivie de mort. Ce samedi, le corps de la victime a \u00e9t\u00e9 d\u00e9couvert dans un local \u00e0 v\u00e9los \u00e0 <a href=\"https:\/\/www.20minutes.fr\/toulouse\/\" class=\"c-link c-link--is-underlined\" target=\"_blank\" rel=\"noopener\">Toulouse<\/a>, a indiqu\u00e9 dimanche \u00e0 l\u2019AFP le parquet. Une \u00ab\u00a0autopsie \u00e0 venir permettra de mieux cerner les conditions du d\u00e9c\u00e8s\u00a0\u00bb, dont la cause est \u00ab\u00a0criminelle\u00a0\u00bb, a pr\u00e9cis\u00e9 le parquet.<\/p>\n<p>Alors que les enqu\u00eateurs perquisitionnaient samedi le domicile du disparu, ils ont ouvert un local \u00e0 v\u00e9los o\u00f9 ils ont d\u00e9couvert son corps, porteur d\u2019un orifice \u00e0 la tempe gauche, selon une source polici\u00e8re.<\/p>\n<\/p>\n<p>La disparition de cet homme, signal\u00e9e par sa famille inqui\u00e8te, pourrait \u00eatre li\u00e9e au trafic de stup\u00e9fiants selon le parquet qui ne ferme aucune piste. Selon le quotidien local <a href=\"https:\/\/www.ladepeche.fr\/2025\/12\/14\/info-la-depeche-mort-suspecte-le-corps-ensanglante-dun-homme-porte-disparu-decouvert-dans-le-local-a-velos-dune-residence-13110178.php\" rel=\"nofollow noopener\" target=\"_blank\" class=\"c-link c-link--is-underlined\">La D\u00e9p\u00eache du Midi<\/a>, ce p\u00e8re de six enfants n\u2019avait pas donn\u00e9 de signe de vie depuis trois semaines.<\/p>\n","protected":false},"excerpt":{"rendered":"La disparition d\u2019un homme de 42 ans et p\u00e8re de six enfants requalifi\u00e9e du chef d\u2019enl\u00e8vement et s\u00e9questration&hellip;\n","protected":false},"author":2,"featured_media":599580,"comment_status":"","ping_status":"","sticky":false,"template":"","format":"standard","meta":{"footnotes":""},"categories":[2816],"tags":[1111,47,11,2716,1777,674,118,6738,1011,27,12,2680,25,6188,2312],"class_list":{"0":"post-599579","1":"post","2":"type-post","3":"status-publish","4":"format-standard","5":"has-post-thumbnail","7":"category-toulouse","8":"tag-actu","9":"tag-actualite","10":"tag-actualites","11":"tag-enlevement","12":"tag-eu","13":"tag-europe","14":"tag-faits-divers","15":"tag-faits-divers-toulouse","16":"tag-fr","17":"tag-france","18":"tag-news","19":"tag-occitanie","20":"tag-republique-francaise","21":"tag-sequestration","22":"tag-toulouse"},"share_on_mastodon":{"url":"https:\/\/pubeurope.com\/@fr\/115720327245663319","error":""},"_links":{"self":[{"href":"https:\/\/www.europesays.com\/fr\/wp-json\/wp\/v2\/posts\/599579","targetHints":{"allow":["GET"]}}],"collection":[{"href":"https:\/\/www.europesays.com\/fr\/wp-json\/wp\/v2\/posts"}],"about":[{"href":"https:\/\/www.europesays.com\/fr\/wp-json\/wp\/v2\/types\/post"}],"author":[{"embeddable":true,"href":"https:\/\/www.europesays.com\/fr\/wp-json\/wp\/v2\/users\/2"}],"replies":[{"embeddable":true,"href":"https:\/\/www.europesays.com\/fr\/wp-json\/wp\/v2\/comments?post=599579"}],"version-history":[{"count":0,"href":"https:\/\/www.europesays.com\/fr\/wp-json\/wp\/v2\/posts\/599579\/revisions"}],"wp:featuredmedia":[{"embeddable":true,"href":"https:\/\/www.europesays.com\/fr\/wp-json\/wp\/v2\/media\/599580"}],"wp:attachment":[{"href":"https:\/\/www.europesays.com\/fr\/wp-json\/wp\/v2\/media?parent=599579"}],"wp:term":[{"taxonomy":"category","embeddable":true,"href":"https:\/\/www.europesays.com\/fr\/wp-json\/wp\/v2\/categories?post=599579"},{"taxonomy":"post_tag","embeddable":true,"href":"https:\/\/www.europesays.com\/fr\/wp-json\/wp\/v2\/tags?post=599579"}],"curies":[{"name":"wp","href":"https:\/\/api.w.org\/{rel}","templated":true}]}}