{"id":599589,"date":"2025-12-14T22:47:13","date_gmt":"2025-12-14T22:47:13","guid":{"rendered":"https:\/\/www.europesays.com\/fr\/599589\/"},"modified":"2025-12-14T22:47:13","modified_gmt":"2025-12-14T22:47:13","slug":"mercato-on-en-sait-plus-sur-la-date-de-presentation-dendrick-a-lyon","status":"publish","type":"post","link":"https:\/\/www.europesays.com\/fr\/599589\/","title":{"rendered":"Mercato: on en sait plus sur la date de pr\u00e9sentation d&rsquo;Endrick \u00e0 Lyon"},"content":{"rendered":"<p class=\"mb-4 text-lg md:leading-8 break-words\">Priv\u00e9 de temps de jeu depuis le d\u00e9but de saison avec seulement 22 minutes disput\u00e9es toutes comp\u00e9titions confondues, <a href=\"https:\/\/fr.news.yahoo.com\/sport\/mercato-endrick-rapproche-lol-crise-103243377.html\" data-ylk=\"slk:Endrick va prendre la direction de l&#039;OL;elm:context_link;itc:0;sec:content-canvas;outcm:mb_qualified_link;_E:mb_qualified_link;ct:story;\" class=\"link  yahoo-link\" target=\"_blank\" rel=\"noopener\">Endrick va prendre la direction de l&rsquo;OL<\/a> sous la forme d&rsquo;un pr\u00eat pour se relancer en vu de la Coupe du monde en juin prochain.<\/p>\n<p class=\"mb-4 text-lg md:leading-8 break-words\">Devenu ind\u00e9sirable aux yeux de <a href=\"https:\/\/rmcsport.bfmtv.com\/replay-emissions\/after-foot\/video-le-real-madrid-en-crise-xabi-alonso-deja-sur-la-sellette-after-espagne_VN-202512120686.html\" rel=\"nofollow noopener\" target=\"_blank\" data-ylk=\"slk:Xabi Alonso;elm:context_link;itc:0;sec:content-canvas\" class=\"link \">Xabi Alonso<\/a>, le jeune attaquant de 19 ans laisse ainsi le Real Madrid en pleine crise et rejoint l&rsquo;effectif de Paulo Fonseca afin de renforcer le secteur offensif des Lyonnais. Selon la presse espagnole, si le pr\u00eat a mis autant de temps \u00e0 \u00eatre act\u00e9, c&rsquo;est que la Maison Blanche voulait \u00eatre s\u00fbr d&rsquo;avoir toutes ses forces en attaque et qu&rsquo;aucune ne soit bless\u00e9e&#8230;<\/p>\n<p>Une pr\u00e9sentation pour le Nouvel an?<\/p>\n<p class=\"mb-4 text-lg md:leading-8 break-words\">L&rsquo;\u00e9mission El Chiringuito a d\u00e9voil\u00e9 ce dimanche le probable calendrier d&rsquo;Endrick pour son arriv\u00e9e \u00e0 l&rsquo;Olympique lyonnais. La p\u00e9pite br\u00e9silienne pourrait donc effectuer son premier entra\u00eenement avec ses nouveaux co\u00e9quipiers le 26 d\u00e9cembre prochain. La pr\u00e9sentation d&rsquo;Endrick ainsi que les modalit\u00e9s de son contrat seront pr\u00e9sent\u00e9s le premier janvier. Selon le m\u00e9dia espagnol, l&rsquo;ancien de Las Palmas pourrait \u00eatre \u00e0 la disposition de <a href=\"https:\/\/fr.news.yahoo.com\/sport\/voulons-ajouter-joueurs-fonseca-fixe-140208991.html\" data-ylk=\"slk:Paulo Fonseca;elm:context_link;itc:0;sec:content-canvas;outcm:mb_qualified_link;_E:mb_qualified_link;ct:story;\" class=\"link  yahoo-link\" target=\"_blank\" rel=\"noopener\">Paulo Fonseca<\/a> d\u00e8s le 3 janvier pour le d\u00e9placement \u00e0 <a href=\"https:\/\/fr.news.yahoo.com\/sport\/pourquoi-coup-denvoi-dom-monaco-201356285.html\" data-ylk=\"slk:Monaco;elm:context_link;itc:0;sec:content-canvas;outcm:mb_qualified_link;_E:mb_qualified_link;ct:story;\" class=\"link  yahoo-link\" target=\"_blank\" rel=\"noopener\">Monaco<\/a>.<\/p>\n<p class=\"mb-4 text-lg md:leading-8 break-words\">Avec sa courte victoire face au Havre ce dimanche (1-0) et la bonne op\u00e9ration de Lille \u00e0 Auxerre (4-3), Lyon reste en dehors du podium de Ligue 1. Et m\u00eame si l&rsquo;OL est leader de la phase de ligue de Ligue Europa, les supporters des Gones comptent sur de meilleurs r\u00e9sultats en championnat.<\/p>\n<p class=\"mb-4 text-lg md:leading-8 break-words\"><a href=\"https:\/\/rmcsport.bfmtv.com\/football\/clubs\/olympique-lyon\/mercato-on-en-sait-plus-sur-la-date-de-presentation-d-endrick-a-lyon_AV-202512140348.html#xtor=AL-68\" rel=\"nofollow noopener\" target=\"_blank\" data-ylk=\"slk:Article original publi\u00e9 sur RMC Sport;elm:context_link;itc:0;sec:content-canvas\" class=\"link \">Article original publi\u00e9 sur RMC Sport<\/a><\/p>\n","protected":false},"excerpt":{"rendered":"Priv\u00e9 de temps de jeu depuis le d\u00e9but de saison avec seulement 22 minutes disput\u00e9es toutes comp\u00e9titions confondues,&hellip;\n","protected":false},"author":2,"featured_media":599590,"comment_status":"","ping_status":"","sticky":false,"template":"","format":"standard","meta":{"footnotes":""},"categories":[1889],"tags":[1111,11,2430,64783,1777,674,1011,27,71203,2428,3127,12,3278,25,12380],"class_list":{"0":"post-599589","1":"post","2":"type-post","3":"status-publish","4":"format-standard","5":"has-post-thumbnail","7":"category-lyon","8":"tag-actu","9":"tag-actualites","10":"tag-auvergne-rhone-alpes","11":"tag-endrick","12":"tag-eu","13":"tag-europe","14":"tag-fr","15":"tag-france","16":"tag-l39olympique-lyonnais","17":"tag-lyon","18":"tag-monaco","19":"tag-news","20":"tag-paulo-fonseca","21":"tag-republique-francaise","22":"tag-xabi-alonso"},"share_on_mastodon":{"url":"https:\/\/pubeurope.com\/@fr\/115720358669186021","error":""},"_links":{"self":[{"href":"https:\/\/www.europesays.com\/fr\/wp-json\/wp\/v2\/posts\/599589","targetHints":{"allow":["GET"]}}],"collection":[{"href":"https:\/\/www.europesays.com\/fr\/wp-json\/wp\/v2\/posts"}],"about":[{"href":"https:\/\/www.europesays.com\/fr\/wp-json\/wp\/v2\/types\/post"}],"author":[{"embeddable":true,"href":"https:\/\/www.europesays.com\/fr\/wp-json\/wp\/v2\/users\/2"}],"replies":[{"embeddable":true,"href":"https:\/\/www.europesays.com\/fr\/wp-json\/wp\/v2\/comments?post=599589"}],"version-history":[{"count":0,"href":"https:\/\/www.europesays.com\/fr\/wp-json\/wp\/v2\/posts\/599589\/revisions"}],"wp:featuredmedia":[{"embeddable":true,"href":"https:\/\/www.europesays.com\/fr\/wp-json\/wp\/v2\/media\/599590"}],"wp:attachment":[{"href":"https:\/\/www.europesays.com\/fr\/wp-json\/wp\/v2\/media?parent=599589"}],"wp:term":[{"taxonomy":"category","embeddable":true,"href":"https:\/\/www.europesays.com\/fr\/wp-json\/wp\/v2\/categories?post=599589"},{"taxonomy":"post_tag","embeddable":true,"href":"https:\/\/www.europesays.com\/fr\/wp-json\/wp\/v2\/tags?post=599589"}],"curies":[{"name":"wp","href":"https:\/\/api.w.org\/{rel}","templated":true}]}}