{"id":599595,"date":"2025-12-14T22:51:23","date_gmt":"2025-12-14T22:51:23","guid":{"rendered":"https:\/\/www.europesays.com\/fr\/599595\/"},"modified":"2025-12-14T22:51:23","modified_gmt":"2025-12-14T22:51:23","slug":"didier-barbelivien-ouvre-les-portes-de-son-appartement-avec-vue-sur-lun-des-parcs-les-plus-elegants-de-paris-dans-le-quartier-de-son-enfance-2","status":"publish","type":"post","link":"https:\/\/www.europesays.com\/fr\/599595\/","title":{"rendered":"Didier Barbelivien ouvre les portes de son appartement avec vue sur l\u2019un des parcs les plus \u00e9l\u00e9gants de Paris, dans le quartier de son enfance"},"content":{"rendered":"<p class=\"mb-4 text-lg md:leading-8 break-words\">\u00c0 71 ans, Didier Barbelivien est install\u00e9 depuis toujours dans le VIIIe arrondissement de Paris. Le chanteur et parolier n\u2019a jamais quitt\u00e9 le quartier de son enfance, ni le parc Monceau qui l\u2019a tant inspir\u00e9. Il y vit aujourd&rsquo;hui dans un appartement qu&rsquo;il occupe avec son \u00e9pouse Laure et leurs jumelles adolescentes.<\/p>\n<p class=\"mb-4 text-lg md:leading-8 break-words\">La fid\u00e9lit\u00e9, c&rsquo;est peut-\u00eatre la qualit\u00e9 premi\u00e8re de <a href=\"https:\/\/www.purepeople.com\/people\/didier-barbelivien_p1894\" rel=\"nofollow noopener\" target=\"_blank\" data-ylk=\"slk:Didier Barbelivien;elm:context_link;itc:0;sec:content-canvas\" class=\"link \">Didier Barbelivien<\/a>. En amour, en musique, en amiti\u00e9\u2026 mais aussi en immobilier. <a href=\"https:\/\/fr.news.yahoo.com\/%C3%A0-femme-%C3%A0-amour-%C3%A0-135900634.html\" data-ylk=\"slk:Amoureux de Laure;elm:context_link;itc:0;sec:content-canvas;outcm:mb_qualified_link;_E:mb_qualified_link;ct:story;\" class=\"link  yahoo-link\" target=\"_blank\" rel=\"noopener\">Amoureux de Laure<\/a> depuis 2004, la m\u00e8re de <a href=\"https:\/\/fr.news.yahoo.com\/didier-barbelivien-rituels-fin-semaine-063900876.html\" data-ylk=\"slk:ses jumelles Louise et Lola;elm:context_link;itc:0;sec:content-canvas;outcm:mb_qualified_link;_E:mb_qualified_link;ct:story;\" class=\"link  yahoo-link\" target=\"_blank\" rel=\"noopener\">ses jumelles Louise et Lola<\/a>, <strong>l&rsquo;artiste de 71 ans n&rsquo;a jamais quitt\u00e9 le quartier o\u00f9 tout a commenc\u00e9<\/strong> pour lui : le VIIIe arrondissement de Paris. C&rsquo;est l\u00e0, quand il \u00e9tait \u00e9l\u00e8ve du lyc\u00e9e Chaptal, qu&rsquo;il a \u00e9crit ses premiers textes. L\u00e0 aussi o\u00f9 il vit aujourd&rsquo;hui avec son \u00e9pouse et leurs filles, n\u00e9es le 25 d\u00e9cembre 2010. Comme une \u00e9vidence pour celui qui a chant\u00e9 Le Petit gar\u00e7on du parc Monceau.<\/p>\n<p class=\"mb-4 text-lg md:leading-8 break-words\">Dans le Journal du dimanche du 14 d\u00e9cembre, on apprend en effet que <a href=\"https:\/\/fr.news.yahoo.com\/maison-stars-didier-barbelivien-install%C3%A9-222900121.html\" data-ylk=\"slk:son appartement;elm:context_link;itc:0;sec:content-canvas;outcm:mb_qualified_link;_E:mb_qualified_link;ct:story;\" class=\"link  yahoo-link\" target=\"_blank\" rel=\"noopener\"><strong>son appartement<\/strong><\/a><strong> donne directement sur ce jardin parisien<\/strong> qui date du XVIIe si\u00e8cle. Ancienne propri\u00e9t\u00e9 du duc de Chartres, c&rsquo;est l&rsquo;un des parcs les plus pris\u00e9s de la capitale pour son romantisme et son \u00e9l\u00e9gance. Et ce n&rsquo;est pas Didier Barbelivien qui dirait le contraire. <strong>\u00ab\u00a0Le parc Monceau, j&rsquo;ai l&rsquo;impression de l&rsquo;avoir invent\u00e9, de l&rsquo;avoir dessin\u00e9\u00a0\u00bb<\/strong>, disait le chanteur et parolier dans une vid\u00e9o diffus\u00e9e sur son compte YouTube.<\/p>\n<p class=\"mb-4 text-lg md:leading-8 break-words\">Didier Barbelivien trouve l&rsquo;inspiration dans ce parc parisien romantique<\/p>\n<p class=\"mb-4 text-lg md:leading-8 break-words\">\u00ab\u00a0Depuis l&rsquo;\u00e2ge de 13 ans, je me prom\u00e8ne dans ce quartier\u00a0\u00bb, ajoutait-il. Au fil des ann\u00e9es, il a trouv\u00e9 l&rsquo;inspiration dans ses all\u00e9es arbor\u00e9es. \u00ab\u00a0Je ne m&rsquo;assois pas devant mon piano, avec ma guitare, pour composer. Je marche dans le parc et je me raconte une histoire\u00a0\u00bb, confiait-il d\u00e9j\u00e0 dans les colonnes de Paris Match. \u00c0 l&rsquo;int\u00e9rieur de son appartement ? Des plantes, des moulures au plafond, un parquet entretenu, des portraits de stars de la musique, mais aussi <strong>une belle terrasse qui donne sur le parc Monceau.<\/strong><\/p>\n<p class=\"mb-4 text-lg md:leading-8 break-words\">Didier Barbelivien ne compte pas quitter ce petit nid douillet. Il a pourtant essay\u00e9 de vivre loin de Paris. \u00ab\u00a0Un jour, j&rsquo;ai aim\u00e9 l&rsquo;id\u00e9e de d\u00e9m\u00e9nager \u00e0 Neuilly-sur-Seine. Toll\u00e9 g\u00e9n\u00e9ral ! De toute fa\u00e7on, moi, je ne me d\u00e9place plus dans Paris. Quand je bouge, c&rsquo;est pour aller \u00e0 Europe 1 ou dans ma maison de campagne. C&rsquo;est pourquoi j&rsquo;ai install\u00e9 mon h\u00e9ro\u00efne dans mon quartier\u00a0\u00bb, disait-il \u00e0 Paris Match lors de la promotion de son livre La seule fa\u00e7on d&rsquo;aimer. Quand il n&rsquo;est pas intra-muros, <a href=\"https:\/\/fr.news.yahoo.com\/didier-barbelivien-rituels-fin-semaine-063900876.html\" data-ylk=\"slk:le parolier se balade dans les Yvelines;elm:context_link;itc:0;sec:content-canvas;outcm:mb_qualified_link;_E:mb_qualified_link;ct:story;\" class=\"link  yahoo-link\" target=\"_blank\" rel=\"noopener\">le parolier se balade dans les Yvelines<\/a>.<\/p>\n<p class=\"mb-4 text-lg md:leading-8 break-words\">\u00ab\u00a0Je suis fid\u00e8le au quartier de ma jeunesse\u00a0\u00bb, dit le parolier<\/p>\n<p class=\"mb-4 text-lg md:leading-8 break-words\">Depuis plusieurs ann\u00e9es maintenant, <strong>il r\u00e9side \u00e0 Montfort-l\u2019Amaury<\/strong> avec son \u00e9pouse et leurs jumelles adolescentes. Nich\u00e9e derri\u00e8re un porche discret, la maison de Didier Barbelivien lui permet de quitter, quand il le souhaite, le tumulte parisien. Mais jamais pour bien longtemps, car le VIIIe arrondissement et le parc Monceau, qui lui rappellent son enfance et ses d\u00e9buts dans la musique, finissent toujours par lui manquer.<\/p>\n<p class=\"mb-4 text-lg md:leading-8 break-words\">\u00ab\u00a0Je suis atteint de la m\u00eame maladie que le chien, rarement transmissible \u00e0 l&rsquo;homme, qui s&rsquo;appelle la fid\u00e9lit\u00e9, confiait l&rsquo;ami de <a href=\"https:\/\/www.purepeople.com\/people\/nicolas-sarkozy_p281\" rel=\"nofollow noopener\" target=\"_blank\" data-ylk=\"slk:Nicolas Sarkozy;elm:context_link;itc:0;sec:content-canvas\" class=\"link \">Nicolas Sarkozy<\/a> au JDD. Je suis fid\u00e8le au quartier de ma jeunesse comme je suis fid\u00e8le \u00e0 mes amis depuis toujours. Et gr\u00e2ce \u00e0 mes chansons, j&rsquo;ai la chance que le public me soit fid\u00e8le. <strong>Moi, je suis un mec qui change tr\u00e8s peu<\/strong>.\u00a0\u00bb Apr\u00e8s une tourn\u00e9e o\u00f9 il c\u00e9l\u00e8bre ses quatre d\u00e9cennies de carri\u00e8re, c&rsquo;est s\u00fbrement le regard tourn\u00e9 vers le parc Monceau qu&rsquo;il se ressourcera.<\/p>\n<p class=\"mb-4 text-lg md:leading-8 break-words\"><a href=\"https:\/\/www.purepeople.com\/article\/didier-barbelivien-ouvre-les-portes-de-son-appartement-avec-vue-sur-lun-des-parcs-les-plus-elegants-de-paris-dans-le-quartier-de-son-enfance_a545574\/1\" rel=\"nofollow noopener\" target=\"_blank\" data-ylk=\"slk:Article original sur Purepeople;elm:context_link;itc:0;sec:content-canvas\" class=\"link \">Article original sur Purepeople<\/a><\/p>\n","protected":false},"excerpt":{"rendered":"\u00c0 71 ans, Didier Barbelivien est install\u00e9 depuis toujours dans le VIIIe arrondissement de Paris. Le chanteur et&hellip;\n","protected":false},"author":2,"featured_media":599596,"comment_status":"","ping_status":"","sticky":false,"template":"","format":"standard","meta":{"footnotes":""},"categories":[1888],"tags":[1111,1928,11,1927,28714,71205,1777,674,1011,27,4006,9131,12,1926,71204,626,1925,25,56540],"class_list":{"0":"post-599595","1":"post","2":"type-post","3":"status-publish","4":"format-standard","5":"has-post-thumbnail","7":"category-paris","8":"tag-actu","9":"tag-actu-paris","10":"tag-actualites","11":"tag-actualites-paris","12":"tag-didier-barbelivien","13":"tag-duc-de-chartres","14":"tag-eu","15":"tag-europe","16":"tag-fr","17":"tag-france","18":"tag-le-chanteur","19":"tag-le-journal-du-dimanche","20":"tag-news","21":"tag-news-paris","22":"tag-parc-monceau","23":"tag-paris","24":"tag-paris-news","25":"tag-republique-francaise","26":"tag-viiie-arrondissement-de-paris"},"share_on_mastodon":{"url":"https:\/\/pubeurope.com\/@fr\/115720375061886026","error":""},"_links":{"self":[{"href":"https:\/\/www.europesays.com\/fr\/wp-json\/wp\/v2\/posts\/599595","targetHints":{"allow":["GET"]}}],"collection":[{"href":"https:\/\/www.europesays.com\/fr\/wp-json\/wp\/v2\/posts"}],"about":[{"href":"https:\/\/www.europesays.com\/fr\/wp-json\/wp\/v2\/types\/post"}],"author":[{"embeddable":true,"href":"https:\/\/www.europesays.com\/fr\/wp-json\/wp\/v2\/users\/2"}],"replies":[{"embeddable":true,"href":"https:\/\/www.europesays.com\/fr\/wp-json\/wp\/v2\/comments?post=599595"}],"version-history":[{"count":0,"href":"https:\/\/www.europesays.com\/fr\/wp-json\/wp\/v2\/posts\/599595\/revisions"}],"wp:featuredmedia":[{"embeddable":true,"href":"https:\/\/www.europesays.com\/fr\/wp-json\/wp\/v2\/media\/599596"}],"wp:attachment":[{"href":"https:\/\/www.europesays.com\/fr\/wp-json\/wp\/v2\/media?parent=599595"}],"wp:term":[{"taxonomy":"category","embeddable":true,"href":"https:\/\/www.europesays.com\/fr\/wp-json\/wp\/v2\/categories?post=599595"},{"taxonomy":"post_tag","embeddable":true,"href":"https:\/\/www.europesays.com\/fr\/wp-json\/wp\/v2\/tags?post=599595"}],"curies":[{"name":"wp","href":"https:\/\/api.w.org\/{rel}","templated":true}]}}