{"id":599601,"date":"2025-12-14T22:55:44","date_gmt":"2025-12-14T22:55:44","guid":{"rendered":"https:\/\/www.europesays.com\/fr\/599601\/"},"modified":"2025-12-14T22:55:44","modified_gmt":"2025-12-14T22:55:44","slug":"la-situation-est-critique-y-a-t-il-une-embellie-ukrainienne-sur-le-front","status":"publish","type":"post","link":"https:\/\/www.europesays.com\/fr\/599601\/","title":{"rendered":"\u00ab\u00a0La situation est critique\u00a0\u00bb : y a-t-il une embellie ukrainienne sur le front ?"},"content":{"rendered":"<ul class=\"jsx-862013697 ArticleChapo__List\">\n<li class=\"jsx-862013697 ArticleChapo__List_Item flex\">L&rsquo;Ukraine assure avoir men\u00e9 une contre-offensive r\u00e9ussie \u00e0 Koupiansk.<\/li>\n<li class=\"jsx-862013697 ArticleChapo__List_Item flex\">Cela signifie-t-il que la situation va mieux pour les Ukrainiens ?<\/li>\n<li class=\"jsx-862013697 ArticleChapo__List_Item flex\">LCI fait le point en cartes.<\/li>\n<\/ul>\n<p data-module=\"article-paragraph\" class=\"jsx-3046738180 Paragraph\">\u00c0 <a href=\"https:\/\/www.tf1info.fr\/international\/ukraine-russie-la-guerre-est-toujours-affaire-aussi-de-propagande-zelensky-revendique-une-contre-offensive-eclair-a-koupiansk-2412559.html\" target=\"_blank\" rel=\"noopener\">Koupiansk<\/a>, l&rsquo;Ukraine a revendiqu\u00e9 une contre-offensive \u00e9clair, qui a permis de reprendre une partie de la ville. Le pr\u00e9sident Volodymyr Zelensky s&rsquo;est m\u00eame film\u00e9 pr\u00e8s de la ligne de front pour montrer l&rsquo;avanc\u00e9e ukrainienne. Cela signifie-t-il que la situation va mieux pour <a href=\"https:\/\/www.tf1info.fr\/international\/c-est-la-derniere-fois-que-j-ai-vu-ma-mere-le-temoignage-d-un-enfant-ukrainien-emeut-son-interprete-aux-larmes-2412588.html\" target=\"_blank\" rel=\"noopener\">l&rsquo;Ukraine <\/a>? \u00ab\u00a0Clairement, oui\u00a0\u00bb, r\u00e9pond le journaliste Brandon Waret, qui analyse la situation en cartes &#8211; \u00e0 d\u00e9couvrir dans la vid\u00e9o en t\u00eate de cet article.<\/p>\n<p data-module=\"article-paragraph\" class=\"jsx-3046738180 Paragraph Paragraph__End\">On le voit sur les cartes dans la vid\u00e9o en t\u00eate de cet article : l&rsquo;occupation russe sur la ville de Koupiansk, dans l&rsquo;oblast de Kharkiv, a bien recul\u00e9, jusque derri\u00e8re la rivi\u00e8re Oskil.<\/p>\n<p><a href=\"https:\/\/www.tf1info.fr\/international\/direct-guerre-ukraine-russie-les-europeens-demandent-des-garanties-de-securite-aux-americains-avant-toute-concession-territoriale-les-dernieres-informations-samedi-13-decembre-2025-2412532.html\" rel=\"noopener\" class=\"jsx-3308031228 Link flex\" target=\"_blank\"><img decoding=\"async\" src=\"https:\/\/www.europesays.com\/fr\/wp-content\/uploads\/2025\/07\/ukraine-russie-drapeaux-illus-87b0bf-0@1x.jpeg\" alt=\"iStock\" loading=\"lazy\" importance=\"low\" fetchpriority=\"low\" class=\"\" aria-hidden=\"true\"\/><\/p>\n<p class=\"jsx-3657663356 ReadMoreArticle__Title\">Lire aussi<\/p>\n<p class=\"jsx-3657663356\">Guerre en Ukraine : Kiev accuse Moscou d&rsquo;avoir frapp\u00e9 un cargo turc en mer Noire avec un drone<\/p>\n<p><\/a><\/p>\n<p data-module=\"article-paragraph\" class=\"jsx-3046738180 Paragraph\">Pour autant, dans le Donbass, la situation est \u00ab\u00a0diam\u00e9tralement oppos\u00e9e\u00a0\u00bb. \u00c0 Siversk, les Russes continuent d&rsquo;avancer. Ils contr\u00f4lent tout l&rsquo;est de la ville. \u00ab\u00a0On a encore des occupations ukrainiennes \u00e0 l&rsquo;ouest de ce territoire mais c&rsquo;est encore tr\u00e8s faible\u00a0\u00bb, analyse le journaliste. \u00ab\u00a0La situation est critique, l&rsquo;ennemi est retranch\u00e9 sur tout le territoire de la ville\u00a0\u00bb, a \u00e9galement avou\u00e9 une source au commandement militaire ukrainien.<\/p>\n<p data-module=\"article-paragraph\" class=\"jsx-3046738180 Paragraph Paragraph__End\">\u00c0 Pokrovsk, l\u00e0 aussi, c&rsquo;est tendu pour les Ukrainiens. \u00ab\u00a0L&rsquo;arm\u00e9e a d\u00e9ploy\u00e9 des r\u00e9serves suppl\u00e9mentaires. La situation reste tr\u00e8s difficile\u00a0\u00bb, a d\u00e9clar\u00e9 sur le r\u00e9seau Facebook Oleksander Syrsky, commandant en chef des arm\u00e9es ukrainiennes, le 13 d\u00e9cembre.<\/p>\n<p>Ga\u00eblle SHEEHAN<\/p>\n","protected":false},"excerpt":{"rendered":"L&rsquo;Ukraine assure avoir men\u00e9 une contre-offensive r\u00e9ussie \u00e0 Koupiansk. Cela signifie-t-il que la situation va mieux pour les&hellip;\n","protected":false},"author":2,"featured_media":599602,"comment_status":"","ping_status":"","sticky":false,"template":"","format":"standard","meta":{"footnotes":""},"categories":[1591],"tags":[65847,1111,11,1921,75,1887,1922,37193,12,1885,1886,132,220,1917,67457,133,1920,134],"class_list":{"0":"post-599601","1":"post","2":"type-post","3":"status-publish","4":"format-standard","5":"has-post-thumbnail","7":"category-russie","8":"tag-accord-historique-entre-la-france-et-lukraine-sur-lachat-davions-rafale","9":"tag-actu","10":"tag-actualites","11":"tag-article-video","12":"tag-donald-trump","13":"tag-federation-de-russie","14":"tag-info","15":"tag-lci-direct","16":"tag-news","17":"tag-russia","18":"tag-russian-federation","19":"tag-russie","20":"tag-ukraine","21":"tag-ukraine-4-annee-de-guerre","22":"tag-ukraine-russie-la-perspective-de-negociations-relancee","23":"tag-video","24":"tag-video-international","25":"tag-volodymyr-zelensky"},"share_on_mastodon":{"url":"https:\/\/pubeurope.com\/@fr\/115720391348920885","error":""},"_links":{"self":[{"href":"https:\/\/www.europesays.com\/fr\/wp-json\/wp\/v2\/posts\/599601","targetHints":{"allow":["GET"]}}],"collection":[{"href":"https:\/\/www.europesays.com\/fr\/wp-json\/wp\/v2\/posts"}],"about":[{"href":"https:\/\/www.europesays.com\/fr\/wp-json\/wp\/v2\/types\/post"}],"author":[{"embeddable":true,"href":"https:\/\/www.europesays.com\/fr\/wp-json\/wp\/v2\/users\/2"}],"replies":[{"embeddable":true,"href":"https:\/\/www.europesays.com\/fr\/wp-json\/wp\/v2\/comments?post=599601"}],"version-history":[{"count":0,"href":"https:\/\/www.europesays.com\/fr\/wp-json\/wp\/v2\/posts\/599601\/revisions"}],"wp:featuredmedia":[{"embeddable":true,"href":"https:\/\/www.europesays.com\/fr\/wp-json\/wp\/v2\/media\/599602"}],"wp:attachment":[{"href":"https:\/\/www.europesays.com\/fr\/wp-json\/wp\/v2\/media?parent=599601"}],"wp:term":[{"taxonomy":"category","embeddable":true,"href":"https:\/\/www.europesays.com\/fr\/wp-json\/wp\/v2\/categories?post=599601"},{"taxonomy":"post_tag","embeddable":true,"href":"https:\/\/www.europesays.com\/fr\/wp-json\/wp\/v2\/tags?post=599601"}],"curies":[{"name":"wp","href":"https:\/\/api.w.org\/{rel}","templated":true}]}}