{"id":599603,"date":"2025-12-14T22:57:14","date_gmt":"2025-12-14T22:57:14","guid":{"rendered":"https:\/\/www.europesays.com\/fr\/599603\/"},"modified":"2025-12-14T22:57:14","modified_gmt":"2025-12-14T22:57:14","slug":"replay-guerre-en-ukraine-les-pourparlers-entre-zelensky-et-les-emissaires-americains-sont-termines-et-reprendront-demain","status":"publish","type":"post","link":"https:\/\/www.europesays.com\/fr\/599603\/","title":{"rendered":"REPLAY. Guerre en Ukraine\u00a0: les pourparlers entre Zelensky et les \u00e9missaires am\u00e9ricains sont termin\u00e9s et reprendront demain"},"content":{"rendered":"<p>23h32.<\/p>\n<p>C&rsquo;est la fin de ce direct, merci de l&rsquo;avoir suivi, bonne soir\u00e9e.<\/p>\n<p>21h21.Les pourparlers entre Zelensky et les \u00e9missaires am\u00e9ricains se poursuivront demain<\/p>\n<p class=\"live-post__amorce\">Les pourparlers \u00e0 Berlin entre Volodymyr Zelensky et les \u00e9missaires am\u00e9ricains Steve Witkoff et Jared Kushner, aux c\u00f4t\u00e9s du chancelier allemand Friedrich Merz, se sont termin\u00e9s dimanche apr\u00e8s plus de cinq heures d&rsquo;\u00e9changes et se poursuivront lundi, a indiqu\u00e9 Kiev.<\/p>\n<p class=\"live-post__amorce\">Ils \u00ab\u00a0ont convenu de continuer demain\u00a0\u00bb, a indiqu\u00e9 \u00e0 la presse le conseiller du pr\u00e9sident ukrainien, Dmytro Lytvyn, pr\u00e9cisant que Volodymyr Zelensky s&rsquo;exprimerait lundi sur le sujet.<\/p>\n<p>14h54.Volodymyr Zelensky et l&rsquo;Ukraine sont pr\u00eats \u00e0 renoncer \u00e0 une adh\u00e9sion \u00e0 l&rsquo;OTAN<\/p>\n<p class=\"live-post__amorce\">Voldymyr Zelensky est arriv\u00e9 \u00e0 Berlin ce dimanche pour entamer des pourparlers avec des \u00e9missaires am\u00e9ricains \u2013 notamment Steve Witkoff et Jared Kushner \u2013 dans l\u2019espoir de convaincre Washington qu\u2019un cessez-le-feu doit \u00eatre mis en place en Ukraine sans concessions territoriales pr\u00e9alables \u00e0 la Russie.<\/p>\n<p class=\"live-post__amorce\"> <a href=\"https:\/\/www.ladepeche.fr\/2025\/12\/14\/guerre-en-ukraine-cest-deja-un-compromis-de-notre-part-volodymyr-zelensky-et-kiev-renoncent-a-une-adhesion-a-lotan-13110615.php\" target=\"_blank\" rel=\"noopener noreferrer nofollow\" class=\"\">\ud83d\udc49Notre article ici.<\/a> <\/p>\n<p>14h51.Une attaque de drone en mer Caspienne : Comment Kiev arrive \u00e0 frapper \u00e0 700 km de ses fronti\u00e8res ?<\/p>\n<p class=\"live-post__amorce\">Le Service de s\u00e9curit\u00e9 ukrainien (SBU) a men\u00e9 une attaque historique contre deux plateformes p\u00e9troli\u00e8res russes en mer Caspienne, \u00e0 700 kilom\u00e8tres de ses fronti\u00e8res. Ces frappes, qui rappellent l\u2019op\u00e9ration \u00ab\u00a0Toile d\u2019araign\u00e9e\u00a0\u00bb, ont contraint le g\u00e9ant Lukoil \u00e0 suspendre sa production.<\/p>\n<p class=\"std-elt__inline\">\n        <strong>\u00c0 lire aussi :<\/strong><br \/>\n        <a href=\"https:\/\/www.ladepeche.fr\/2025\/12\/14\/guerre-en-ukraine-une-attaque-de-drone-en-mer-caspienne-comment-kiev-arrive-a-frapper-a-700-km-de-ses-frontieres-13110147.php\" target=\"_blank\" rel=\"noopener\">Guerre en Ukraine\u00a0: une attaque de drone en mer Caspienne\u2026 Comment Kiev arrive \u00e0 frapper \u00e0 700\u00a0km de ses fronti\u00e8res\u00a0?<\/a>\n    <\/p>\n<p>13h52.Le pr\u00e9sident ukrainien est arriv\u00e9 \u00e0 Berlin<\/p>\n<p class=\"live-post__amorce\">Le pr\u00e9sident ukrainien est arriv\u00e9 \u00e0 Berlin pour des pourparlers dimanche et lundi avec des responsables am\u00e9ricains et europ\u00e9ens en vue de trouver une issue diplomatique \u00e0 la guerre, et convaincre Washington de renoncer \u00e0 des concessions territoriales majeures \u00e0 la Russie.Am\u00e9ricains et Allemands n&rsquo;ont rien dit de l&rsquo;agenda, mais selon le tablo\u00efd allemand Bild, Volodymyr Zelensky doit \u00eatre re\u00e7u dimanche par le chancelier Friedrich Merz.<\/p>\n<p>09h57.\u00a0Trump envoie Steve Witkoff rencontrer Zelensky et les Europ\u00e9ens<\/p>\n<p class=\"live-post__amorce\">L&rsquo;\u00e9missaire am\u00e9ricain Steve Witkoff arrive \u00e0 Berlin ce week-end pour rencontrer Volodymyr Zelensky et des dirigeants europ\u00e9ens, au moment o\u00f9 les Etats-Unis poussent l&rsquo;Ukraine \u00e0 des concessions majeures pour mettre fin au conflit avec la Russie.<\/p>\n<p>09h09.\u00a0Une femme de 80 ans a \u00e9t\u00e9 tu\u00e9e en Ukraine<\/p>\n<p class=\"live-post__amorce\">C\u00f4t\u00e9 ukrainien, le pr\u00e9sident Zelensky a fait \u00e9tat samedi de plus d&rsquo;une douzaine d&rsquo;installations civiles en Ukraine endommag\u00e9es par des frappes russes, privant d&rsquo;\u00e9lectricit\u00e9 des milliers de personnes dans sept r\u00e9gions. Une femme de 80 ans a \u00e9t\u00e9 tu\u00e9e dans la r\u00e9gion de Soumy (nord-est), selon le gouverneur r\u00e9gional.<\/p>\n<p>08h40.Que se passe-t-il en mer Noire ?<\/p>\n<p class=\"live-post__amorce\">La tension ne cesse de cro\u00eetre en mer Noire. Ce samedi 13 d\u00e9cembre, l\u2019Ukraine a accus\u00e9 le Kremlin d\u2019avoir frapp\u00e9, avec un drone, un cargo turc transportant onze citoyens \u00e0 bord.Cette attaque intervient au lendemain d\u2019une frappe a\u00e9rienne russe ayant endommag\u00e9, selon Kiev, un autre navire de transport turc pr\u00e8s du port d\u2019Odessa.<\/p>\n<p class=\"std-elt__inline\">\n        <strong>\u00c0 lire aussi :<\/strong><br \/>\n        <a href=\"https:\/\/www.ladepeche.fr\/2025\/12\/13\/guerre-en-ukraine-navires-turcs-frappes-moscou-accuse-par-kiev-de-violer-cyniquement-le-droit-maritime-que-se-passe-t-il-en-mer-noire-13109228.php\" target=\"_blank\" rel=\"noopener\">Guerre en Ukraine\u00a0: navires turcs frapp\u00e9s, Moscou accus\u00e9 par Kiev de violer \u00ab\u00a0cyniquement\u00a0\u00bb le droit maritime\u2026 Que se passe-t-il en mer Noire\u00a0?<\/a>\n    <\/p>\n","protected":false},"excerpt":{"rendered":"23h32. C&rsquo;est la fin de ce direct, merci de l&rsquo;avoir suivi, bonne soir\u00e9e. 21h21.Les pourparlers entre Zelensky et&hellip;\n","protected":false},"author":2,"featured_media":599604,"comment_status":"","ping_status":"","sticky":false,"template":"","format":"standard","meta":{"footnotes":""},"categories":[1590],"tags":[11,1777,674,329,131,14,12,220],"class_list":{"0":"post-599603","1":"post","2":"type-post","3":"status-publish","4":"format-standard","5":"has-post-thumbnail","7":"category-ukraine","8":"tag-actualites","9":"tag-eu","10":"tag-europe","11":"tag-france-monde","12":"tag-guerre-en-ukraine","13":"tag-international","14":"tag-news","15":"tag-ukraine"},"share_on_mastodon":{"url":"https:\/\/pubeurope.com\/@fr\/115720398183496907","error":""},"_links":{"self":[{"href":"https:\/\/www.europesays.com\/fr\/wp-json\/wp\/v2\/posts\/599603","targetHints":{"allow":["GET"]}}],"collection":[{"href":"https:\/\/www.europesays.com\/fr\/wp-json\/wp\/v2\/posts"}],"about":[{"href":"https:\/\/www.europesays.com\/fr\/wp-json\/wp\/v2\/types\/post"}],"author":[{"embeddable":true,"href":"https:\/\/www.europesays.com\/fr\/wp-json\/wp\/v2\/users\/2"}],"replies":[{"embeddable":true,"href":"https:\/\/www.europesays.com\/fr\/wp-json\/wp\/v2\/comments?post=599603"}],"version-history":[{"count":0,"href":"https:\/\/www.europesays.com\/fr\/wp-json\/wp\/v2\/posts\/599603\/revisions"}],"wp:featuredmedia":[{"embeddable":true,"href":"https:\/\/www.europesays.com\/fr\/wp-json\/wp\/v2\/media\/599604"}],"wp:attachment":[{"href":"https:\/\/www.europesays.com\/fr\/wp-json\/wp\/v2\/media?parent=599603"}],"wp:term":[{"taxonomy":"category","embeddable":true,"href":"https:\/\/www.europesays.com\/fr\/wp-json\/wp\/v2\/categories?post=599603"},{"taxonomy":"post_tag","embeddable":true,"href":"https:\/\/www.europesays.com\/fr\/wp-json\/wp\/v2\/tags?post=599603"}],"curies":[{"name":"wp","href":"https:\/\/api.w.org\/{rel}","templated":true}]}}