{"id":599605,"date":"2025-12-14T22:58:16","date_gmt":"2025-12-14T22:58:16","guid":{"rendered":"https:\/\/www.europesays.com\/fr\/599605\/"},"modified":"2025-12-14T22:58:16","modified_gmt":"2025-12-14T22:58:16","slug":"usa-deux-morts-et-neuf-blesses-apres-une-fusillade-a-luniversite-de-brown-a-la-une-linfo-du-jour","status":"publish","type":"post","link":"https:\/\/www.europesays.com\/fr\/599605\/","title":{"rendered":"USA-Deux morts et neuf bless\u00e9s apr\u00e8s une fusillade \u00e0 l&rsquo;universit\u00e9 de Brown &#8211; A LA UNE &#8211; L\u2019info du jour"},"content":{"rendered":"<p class=\"post_meta\">14 d\u00e9cembre 2025Reuters<\/p>\n<p>13 d\u00e9cembre (Reuters) \u2013 La police am\u00e9ricaine a arr\u00eat\u00e9 un suspect apr\u00e8s une fusillade qui a fait deux morts et neuf bless\u00e9s samedi dans la prestigieuse universit\u00e9 de Brown \u00e0 Providence, dans l\u2019Etat de Rhode Island.<\/p>\n<p>Le chef de la police de Providence, Oscar Perez, a d\u00e9clar\u00e9 dimanche lors d\u2019une conf\u00e9rence de presse que le suspect \u00e9tait \u00e2g\u00e9 d\u2019une vingtaine d\u2019ann\u00e9es, mais a refus\u00e9 de donner d\u2019autres d\u00e9tails, \u00e9voquant l\u2019enqu\u00eate en cours.<\/p>\n<p>Le directeur du FBI, Kash Patel, a indiqu\u00e9 sur X que cette personne avait \u00e9t\u00e9 arr\u00eat\u00e9e dans une chambre d\u2019h\u00f4tel de la ville de Coventry, dans l\u2019\u00c9tat de Rhode Island, \u00e0 30 minutes de route du campus de Brown, pr\u00e9cisant que des informations de g\u00e9olocalisation avaient \u00e9t\u00e9 utilis\u00e9es pour retrouver le suspect.<\/p>\n<p>Sept personnes bless\u00e9es \u00e0 l\u2019universit\u00e9 de Brown sont dans un \u00e9tat stable, a d\u00e9clar\u00e9 dimanche le maire de Providence, Brett Smiley. Une victime reste dans un \u00e9tat critique mais stable, tandis qu\u2019une autre est sortie de l\u2019h\u00f4pital, a-t-il ajout\u00e9.<\/p>\n<p>Brett Smiley a indiqu\u00e9 que l\u2019ordre de confinement concernant les quartiers voisins avait \u00e9t\u00e9 lev\u00e9 apr\u00e8s l\u2019arrestation, mais que certaines rues restaient ferm\u00e9es pendant que les enqu\u00eateurs travaillaient sur les lieux, ajoutant que les habitants devaient s\u2019attendre \u00e0 une pr\u00e9sence polici\u00e8re visible dans toute la ville.<\/p>\n<p>\u00ab\u00a0Les habitants de Providence devraient respirer un peu mieux ce matin\u00a0\u00bb, a \u00e9galement d\u00e9clar\u00e9 le maire.<\/p>\n<p>L\u2019universit\u00e9 de Brown a fait savoir dimanche dans un communiqu\u00e9 que la police avait \u00e9galement lev\u00e9 l\u2019ordre de confinement sur son campus de Rhode Island.<\/p>\n<p>Plus de 400 agents des forces de l\u2019ordre avaient \u00e9t\u00e9 d\u00e9ploy\u00e9s samedi alors que la police recherchait le suspect de la fusillade, qui s\u2019\u00e9tait introduit avec une arme \u00e0 feu dans un b\u00e2timent o\u00f9 des \u00e9tudiants passaient des examens.<\/p>\n<p>L\u2019acc\u00e8s \u00e0 certaines parties du campus restait restreint dimanche, la police maintenant un p\u00e9rim\u00e8tre de s\u00e9curit\u00e9 autour du Minden Hall et des immeubles d\u2019habitation voisins, a d\u00e9clar\u00e9 l\u2019universit\u00e9, dont le campus compte des centaines de b\u00e2timents, dont des amphith\u00e9\u00e2tres, des laboratoires et des dortoirs.<\/p>\n<p>\u00ab\u00a0LE JOUR QUE L\u2019ON ESP\u00c8RE NE JAMAIS VOIR ARRIVER\u00a0\u00bb    <\/p>\n<p>Les autorit\u00e9s ont diffus\u00e9 une courte vid\u00e9o montrant une personne v\u00eatue de noir marchant pr\u00e8s du b\u00e2timent d\u2019ing\u00e9nierie. Le chef adjoint de la police de Providence, Timothy O\u2019Hara, a d\u00e9clar\u00e9 samedi que l\u2019individu portait peut-\u00eatre un masque, mais que les autorit\u00e9s n\u2019en \u00e9taient pas certaines.<\/p>\n<p>Les enqu\u00eateurs ont retrouv\u00e9 des douilles sur les lieux de la fusillade, a ajout\u00e9 Timothy O\u2019Hara.<\/p>\n<p>Selon les autorit\u00e9s, le tireur s\u2019est enfui apr\u00e8s avoir tir\u00e9 sur des \u00e9tudiants dans une salle de classe du b\u00e2timent d\u2019ing\u00e9nierie de Brown.    <\/p>\n<p>Joseph Oduro, un assistant d\u2019enseignement \u00e2g\u00e9 de 21 ans, a d\u00e9clar\u00e9 \u00e0 CNN qu\u2019il se trouvait dans une salle de classe attaqu\u00e9e.<\/p>\n<p>\u00ab\u00a0Les deux premiers coups de feu ont atteint directement le tableau, juste l\u00e0 o\u00f9 je me tenais\u00a0\u00bb, a-t-il d\u00e9clar\u00e9. \u00ab\u00a0Qui sait, si je ne m\u2019\u00e9tais pas baiss\u00e9, peut-\u00eatre que je ne serais pas l\u00e0 aujourd\u2019hui\u00a0\u00bb, a-t-il ajout\u00e9, pr\u00e9cisant qu\u2019un \u00e9tudiant qui se trouvait \u00e0 c\u00f4t\u00e9 de lui avait re\u00e7u deux balles dans la jambe et devait \u00eatre op\u00e9r\u00e9 dimanche.<\/p>\n<p>La pr\u00e9sidente de l\u2019universit\u00e9, Christina Paxson, a d\u00e9clar\u00e9 lors d\u2019une conf\u00e9rence de presse que toutes les victimes, ou presque, \u00e9taient des \u00e9tudiants. \u00ab\u00a0C\u2019est le jour que l\u2019on esp\u00e8re ne jamais voir arriver, et il est arriv\u00e9\u00a0\u00bb, a-t-elle dit. <\/p>\n<p>L\u2019universit\u00e9 de Brown fait partie de la tr\u00e8s ferm\u00e9e \u00ab\u00a0Ivy League\u00a0\u00bb rassemblant les \u00e9tablissements sup\u00e9rieurs d\u2019\u00e9lite am\u00e9ricains.<\/p>\n<p>La traque du suspect a \u00e9t\u00e9 compliqu\u00e9e par l\u2019affluence dans le centre-ville de Providence, alors que des milliers de personnes s\u2019y massaient pour assister \u00e0 des concerts ou y effectuer leurs achats de No\u00ebl, ont rapport\u00e9 les m\u00e9dias locaux.<\/p>\n<p>Le pr\u00e9sident Donald Trump a dit aux journalistes avoir \u00e9t\u00e9 inform\u00e9 de la situation qu\u2019il a qualifi\u00e9e de \u00ab\u00a0terrible\u00a0\u00bb.<\/p>\n<p>\u00ab\u00a0Nous ne pouvons que prier pour les victimes et ceux qui ont \u00e9t\u00e9 gravement bless\u00e9s\u00a0\u00bb, a-t-il d\u00e9clar\u00e9.<\/p>\n<p> (Chris Prentice \u00e0 New York et Jason Lange \u00e0 Washington, r\u00e9dig\u00e9 par Raphael Satter ; version fran\u00e7aise Camille Raynaud, Tangi Sala\u00fcn et Benjamin Mallet)<\/p>\n<p><a href=\"https:\/\/chretiens.com\/?attachment_id=\" target=\"_blank\" rel=\"noopener\"><img decoding=\"async\" src=\"\" alt=\"tagreuters.com2025binary_LYNXMPELBD003-FILEDIMAGE\"\/><\/a><\/p>\n<p>\t\t\t\t\t\t\t\t\t\t\t<a class=\"ad ad_below\" href=\"https:\/\/www.jefaisundon.com\/soutenir\/\" target=\"_blank\" rel=\"noopener\"><br \/>\n\t\t\t\t\t\t\t<img decoding=\"async\" src=\"https:\/\/www.europesays.com\/fr\/wp-content\/uploads\/2025\/12\/JEFAISUNDON.jpeg\" alt=\"Chr\u00e9tiens TV\"\/><br \/>\n\t\t\t\t\t\t<\/a><\/p>\n<p style=\"display: inline;\">\nLes chr\u00e9tiens protestants et \u00e9vang\u00e9liques ont longtemps sous-estim\u00e9 le pouvoir des m\u00e9dias. Les r\u00e9centes pol\u00e9miques concernant des reportages \u00e0 charge contre les plus grandes \u00e9glises \u00e9vang\u00e9liques fran\u00e7aises pose la question des intentions des patrons des m\u00e9dias, de ces milliardaires qui ont surinvesti ce champ de bataille id\u00e9ologique.<\/p>\n<p style=\"display: inline;\">\nLes achats de m\u00e9dias par des milliardaires ne sont pas toujours motiv\u00e9s par la rentabilit\u00e9 financi\u00e8re, mais plut\u00f4t par des int\u00e9r\u00eats id\u00e9ologiques. Ils ach\u00e8tent les m\u00e9dias pour influencer l&rsquo;opinion publique, mener des batailles culturelles et maintenir leur pouvoir \u00e9conomique et social.<\/p>\n<p style=\"display: inline;\">\nL\u2019influence grandissante des \u00e9vang\u00e9liques g\u00eane certains patrons des m\u00e9dias qui, disons-le, sont engag\u00e9s dans des loges ou des sectes pernicieuses. Tr\u00e8s puissante aux \u00c9tats-Unis, o\u00f9 de nombreuses personnalit\u00e9s ont renonc\u00e9 \u00e0 l&rsquo;occultisme et \u00e0 la d\u00e9bauche pour se convertir \u00e0 la foi \u00e9vang\u00e9lique, la perc\u00e9 de cette frange chr\u00e9tienne de plus en plus pr\u00e9sente en France fait trembler le monde des t\u00e9n\u00e8bres.<\/p>\n<p style=\"display: inline;\">\nA l&rsquo;heure actuelle, les cha\u00eenes d\u2019info font l\u2019agenda, nourrissent les r\u00e9seaux sociaux, orientent les d\u00e9bats publics. Le Journal Chr\u00e9tien et sa cha\u00eene Chr\u00e9tiens TV veulent aller sur leur terrain en investissant la sph\u00e8re politique et m\u00e9diatique pour y proposer une autre hi\u00e9rarchie de l\u2019information.<br \/>\nIl est question de mener la bataille culturelle pour faire contrepoids aux groupes de m\u00e9dias hostiles aux Evang\u00e9liques.<\/p>\n<p style=\"display: inline;\">\nNous avons l\u2019ambition de d\u00e9velopper une plateforme de m\u00e9dias suffisamment comp\u00e9titive. Vos dons nous permettront de cr\u00e9er des \u00e9missions chr\u00e9tiennes de qualit\u00e9, de r\u00e9aliser plus d\u2019investigation, de reportages et d\u2019enqu\u00eates de terrain, d&rsquo;organiser des d\u00e9bats sur des sujets de soci\u00e9t\u00e9, et de recruter du personnel comp\u00e9tent.<\/p>\n<p style=\"display: inline;\">\nIl nous faudra \u00e9galement d\u00e9velopper davantage notre pr\u00e9sence sur le terrain, produire plus de reportages, investir dans du mat\u00e9riel.<\/p>\n","protected":false},"excerpt":{"rendered":"14 d\u00e9cembre 2025Reuters 13 d\u00e9cembre (Reuters) \u2013 La police am\u00e9ricaine a arr\u00eat\u00e9 un suspect apr\u00e8s une fusillade qui&hellip;\n","protected":false},"author":2,"featured_media":599606,"comment_status":"","ping_status":"","sticky":false,"template":"","format":"standard","meta":{"footnotes":""},"categories":[1589],"tags":[11,73,1866,53515,12,1864,1865,1863,308],"class_list":{"0":"post-599605","1":"post","2":"type-post","3":"status-publish","4":"format-standard","5":"has-post-thumbnail","7":"category-etats-unis","8":"tag-actualites","9":"tag-etats-unis","10":"tag-etats-unis-damerique","11":"tag-linfo-du-jour","12":"tag-news","13":"tag-united-states","14":"tag-united-states-of-america","15":"tag-us","16":"tag-usa"},"share_on_mastodon":{"url":"https:\/\/pubeurope.com\/@fr\/115720403333223984","error":""},"_links":{"self":[{"href":"https:\/\/www.europesays.com\/fr\/wp-json\/wp\/v2\/posts\/599605","targetHints":{"allow":["GET"]}}],"collection":[{"href":"https:\/\/www.europesays.com\/fr\/wp-json\/wp\/v2\/posts"}],"about":[{"href":"https:\/\/www.europesays.com\/fr\/wp-json\/wp\/v2\/types\/post"}],"author":[{"embeddable":true,"href":"https:\/\/www.europesays.com\/fr\/wp-json\/wp\/v2\/users\/2"}],"replies":[{"embeddable":true,"href":"https:\/\/www.europesays.com\/fr\/wp-json\/wp\/v2\/comments?post=599605"}],"version-history":[{"count":0,"href":"https:\/\/www.europesays.com\/fr\/wp-json\/wp\/v2\/posts\/599605\/revisions"}],"wp:featuredmedia":[{"embeddable":true,"href":"https:\/\/www.europesays.com\/fr\/wp-json\/wp\/v2\/media\/599606"}],"wp:attachment":[{"href":"https:\/\/www.europesays.com\/fr\/wp-json\/wp\/v2\/media?parent=599605"}],"wp:term":[{"taxonomy":"category","embeddable":true,"href":"https:\/\/www.europesays.com\/fr\/wp-json\/wp\/v2\/categories?post=599605"},{"taxonomy":"post_tag","embeddable":true,"href":"https:\/\/www.europesays.com\/fr\/wp-json\/wp\/v2\/tags?post=599605"}],"curies":[{"name":"wp","href":"https:\/\/api.w.org\/{rel}","templated":true}]}}