{"id":599609,"date":"2025-12-14T23:02:16","date_gmt":"2025-12-14T23:02:16","guid":{"rendered":"https:\/\/www.europesays.com\/fr\/599609\/"},"modified":"2025-12-14T23:02:16","modified_gmt":"2025-12-14T23:02:16","slug":"allemagne-le-bayern-accroche-pour-la-premiere-fois-a-domicile-par-la-lanterne-rouge-mayence","status":"publish","type":"post","link":"https:\/\/www.europesays.com\/fr\/599609\/","title":{"rendered":"Allemagne: le Bayern accroch\u00e9 pour la premi\u00e8re fois \u00e0 domicile par la lanterne rouge Mayence"},"content":{"rendered":"<p class=\"mb-4 text-lg md:leading-8 break-words\">Le Bayern est pass\u00e9 tout pr\u00e8s d&rsquo;un \u00e9chec retentissant dimanche face \u00e0 la lanterne rouge Mayence: longtemps men\u00e9s, les champions d&rsquo;Allemagne ont sauv\u00e9 l&rsquo;essentiel mais conc\u00e9d\u00e9 leur premier match nul \u00e0 domicile (2-2), dont n&rsquo;ont pas su profiter les poursuivants Leipzig et Dortmund, lors de la 14e journ\u00e9e.<\/p>\n<p class=\"mb-4 text-lg md:leading-8 break-words\">Intraitables depuis le d\u00e9but de la saison avec 12 victoires et un nul et 37 points pris sur 39, les Bavarois avaient l&rsquo;habitude de ne laisser que des miettes \u00e0 leurs adversaires. Leur seul faux pas jusqu&rsquo;alors \u00e9tait un nul sur le terrain de l&rsquo;Union Berlin, le 8 novembre (2-2).<\/p>\n<p class=\"mb-4 text-lg md:leading-8 break-words\">Mayence, 18e et bon dernier de Bundesliga avec six points et un seul succ\u00e8s en treize rencontres, avait tout de la victime d\u00e9sign\u00e9e pour une nouvelle correction.\u00a0D&rsquo;autant que le club rh\u00e9nan avait l&rsquo;habitude de repartir de Munich sur des scores fleuves: 6-0 en mars 2018, 6-1 en ao\u00fbt 2019, 5-2 en janvier 2021, 6-2 en octobre 2022 et 8-1 en mars 2024.<\/p>\n<p class=\"mb-4 text-lg md:leading-8 break-words\">Comme pr\u00e9vu, les visiteurs ont d&rsquo;abord ploy\u00e9 face au rouleau compresseur bavarois.<\/p>\n<p class=\"mb-4 text-lg md:leading-8 break-words\">Lennart Karl, le prodige de 17 ans, a ouvert le score \u00e0 la 29e minute sur une remise de Serge Gnabry \u00e0 l&rsquo;issue d&rsquo;un mouvement initi\u00e9 par Michael Olise et relay\u00e9 par Harry Kane.<\/p>\n<p class=\"mb-4 text-lg md:leading-8 break-words\">Mardi dernier, Karl avait contribu\u00e9 \u00e0 la victoire renversante du Bayern contre le Sporting Portugal\u00a0(3-1) en Ligue des champions, devenant \u00e0 17 ans et 290 jours le plus jeune joueur \u00e0 marquer dans trois matches cons\u00e9cutifs de C1 (contre Bruges, \u00e0 Arsenal et contre le Sporting).<\/p>\n<p class=\"mb-4 text-lg md:leading-8 break-words\">En d\u00e9pit d&rsquo;une domination outrageante des champions en titre (85% de possession, 11 tirs cadr\u00e9s \u00e0 2 et sept corners \u00e0 z\u00e9ro), Mayence a r\u00e9ussi \u00e0 recoller dans le temps additionnel de la premi\u00e8re p\u00e9riode gr\u00e2ce \u00e0 une t\u00eate du d\u00e9fenseur Kacper Potulski \u00e0 la r\u00e9ception d&rsquo;un coup franc (45e+2).<\/p>\n<p class=\"mb-4 text-lg md:leading-8 break-words\">La mainmise du Bayern, toujours aussi forte \u00e0 la reprise, est rest\u00e9e st\u00e9rile avec tr\u00e8s peu de positions de frappe pour les joueurs de Vincent Kompany.<\/p>\n<p class=\"mb-4 text-lg md:leading-8 break-words\">C&rsquo;est Mayence qui a une nouvelle fois plomb\u00e9 l&rsquo;ambiance avec un but de Jae-sung Lee d&rsquo;une t\u00eate crois\u00e9e qui a tromp\u00e9 Manuel Neuer (67e).<\/p>\n<p class=\"mb-4 text-lg md:leading-8 break-words\">&#8211; Des poursuivants \u00e0 distance &#8211;<\/p>\n<p class=\"mb-4 text-lg md:leading-8 break-words\">Les Munichois ont press\u00e9 en fin de match mais se sont souvent heurt\u00e9s au gardien Daniel Batz, qui n&rsquo;a cependant rien pu faire face \u00e0 Harry Kane qui a remis les deux \u00e9quipes \u00e0 \u00e9galit\u00e9 sur p\u00e9nalty (87e).<\/p>\n<p class=\"mb-4 text-lg md:leading-8 break-words\">\u00ab\u00a0Quand vous affrontez des \u00e9quipes qui se battent pour chaque point, elles savent bien d\u00e9fendre, elles savent prot\u00e9ger leur surface, elles savent faire des arr\u00eats, des blocages&#8230; et c&rsquo;est exactement ce qui s&rsquo;est pass\u00e9\u00a0\u00bb, a comment\u00e9 le meilleur buteur du championnat (18 buts) au micro de DAZN.<\/p>\n<p class=\"mb-4 text-lg md:leading-8 break-words\">Cette saison, le Bayern a subi sa seule d\u00e9faite le 26 novembre en Ligue des champions \u00e0 Arsenal (3-1).<\/p>\n<p class=\"mb-4 text-lg md:leading-8 break-words\">Certes frein\u00e9 en championnat, le Bayern peut voir venir car ses poursuivants ont eux aussi marqu\u00e9 le pas et restent \u00e0 bonne distance. Le troisi\u00e8me, Dortmund (29 pts), n&rsquo;a pu faire mieux qu&rsquo;un nul 1-1 dimanche \u00e0 Fribourg.<\/p>\n<p class=\"mb-4 text-lg md:leading-8 break-words\">Les joueurs de la Ruhr, r\u00e9duits \u00e0 dix apr\u00e8s l&rsquo;expulsion de Jobe Bellingham, n&rsquo;ont pas profit\u00e9 du faux pas du RB Leipzig (29 pts), battu vendredi soir par l&rsquo;Union Berlin (3-1) mais toujours dauphin gr\u00e2ce \u00e0 une meilleure diff\u00e9rence de buts.<\/p>\n<p class=\"mb-4 text-lg md:leading-8 break-words\">Dimanche soir, Stuttgart est all\u00e9 s&rsquo;imposer 4-0 \u00e0 Br\u00eame, ce qui lui permet de grimper \u00e0 la sixi\u00e8me place (25 pts).<\/p>\n<p class=\"mb-4 text-lg md:leading-8 break-words\">Lors de la prochaine journ\u00e9e, samedi, Leipzig recevra Leverkusen (4e) et Dortmund accueillera Monchengladbach (11e).\u00a0Nul doute que, pour sa part, le Bayern se m\u00e9fiera de son d\u00e9placement \u00e0 Heidenheim, actuel avant-dernier.<\/p>\n<p class=\"mb-4 text-lg md:leading-8 break-words\">bur-dar\/hpa<\/p>\n","protected":false},"excerpt":{"rendered":"Le Bayern est pass\u00e9 tout pr\u00e8s d&rsquo;un \u00e9chec retentissant dimanche face \u00e0 la lanterne rouge Mayence: longtemps men\u00e9s,&hellip;\n","protected":false},"author":2,"featured_media":599610,"comment_status":"","ping_status":"","sticky":false,"template":"","format":"standard","meta":{"footnotes":""},"categories":[1587],"tags":[11,672,13254,1804,1805,1803,8099,1777,674,1801,17523,71208,71210,71206,447,17531,47730,4785,71209,12,18012,1802,71207,12500,6564],"class_list":{"0":"post-599609","1":"post","2":"type-post","3":"status-publish","4":"format-standard","5":"has-post-thumbnail","7":"category-allemagne","8":"tag-actualites","9":"tag-allemagne","10":"tag-bayern","11":"tag-bundesrepublik-deutschland","12":"tag-de","13":"tag-deutschland","14":"tag-dortmund","15":"tag-eu","16":"tag-europe","17":"tag-germany","18":"tag-harry-kane","19":"tag-jobe-bellingham","20":"tag-lennard-maloney","21":"tag-lennart-karl","22":"tag-ligue-des-champions","23":"tag-manuel-neuer","24":"tag-mayence","25":"tag-michael-olise","26":"tag-monchengladbach","27":"tag-news","28":"tag-rb-leipzig","29":"tag-republique-federale-dallemagne","30":"tag-serge-gnabry","31":"tag-stuttgart","32":"tag-su"},"share_on_mastodon":{"url":"https:\/\/pubeurope.com\/@fr\/115720417720996783","error":""},"_links":{"self":[{"href":"https:\/\/www.europesays.com\/fr\/wp-json\/wp\/v2\/posts\/599609","targetHints":{"allow":["GET"]}}],"collection":[{"href":"https:\/\/www.europesays.com\/fr\/wp-json\/wp\/v2\/posts"}],"about":[{"href":"https:\/\/www.europesays.com\/fr\/wp-json\/wp\/v2\/types\/post"}],"author":[{"embeddable":true,"href":"https:\/\/www.europesays.com\/fr\/wp-json\/wp\/v2\/users\/2"}],"replies":[{"embeddable":true,"href":"https:\/\/www.europesays.com\/fr\/wp-json\/wp\/v2\/comments?post=599609"}],"version-history":[{"count":0,"href":"https:\/\/www.europesays.com\/fr\/wp-json\/wp\/v2\/posts\/599609\/revisions"}],"wp:featuredmedia":[{"embeddable":true,"href":"https:\/\/www.europesays.com\/fr\/wp-json\/wp\/v2\/media\/599610"}],"wp:attachment":[{"href":"https:\/\/www.europesays.com\/fr\/wp-json\/wp\/v2\/media?parent=599609"}],"wp:term":[{"taxonomy":"category","embeddable":true,"href":"https:\/\/www.europesays.com\/fr\/wp-json\/wp\/v2\/categories?post=599609"},{"taxonomy":"post_tag","embeddable":true,"href":"https:\/\/www.europesays.com\/fr\/wp-json\/wp\/v2\/tags?post=599609"}],"curies":[{"name":"wp","href":"https:\/\/api.w.org\/{rel}","templated":true}]}}