{"id":599625,"date":"2025-12-14T23:15:25","date_gmt":"2025-12-14T23:15:25","guid":{"rendered":"https:\/\/www.europesays.com\/fr\/599625\/"},"modified":"2025-12-14T23:15:25","modified_gmt":"2025-12-14T23:15:25","slug":"cyclo-cross-van-der-poel-simpose-a-namur-malgre-une-chute-sports","status":"publish","type":"post","link":"https:\/\/www.europesays.com\/fr\/599625\/","title":{"rendered":"Cyclo-cross : Van der Poel s&rsquo;impose \u00e0 Namur malgr\u00e9 une chute : Sports"},"content":{"rendered":"<p class=\"date\">\n                                                            Mathieu Warnier, Media365, publi\u00e9 le dimanche 14 d\u00e9cembre 2025 \u00e0 22h25\n                                                    <\/p>\n<p>Pour sa premi\u00e8re course de cyclo-cross de l&rsquo;hiver, Mathieu van der Poel s&rsquo;est impos\u00e9 \u00e0 Namur devant Thibaut Nys et Michael Vanthourenhout apr\u00e8s avoir \u00e9t\u00e9 \u00e0 terre \u00e0 mi-distance.<\/p>\n<p>Mathieu van der Poel n&rsquo;a pas perdu ses rep\u00e8res. Alors qu&rsquo;il a retard\u00e9 le d\u00e9but de sa saison de cyclo-cross jusqu&rsquo;\u00e0 la quatri\u00e8me manche de la Coupe du Monde, disput\u00e9e ce dimanche autour de la citadelle de Namur, le septuple champion du monde de la discipline n&rsquo;a pas attendu plus longtemps pour signer une premi\u00e8re victoire. Pourtant, rien n&rsquo;a \u00e9t\u00e9 simple pour le petit-fils de Raymond Poulidor. En effet, Thibau Nys \u00e9tait d\u00e9cid\u00e9 \u00e0 le faire tomber de son pi\u00e9destal et \u00e0 tout de suite prendre un ascendant psychologique. Une mise sous pression qui a pu jouer un r\u00f4le dans la chute vers l&rsquo;avant intervenue dans une descente lors du quatri\u00e8me des neuf tours au programme. Tr\u00e8s vite remont\u00e9 sur son v\u00e9lo, le natif de Kapellen s&rsquo;est mis en chasse pour revenir sur la t\u00eate de course.<\/p>\n<p>Van der Poel : \u00ab\u00a0J&rsquo;ai fait un peu trop d&rsquo;erreurs\u00a0\u00bb<\/p>\n<p>Ayant longtemps r\u00e9ponse \u00e0 toutes les attaques de Mathieu van der Poel, Thibau Nys a d\u00fb s&rsquo;avouer vaincu dans le tout dernier tour. En effet, c&rsquo;est lui qui est all\u00e9 \u00e0 la faute et a \u00e9t\u00e9 distanc\u00e9. Donnant tout pour essayer de revenir dans la roue du N\u00e9erlandais, le Belge a d\u00fb s&rsquo;avouer vaincu. Avec une avance de neuf secondes, \u00ab\u00a0MVDP\u00a0\u00bb lance son hiver par une victoire loin d&rsquo;\u00eatre nette et sans bavure devant Thibau Nys quand Michael Vanthourenhout compl\u00e8te le podium \u00e0 onze secondes. R\u00e9aliste sur sa performance, le N\u00e9erlandais a conc\u00e9d\u00e9 avoir \u00ab\u00a0eu un peu de mal, surtout dans les roues\u00a0\u00bb. \u00ab\u00a0J&rsquo;ai fait un peu trop d&rsquo;erreurs, a-t-il ajout\u00e9 dans des propos relay\u00e9s par le site sp\u00e9cialis\u00e9 Cyclism&rsquo;Actu. Je pense qu&rsquo;au final, quand je suis pass\u00e9 en t\u00eate, la deuxi\u00e8me moiti\u00e9 du dernier tour \u00e9tait peut-\u00eatre ma meilleure partie technique de la course. Mais oui, content d&rsquo;avoir fait le travail.\u00a0\u00bb<\/p>\n<p>Fouquenet encore sur le podium<\/p>\n<p>C\u00f4t\u00e9 Tricolore, Martin Groslambert a r\u00e9alis\u00e9 la meilleure performance en prenant la 20eme place avec un retard l\u00e9g\u00e8rement inf\u00e9rieur aux deux minutes et demie par rapport \u00e0 Mathieu van der Poel. En pr\u00e9lude \u00e0 cette course, l&rsquo;\u00e9preuve f\u00e9minine a vu la N\u00e9erlandaise Lucinda Brand \u00e9craser la concurrence, l&#8217;emportant avec 43 secondes d&rsquo;avance sur sa compatriote Aniek van Alphen. Apr\u00e8s avoir pris les devants d&rsquo;entr\u00e9e, Amandine Fouquenet s&rsquo;offre un nouveau podium cette saison, apr\u00e8s celui acquis \u00e0 Flamanville le 30 novembre dernier, avec la troisi\u00e8me place avec un retard d&rsquo;une minute. Une nouvelle performance qui pourrait l&rsquo;aider dans sa recherche d&rsquo;une nouvelle \u00e9quipe, \u00e9tant libre de tout contrat au 1er janvier prochain avec la fermeture de la formation Ark\u00e9a-BxB Hotels.<\/p>\n","protected":false},"excerpt":{"rendered":"Mathieu Warnier, Media365, publi\u00e9 le dimanche 14 d\u00e9cembre 2025 \u00e0 22h25 Pour sa premi\u00e8re course de cyclo-cross de&hellip;\n","protected":false},"author":2,"featured_media":599626,"comment_status":"","ping_status":"","sticky":false,"template":"","format":"standard","meta":{"footnotes":""},"categories":[1411],"tags":[1154,207,1011,27,60],"class_list":{"0":"post-599625","1":"post","2":"type-post","3":"status-publish","4":"format-standard","5":"has-post-thumbnail","7":"category-cyclisme","8":"tag-cycling","9":"tag-cyclisme","10":"tag-fr","11":"tag-france","12":"tag-sports"},"share_on_mastodon":{"url":"https:\/\/pubeurope.com\/@fr\/115720468871576111","error":""},"_links":{"self":[{"href":"https:\/\/www.europesays.com\/fr\/wp-json\/wp\/v2\/posts\/599625","targetHints":{"allow":["GET"]}}],"collection":[{"href":"https:\/\/www.europesays.com\/fr\/wp-json\/wp\/v2\/posts"}],"about":[{"href":"https:\/\/www.europesays.com\/fr\/wp-json\/wp\/v2\/types\/post"}],"author":[{"embeddable":true,"href":"https:\/\/www.europesays.com\/fr\/wp-json\/wp\/v2\/users\/2"}],"replies":[{"embeddable":true,"href":"https:\/\/www.europesays.com\/fr\/wp-json\/wp\/v2\/comments?post=599625"}],"version-history":[{"count":0,"href":"https:\/\/www.europesays.com\/fr\/wp-json\/wp\/v2\/posts\/599625\/revisions"}],"wp:featuredmedia":[{"embeddable":true,"href":"https:\/\/www.europesays.com\/fr\/wp-json\/wp\/v2\/media\/599626"}],"wp:attachment":[{"href":"https:\/\/www.europesays.com\/fr\/wp-json\/wp\/v2\/media?parent=599625"}],"wp:term":[{"taxonomy":"category","embeddable":true,"href":"https:\/\/www.europesays.com\/fr\/wp-json\/wp\/v2\/categories?post=599625"},{"taxonomy":"post_tag","embeddable":true,"href":"https:\/\/www.europesays.com\/fr\/wp-json\/wp\/v2\/tags?post=599625"}],"curies":[{"name":"wp","href":"https:\/\/api.w.org\/{rel}","templated":true}]}}