{"id":599627,"date":"2025-12-14T23:16:12","date_gmt":"2025-12-14T23:16:12","guid":{"rendered":"https:\/\/www.europesays.com\/fr\/599627\/"},"modified":"2025-12-14T23:16:12","modified_gmt":"2025-12-14T23:16:12","slug":"ibrahima-konate-au-psg-lincroyable-rebondissement","status":"publish","type":"post","link":"https:\/\/www.europesays.com\/fr\/599627\/","title":{"rendered":"Ibrahima Konat\u00e9 au PSG, l&rsquo;incroyable rebondissement"},"content":{"rendered":"<p>Recruter Ibrahima Konat\u00e9 sans indemnit\u00e9 de transfert constituerait un v\u00e9ritable coup de force pour le PSG. Le club parisien pourrait ainsi investir prioritairement sur le salaire et les primes, tout en s\u00e9curisant un d\u00e9fenseur de premier plan pour plusieurs saisons. Une op\u00e9ration jug\u00e9e rentable \u00e0 long terme, tant sur le plan sportif que strat\u00e9gique.<\/p>\n<p>Pour Ibrahima Konat\u00e9, ce choix repr\u00e9senterait \u00e9galement un tournant dans sa carri\u00e8re. Revenir en France, dans un club capable de viser les sommets europ\u00e9ens, offrirait une exposition diff\u00e9rente tout en conservant un haut niveau de comp\u00e9titivit\u00e9. Le PSG mise clairement sur cette dimension pour faire pencher la balance.<\/p>\n","protected":false},"excerpt":{"rendered":"Recruter Ibrahima Konat\u00e9 sans indemnit\u00e9 de transfert constituerait un v\u00e9ritable coup de force pour le PSG. Le club&hellip;\n","protected":false},"author":2,"featured_media":599628,"comment_status":"","ping_status":"","sticky":false,"template":"","format":"standard","meta":{"footnotes":""},"categories":[1410],"tags":[71211,64487,63,1011,27,15820,19317,66,3490,91,70,4790,60,18015],"class_list":{"0":"post-599627","1":"post","2":"type-post","3":"status-publish","4":"format-standard","5":"has-post-thumbnail","7":"category-football","8":"tag-deportivo-alaves","9":"tag-flamengo","10":"tag-football","11":"tag-fr","12":"tag-france","13":"tag-i-konate","14":"tag-laliga","15":"tag-ligue-1","16":"tag-liverpool","17":"tag-paris-saint-germain","18":"tag-premier-league","19":"tag-real-madrid","20":"tag-sports","21":"tag-tottenham"},"share_on_mastodon":{"url":"https:\/\/pubeurope.com\/@fr\/115720472952557283","error":""},"_links":{"self":[{"href":"https:\/\/www.europesays.com\/fr\/wp-json\/wp\/v2\/posts\/599627","targetHints":{"allow":["GET"]}}],"collection":[{"href":"https:\/\/www.europesays.com\/fr\/wp-json\/wp\/v2\/posts"}],"about":[{"href":"https:\/\/www.europesays.com\/fr\/wp-json\/wp\/v2\/types\/post"}],"author":[{"embeddable":true,"href":"https:\/\/www.europesays.com\/fr\/wp-json\/wp\/v2\/users\/2"}],"replies":[{"embeddable":true,"href":"https:\/\/www.europesays.com\/fr\/wp-json\/wp\/v2\/comments?post=599627"}],"version-history":[{"count":0,"href":"https:\/\/www.europesays.com\/fr\/wp-json\/wp\/v2\/posts\/599627\/revisions"}],"wp:featuredmedia":[{"embeddable":true,"href":"https:\/\/www.europesays.com\/fr\/wp-json\/wp\/v2\/media\/599628"}],"wp:attachment":[{"href":"https:\/\/www.europesays.com\/fr\/wp-json\/wp\/v2\/media?parent=599627"}],"wp:term":[{"taxonomy":"category","embeddable":true,"href":"https:\/\/www.europesays.com\/fr\/wp-json\/wp\/v2\/categories?post=599627"},{"taxonomy":"post_tag","embeddable":true,"href":"https:\/\/www.europesays.com\/fr\/wp-json\/wp\/v2\/tags?post=599627"}],"curies":[{"name":"wp","href":"https:\/\/api.w.org\/{rel}","templated":true}]}}