{"id":599629,"date":"2025-12-14T23:17:14","date_gmt":"2025-12-14T23:17:14","guid":{"rendered":"https:\/\/www.europesays.com\/fr\/599629\/"},"modified":"2025-12-14T23:17:14","modified_gmt":"2025-12-14T23:17:14","slug":"heidi-klum-pose-avec-son-fils-henry-ne-de-son-union-avec-seal-le-jeune-homme-a-herite-de-la-beaute-de-ses-deux-parents","status":"publish","type":"post","link":"https:\/\/www.europesays.com\/fr\/599629\/","title":{"rendered":"Heidi Klum pose avec son fils Henry, n\u00e9 de son union avec Seal : le jeune homme a h\u00e9rit\u00e9 de la beaut\u00e9 de ses deux parents"},"content":{"rendered":"<p>                <img loading=\"lazy\" decoding=\"async\" src=\"https:\/\/www.europesays.com\/fr\/wp-content\/uploads\/2025\/04\/145-6602e1ce8ddc4-35x35-1.jpg\" class=\"author-article-picture\" width=\"35\" height=\"35\"\/><\/p>\n<p>                    Par<\/p>\n<p>                                            <a class=\"author-article-bio-link\" href=\"https:\/\/www.purepeople.com\/auteur\/lucie-gosselin_a145\" target=\"_blank\" rel=\"noopener\">Lucie Gosselin<\/a><\/p>\n<p>                    |<\/p>\n<p>                                            R\u00e9dactrice<\/p>\n<p>\n                Journaliste passionn\u00e9e, depuis plus de 10 ans, je r\u00e9alise des enqu\u00eates, des portraits, des reportages ou des interviews.\n            <\/p>\n<p>\n    S\u00e9par\u00e9s depuis plus de dix ans, Heidi Klum et Seal ont b\u00e2ti une famille soud\u00e9e et \u00e9panouie. Alors que leurs enfants grandissent sous le regard du public, l\u2019ex-top model allemande met aujourd\u2019hui en lumi\u00e8re Henry, leur fils a\u00een\u00e9, qui commence \u00e0 se faire un pr\u00e9nom dans le monde de la mode. Comme ses c\u00e9l\u00e8bres parents, le jeune homme de 20 ans est sublime !\n<\/p>\n<p>                                                        <img decoding=\"async\" class=\"player-thumbnail\" src=\"https:\/\/www.europesays.com\/fr\/wp-content\/uploads\/2025\/12\/060d17463c8ac1c5-580x326-1.jpg\" width=\"580\" height=\"326\" loading=\"lazy\"\/><\/p>\n<p>                            Heidi Klum pose avec son fils Henry, n\u00e9 de son union avec Seal : le jeune homme a h\u00e9rit\u00e9 de la beaut\u00e9 de ses deux parents<\/p>\n<p>La suite apr\u00e8s la publicit\u00e9<\/p>\n<p><a href=\"https:\/\/www.purepeople.com\/people\/heidi-klum_p529\" target=\"_blank\" rel=\"noopener\">Heidi Klum<\/a> et <a href=\"https:\/\/www.purepeople.com\/people\/seal_p697\" target=\"_blank\" rel=\"noopener\">Seal<\/a> n&rsquo;ont pas r\u00e9ussi leur mariage. Mais l&rsquo;ex-top model allemande et le chanteur britannique ont r\u00e9ussi leur famille. En janvier 2012, apr\u00e8s sept ans d&rsquo;union amoureuse, <a href=\"https:\/\/www.purepeople.com\/article\/heidi-klum-et-seal-c-est-officiel-ils-se-separent_a94828\/1\" target=\"_blank\" rel=\"noopener\">ils se sont s\u00e9par\u00e9s avec fracas<\/a>. \u00ab\u00a0M\u00eame si nous avons v\u00e9cu sept longues ann\u00e9es de mariage remplies d&rsquo;amour, de loyaut\u00e9 et de joie apr\u00e8s tant de temps \u00e0 chercher l&rsquo;\u00e2me s\u0153ur, nous avons d\u00e9cid\u00e9 de nous s\u00e9parer\u00a0\u00bb, annon\u00e7aient-ils dans un communiqu\u00e9 conjoint transmis \u00e0 People. Ils assuraient alors avoir <strong>\u00ab\u00a0beaucoup de respect l&rsquo;un pour l&rsquo;autre\u00a0\u00bb<\/strong>.<\/p>\n<p>\u00ab\u00a0Nous continuons de nous aimer profond\u00e9ment m\u00eame si nous avons \u00e9volu\u00e9 s\u00e9par\u00e9ment. Il s&rsquo;agit d&rsquo;une proc\u00e9dure amicale et la protection de nos enfants reste notre priorit\u00e9, surtout durant cette p\u00e9riode de transition\u00a0\u00bb, concluaient Heidi Klum et Seal. La mannequin de 52 ans et l&rsquo;artiste de dix ans son a\u00een\u00e9 s&rsquo;\u00e9taient mari\u00e9s en mai 2005 sur une fabuleuse plage du Mexique. Ensemble, ils ont eu trois enfants : Henry, n\u00e9 le 12 septembre 2005, Johan, n\u00e9 le 22 novembre 2006, et Lou, n\u00e9e le 9 octobre 2009. Seal a aussi adopt\u00e9 <a href=\"https:\/\/www.purepeople.com\/article\/heidi-klum-en-vacances-sa-fille-leni-rencontre-son-pere-biologique_a299903\/1\" target=\"_blank\" rel=\"noopener\">la fille biologique d&rsquo;Heidi Klum et de Flavio Briatore<\/a>, Leni.<\/p>\n<p>Le fils d&rsquo;Heidi Klum et de Seal d\u00e9voile son visage\u00a0<\/p>\n<p>Depuis leur s\u00e9paration, chacun a refait sa vie de son c\u00f4t\u00e9. Et leurs enfants continuent de grandir devant les projecteurs. Maman poule avec ses filles et ses fils, <strong>Heidi Klum a r\u00e9cemment partag\u00e9 un adorable clich\u00e9 en compagnie d&rsquo;Henry<\/strong>. On la d\u00e9couvre tout de noir v\u00eatue, sourire aux l\u00e8vres, en train d&rsquo;\u00eatre c\u00e2lin\u00e9e par le jeune homme de 20 ans. Habill\u00e9 d&rsquo;un costume blanc \u00e9clatant, le fils de l&rsquo;ex-top et de Seal prend la pose comme un professionnel. Et avec de tels parents, aussi connus pour leur beaut\u00e9, <strong>il d\u00e9voile son visage d&rsquo;ange<\/strong>.<\/p>\n<p>Les marques de mode ne s&rsquo;y sont d&rsquo;ailleurs pas tromp\u00e9es. Car comme sa c\u00e9l\u00e8bre maman, Henry a lui aussi commenc\u00e9 une carri\u00e8re de mod\u00e8le. En janvier 2025, il avait fait ses d\u00e9buts sur le podium du show Lena Erziak Haute Couture printemps-\u00e9t\u00e9 2025 lors de la <a href=\"https:\/\/www.purepeople.com\/article\/le-clan-beckham-uni-pour-soutenir-victoria-lors-de-la-fashion-week-de-paris-son-fils-brooklyn-aux-abonnes-absents_a543250\/1\" target=\"_blank\" rel=\"noopener\">Fashion Week de Paris<\/a>. \u00ab\u00a0Si fi\u00e8re de toi Henry \u2013 En ouverture du d\u00e9fil\u00e9 de haute couture de Lena Erziak \u00e0 Paris\u00a0\u00bb, a \u00e9crit Heidi Klum sur Instagram. Elle n&rsquo;a \u00e9videmment rien rat\u00e9 de la toute premi\u00e8re prestation de son fils a\u00een\u00e9, qui n&rsquo;avait rien \u00e0 envier aux mannequins confirm\u00e9s.<\/p>\n<p>Henry ne veut pas vraiment suivre les traces de sa c\u00e9l\u00e8bre maman<\/p>\n<p>Lors d\u2019un entretien avec la version allemande de Vogue, Henry Samuel avait r\u00e9v\u00e9l\u00e9 \u00eatre \u00ab\u00a0plus excit\u00e9 que nerveux\u00a0\u00bb avant ce grand jour. \u00ab\u00a0Je suis tr\u00e8s fier que la cr\u00e9atrice Lena Erziak m&rsquo;ait choisi et m&rsquo;ait demand\u00e9 de participer \u00e0 son d\u00e9fil\u00e9\u00a0\u00bb, confiait-il. Il avait aussi pu compter sur les conseils de sa grande s\u0153ur Leni. \u00ab\u00a0Elle m&rsquo;a conseill\u00e9 de regarder droit devant moi et de marcher comme si je tenais un livre en \u00e9quilibre sur ma t\u00eate. <strong>Ma m\u00e8re m&rsquo;a dit de faire de mon mieux et de ne pas oublier de m&rsquo;amuser<\/strong>\u00ab\u00a0, plaisantait-il.<\/p>\n<p>Pour Henry Samuel, pas \u00ab\u00a0n\u00e9cessairement\u00a0\u00bb question de suivre les traces d&rsquo;Heidi Klum. \u00ab\u00a0J&rsquo;ai de nombreux centres d&rsquo;int\u00e9r\u00eat : le sport, la musique, le cin\u00e9ma et la mode. Je veux utiliser les diff\u00e9rentes exp\u00e9riences cr\u00e9atives qui s&rsquo;offrent \u00e0 moi pour trouver la bonne voie pour mon avenir\u00a0\u00bb, pr\u00e9venait-il. Depuis son divorce avec Seal, l&rsquo;Allemande <a href=\"https:\/\/www.purepeople.com\/article\/photos-heidi-klum-toujours-plus-pour-halloween-un-costume-encore-grandiose-son-mari-tom-kaulitz-la-mais-bien-cache_a515946\/1\" target=\"_blank\" rel=\"noopener\">s&rsquo;est remari\u00e9e avec Tom Kaulitz<\/a>. Le chanteur, quant \u00e0 lui, reste discret sur sa vie priv\u00e9e.<br \/>\u00a0<\/p>\n","protected":false},"excerpt":{"rendered":"Par Lucie Gosselin | R\u00e9dactrice Journaliste passionn\u00e9e, depuis plus de 10 ans, je r\u00e9alise des enqu\u00eates, des portraits,&hellip;\n","protected":false},"author":2,"featured_media":599630,"comment_status":"","ping_status":"","sticky":false,"template":"","format":"standard","meta":{"footnotes":""},"categories":[1359],"tags":[58,59,1011,27,973],"class_list":{"0":"post-599629","1":"post","2":"type-post","3":"status-publish","4":"format-standard","5":"has-post-thumbnail","7":"category-people","8":"tag-divertissement","9":"tag-entertainment","10":"tag-fr","11":"tag-france","12":"tag-people"},"share_on_mastodon":{"url":"https:\/\/pubeurope.com\/@fr\/115720477721373753","error":""},"_links":{"self":[{"href":"https:\/\/www.europesays.com\/fr\/wp-json\/wp\/v2\/posts\/599629","targetHints":{"allow":["GET"]}}],"collection":[{"href":"https:\/\/www.europesays.com\/fr\/wp-json\/wp\/v2\/posts"}],"about":[{"href":"https:\/\/www.europesays.com\/fr\/wp-json\/wp\/v2\/types\/post"}],"author":[{"embeddable":true,"href":"https:\/\/www.europesays.com\/fr\/wp-json\/wp\/v2\/users\/2"}],"replies":[{"embeddable":true,"href":"https:\/\/www.europesays.com\/fr\/wp-json\/wp\/v2\/comments?post=599629"}],"version-history":[{"count":0,"href":"https:\/\/www.europesays.com\/fr\/wp-json\/wp\/v2\/posts\/599629\/revisions"}],"wp:featuredmedia":[{"embeddable":true,"href":"https:\/\/www.europesays.com\/fr\/wp-json\/wp\/v2\/media\/599630"}],"wp:attachment":[{"href":"https:\/\/www.europesays.com\/fr\/wp-json\/wp\/v2\/media?parent=599629"}],"wp:term":[{"taxonomy":"category","embeddable":true,"href":"https:\/\/www.europesays.com\/fr\/wp-json\/wp\/v2\/categories?post=599629"},{"taxonomy":"post_tag","embeddable":true,"href":"https:\/\/www.europesays.com\/fr\/wp-json\/wp\/v2\/tags?post=599629"}],"curies":[{"name":"wp","href":"https:\/\/api.w.org\/{rel}","templated":true}]}}