{"id":599631,"date":"2025-12-14T23:18:17","date_gmt":"2025-12-14T23:18:17","guid":{"rendered":"https:\/\/www.europesays.com\/fr\/599631\/"},"modified":"2025-12-14T23:18:17","modified_gmt":"2025-12-14T23:18:17","slug":"une-oeuvre-du-peintre-utrillo-mise-aux-encheres-a-blois-ce-lundi-15-decembre-2026","status":"publish","type":"post","link":"https:\/\/www.europesays.com\/fr\/599631\/","title":{"rendered":"Une \u0153uvre du peintre Utrillo mise aux ench\u00e8res \u00e0 Blois ce lundi 15 d\u00e9cembre 2026"},"content":{"rendered":"<p>Les amateurs de peinture ne devraient pas manquer la vente de tableaux modernes et contemporains propos\u00e9e ce lundi 15\u00a0d\u00e9cembre \u00e0 l\u2019h\u00f4tel des ventes de Blois. Le clou de la journ\u00e9e sera sans conteste une \u0153uvre de Maurice Utrillo (1893-1955). Il s\u2019agit d\u2019une gouache de 34 x 50\u00a0cm de 1930 qui repr\u00e9sente le village de Saint-Bernard dans l\u2019Ain o\u00f9 le peintre du mouvement de l\u2019\u00c9cole de Paris eut l\u2019occasion de s\u00e9journer \u00e0 plusieurs reprises. Guillaume Cornet, commissaire-priseur, esp\u00e8re que les ench\u00e8res s\u2019envoleront pour ce tableau estim\u00e9 entre 15.000\u00a0\u20ac et 20.000\u00a0\u20ac. Au-dessus de la signature du ma\u00eetre figure une d\u00e9dicace adress\u00e9e \u00e0 son amie Mauricia, personnage haut en couleur de la vie parisienne dont il c\u00e9l\u00e8bre la beaut\u00e9 avec la mention \u00ab pour Madame Gustave Coquiot l\u2019admiration et l\u2019affection de nous trois, Andr\u00e9 Utter, Suzanne Valadon et Maurice Utrillo\u00a0\u00bb.<\/p>\n<p>En 2006, une \u0153uvre comparable d\u2019Utrillo avait \u00e9t\u00e9 vendue \u00e0 Londres 161.139\u00a0euros. Guillaume Cornet ne s\u2019attend cependant pas \u00e0 ce que ce niveau soit atteint car le march\u00e9 de l\u2019art n\u2019est plus aussi prosp\u00e8re. Expos\u00e9 \u00e0 Paris, \u00ab\u00a0Le Bureau de tabac de Saint-Bernard\u00a0\u00bb a en tout cas suscit\u00e9 l\u2019int\u00e9r\u00eat de plusieurs clients.<\/p>\n<p>Une photo de Monet attribu\u00e9e \u00e0 Nadar<\/p>\n<p>D\u2019autres ench\u00e8res retiennent l\u2019attention. Une huile sur papier de Cha\u00efbia Talal, d\u00e9c\u00e9d\u00e9e en 2004, est estim\u00e9e autour de 5.000\u00a0\u20ac. On retrouve les \u0153uvres de cette artiste marocaine dans les collections du Fonds national d\u2019art contemporain ou \u00e0 l\u2019Institut du monde arabe. Guillaume Cornet proposera \u00e9galement plusieurs tableaux de Bernard Lorjou.<\/p>\n<p>Notons qu\u2019il ne s\u2019agira pas de la derni\u00e8re vente de l\u2019ann\u00e9e. Guillaume Cornet reprendra le marteau une derni\u00e8re fois en 2025 jeudi 18\u00a0d\u00e9cembre pour disperser aux ench\u00e8res des photographies anciennes dont une du peintre Claude Monet attribu\u00e9e \u00e0 Nadar. Rien que \u00e7a\u00a0!<\/p>\n<p>Vente de c\u00e9ramiques \u00e0 l\u2019h\u00f4tel des ventes de Blois ce lundi 15\u00a0d\u00e9cembre \u00e0 partir de 10\u00a0h, vente des tableaux modernes et contemporains \u00e0 16\u00a0h.<\/p>\n","protected":false},"excerpt":{"rendered":"Les amateurs de peinture ne devraient pas manquer la vente de tableaux modernes et contemporains propos\u00e9e ce lundi&hellip;\n","protected":false},"author":2,"featured_media":599632,"comment_status":"","ping_status":"","sticky":false,"template":"","format":"standard","meta":{"footnotes":""},"categories":[1358],"tags":[1392,1348,1384,1385,3469,1386,58,59,1011,27,4368,20898],"class_list":{"0":"post-599631","1":"post","2":"type-post","3":"status-publish","4":"format-standard","5":"has-post-thumbnail","7":"category-arts-et-design","8":"tag-a-la-une-local","9":"tag-arts","10":"tag-arts-and-design","11":"tag-arts-et-design","12":"tag-blois","13":"tag-design","14":"tag-divertissement","15":"tag-entertainment","16":"tag-fr","17":"tag-france","18":"tag-loir-et-cher","19":"tag-ventes-aux-encheres"},"share_on_mastodon":{"url":"https:\/\/pubeurope.com\/@fr\/115720480570413962","error":""},"_links":{"self":[{"href":"https:\/\/www.europesays.com\/fr\/wp-json\/wp\/v2\/posts\/599631","targetHints":{"allow":["GET"]}}],"collection":[{"href":"https:\/\/www.europesays.com\/fr\/wp-json\/wp\/v2\/posts"}],"about":[{"href":"https:\/\/www.europesays.com\/fr\/wp-json\/wp\/v2\/types\/post"}],"author":[{"embeddable":true,"href":"https:\/\/www.europesays.com\/fr\/wp-json\/wp\/v2\/users\/2"}],"replies":[{"embeddable":true,"href":"https:\/\/www.europesays.com\/fr\/wp-json\/wp\/v2\/comments?post=599631"}],"version-history":[{"count":0,"href":"https:\/\/www.europesays.com\/fr\/wp-json\/wp\/v2\/posts\/599631\/revisions"}],"wp:featuredmedia":[{"embeddable":true,"href":"https:\/\/www.europesays.com\/fr\/wp-json\/wp\/v2\/media\/599632"}],"wp:attachment":[{"href":"https:\/\/www.europesays.com\/fr\/wp-json\/wp\/v2\/media?parent=599631"}],"wp:term":[{"taxonomy":"category","embeddable":true,"href":"https:\/\/www.europesays.com\/fr\/wp-json\/wp\/v2\/categories?post=599631"},{"taxonomy":"post_tag","embeddable":true,"href":"https:\/\/www.europesays.com\/fr\/wp-json\/wp\/v2\/tags?post=599631"}],"curies":[{"name":"wp","href":"https:\/\/api.w.org\/{rel}","templated":true}]}}