{"id":599635,"date":"2025-12-14T23:22:20","date_gmt":"2025-12-14T23:22:20","guid":{"rendered":"https:\/\/www.europesays.com\/fr\/599635\/"},"modified":"2025-12-14T23:22:20","modified_gmt":"2025-12-14T23:22:20","slug":"planete-metal-on-refait-lactu-du-8-au-14-decembre-2025","status":"publish","type":"post","link":"https:\/\/www.europesays.com\/fr\/599635\/","title":{"rendered":"PLAN\u00c8TE METAL On refait l&rsquo;actu du 8 au 14 d\u00e9cembre 2025"},"content":{"rendered":"<p>\t\t\t\t\t<img decoding=\"async\" src=\"https:\/\/www.europesays.com\/fr\/wp-content\/uploads\/2025\/12\/PM-14-12.jpg\" style=\"height: 468px; width: 850px;\"\/><\/p>\n<p>&#13;<br \/>\n<strong>Les mois passent et on ne perd pas les bonnes habitudes avec Plan\u00e8te Metal, votre rendez-vous dominical de fin d&rsquo;apr\u00e8s-midi depuis bient\u00f4t 4 ans, qui continue \u00e0 traquer les infos qui sont peut-\u00eatre pass\u00e9es sous votre radar.\u00a0<\/strong><br \/>&#13;<br \/>\n\u00a0<\/p>\n<p><strong>TEASING\u00a0\u00a0<\/strong><\/p>\n<p>Et vous, vous \u00eates plut\u00f4t\u2026<br \/>&#13;<br \/>\n\u2026 metal progressif (su\u00e9dois) ?<br \/>&#13;<br \/>\nTroisi\u00e8me single de <strong>SOEN\u00a0<\/strong>en attendant le nouvel album.<\/p>\n<p style=\"text-align: center;\">\n<p>&#13;<br \/>\n\u2026 heavy metal (allemand)\u00a0?<br \/>&#13;<br \/>\nNouveau LP d&rsquo;<strong>Axel Rudi Pell<\/strong>, \u00ab Ghost Town \u00bb\u00a0sera dans les bacs le 20 mars.<\/p>\n<p style=\"text-align: center;\">\u200b<\/p>\n<p>&#13;<br \/>\n<strong>SORTIES<\/strong><\/p>\n<p>\u201cAvatar &#8211; The Final Incarnation\u201d, tel est le titre du tout nouveau single d&rsquo;<strong>EPICA<\/strong>\u00a0\u2013 sans aucun rapport avec le quintiptyque\u00a0cin\u00e9matographique du grand\u00a0James Cameron. Il pr\u00e9c\u00e8de le lancement du <a href=\"https:\/\/epica.merchstore.nl\/shop\/accessories\/accessories\/3251-aspiral-oracle-deck-boxset-pre-order.html\" target=\"_blank\" rel=\"noopener\">jeu de cartes Oracle<\/a>, dont la vid\u00e9o reprend des visuels, arr\u00eat\u00e9 au 7 janvier. Mais aussi le \u201cArcane Dimensions Tour\u201d europ\u00e9en qui r\u00e9unira le groupe de metal symphonique n\u00e9erlandais avec AMARANTHE\u00a0et\u00a0CHARLOTTE WESSELS&rsquo; THE OBSESSION. Trois \u00e9tapes fran\u00e7aises ont \u00e9t\u00e9 annonc\u00e9es : le 25 janvier \u00e0 Paris (Z\u00e9nith), le 3 f\u00e9vrier \u00e0 Toulouse (Bikini) et le 4 \u00e0 Lyon (Radiant Bellevue).<\/p>\n<p style=\"text-align: center;\">\n<p>&#13;<br \/>\n\u200bUne s\u00e9lection des <strong>sorties d&rsquo;albums de d\u00e9cembre<\/strong>, mais aussi des, EP, live, r\u00e9\u00e9ditions, DVD\/Blu-ray et autres coffrets ? C&rsquo;est ici que \u00e7a se passe.<\/p>\n<p style=\"text-align: center;\">\n<p>&#13;<br \/>\n<strong>LIVE EN STUDIO<\/strong><\/p>\n<p>Groupe chilien de metal autochtone, <strong>MAWIZA<\/strong> s&rsquo;est produit en live au Silver Cord Studio de <strong>Joe Duplantier<\/strong>, frontman de GOJIRA. Qui fait d&rsquo;ailleurs une apparition sur \u201cTi Inan Paw-Pawkan\u201d, dernier titre de \u00ab \u00dcl \u00bb sorti en juillet dernier\u2026 qu&rsquo;il a produit dans son studio. Le quartet revendique la culture mapuche et chante en mapudungun, la langue des indig\u00e8nes de cette ethnie, largement rabaiss\u00e9e par le gouvernement chilien. Et on a m\u00eame droit, en guise de dernier morceau, \u00e0 une reprise d&rsquo;\u201cAmazonia\u201d de GOJIRA.<\/p>\n<p style=\"text-align: center;\">\u200b<\/p>\n<p>&#13;<br \/>\n<strong>LIVE<\/strong><\/p>\n<p><strong>STONE TEMPLE PILOTS<\/strong> \u2013 les fr\u00e8res <strong>DeLeo<\/strong>, <strong>Robert<\/strong> et <strong>Dean<\/strong>, le batteur <strong>Eric Kretz <\/strong>et le chanteur <strong>Jeff Gutt<\/strong>, qui les a rejoints en 2017 \u2013 ont jou\u00e9 un medley de quelques-uns de leurs classiques (\u201cPlush\u00a0\u00bb, \u00ab\u00a0Vasoline\u00a0\u00bb, \u00ab\u00a0Big Empty\u00a0\u00bb, \u00ab\u00a0Interstate Love Song\u00a0\u00bb et \u00ab\u00a0Sex Type Thing\u00a0\u00bb)\u00a0\u00e0 l&rsquo;occasion de la mi-temps du match opposant les Las Vegas Raiders au Denver Broncos \u00e0 Vegas. Aucune vid\u00e9o de qualit\u00e9 n&rsquo;est disponible, mais cela fait toujours plaisir d&rsquo;\u00e9couter un excellent groupe.<\/p>\n<p style=\"text-align: center;\">\n<p>&#13;<br \/>\n<strong>DVD &amp; BLU-RAY<\/strong><\/p>\n<p>Le concert de <strong>Till Lindemann<\/strong> le 1er d\u00e9cembre \u00e0 Cracovie, en Pologne, a \u00e9t\u00e9 film\u00e9 en vue de la sortie d&rsquo;un DVD\/Blu-ray live officiel. Il sera sans doute commercialis\u00e9 courant 2026.\u00a0En attendant, le chanteur de RAMMSTEIN \u2013 toujours sans aucun des musiciens qui l&rsquo;accompagnent en tourn\u00e9e \u2013 a sorti une vid\u00e9o pour un tout nouveau titre, \u201cAlles \u00e4ndert sich\u2026ich nicht\u201d (tout change, sauf moi, en V.F.). D\u00e9j\u00e0 disponible sous diff\u00e9rents formats en vinyle, dont un en forme d&rsquo;arbre de No\u00ebl, le format physique sera l\u00e0 le 20 f\u00e9vrier.<\/p>\n<p style=\"text-align: center;\">\u200b<\/p>\n<p>&#13;<br \/>\n<strong>GRANDS \u00c9CRANS<\/strong><\/p>\n<p>(Re)d\u00e9couvrez la\u00a0bande-annonce de <strong>Megadeth<\/strong>: Behind The Mask, film \u00e0 retrouver dans une s\u00e9lection de salles obscures en janvier prochain.<\/p>\n<p style=\"text-align: center;\">\u200b<\/p>\n<p>\u00a0<\/p>\n<p><strong>AVENTURES EN SOLITAIRE<\/strong><\/p>\n<p>Nouveau chapitre de la carri\u00e8re d&rsquo;<strong>Alissa White-Gluz <\/strong>qui se lance en solo apr\u00e8s 11 ann\u00e9es pass\u00e9es chez ARCH ENEMY. Et nouvelle couleur de cheveux aussi.<\/p>\n<p style=\"text-align: center;\">\n<p>&#13;<br \/>\nEx-chanteur de DRAGONFORCE, de TANK et de SKID ROW, <strong>ZP Theart\u00a0<\/strong>a enregistr\u00e9 son premier titre en solo depuis 13 ans, \u201cDark To Light\u201d. Qui marque l&rsquo;ouverture d&rsquo;un nouveau chapitre et devrait, \u00e0 terme, voir l&rsquo;enregistrement d&rsquo;un disque.<\/p>\n<p style=\"text-align: center;\">\u200b<\/p>\n<p>&#13;<br \/>\n<strong>GUESTS\u00a0<\/strong><\/p>\n<p><strong>UROCK<\/strong>, formation italienne dont le second LP est attendu en d\u00e9but d&rsquo;ann\u00e9e, a d\u00e9croch\u00e9 le pompon \u2013 si l&rsquo;on peut dire \u2013, <strong>Ian Gillan<\/strong>, chanteur de DEEP PURPLE pour ceux qui auraient v\u00e9cu sous un caillou pendant les cinq\u00a0derni\u00e8res d\u00e9cennies, faisant une apparition sur \u201cThe Line\u201d. Qui donne son titre \u00e0 l&rsquo;album.<\/p>\n<p style=\"text-align: center;\">\u200b<\/p>\n<p>&#13;<br \/>\n<strong>REPORTS &amp; ANNULATIONS<\/strong><\/p>\n<p>C&rsquo;est \u00e0 la derni\u00e8re minute que\u00a0<strong>CLUTCH<\/strong>\u00a0a annul\u00e9 (repouss\u00e9 ?) son concert \u00e0 l&rsquo;Elys\u00e9e-Montmartre le 13 d\u00e9cembre\u2026<\/p>\n<p style=\"text-align: center;\">\u200b<\/p>\n<p>&#13;<br \/>\n<strong>NOUVELLES RECRUES<\/strong><\/p>\n<p>Suite au d\u00e9part de <strong>Kevin Paradis<\/strong> fin d\u00e9cembre 2024 apr\u00e8s 7 ans de d\u00e9fon\u00e7age de f\u00fbts en r\u00e8gle, <strong>BENIGHTED<\/strong> lui a trouv\u00e9 un rempla\u00e7ant en la personne de <strong>Matthias Biechler<\/strong>. Ag\u00e9 de seulement 22 ans, il leur a \u00e9t\u00e9 chaudement conseill\u00e9 par leur ami\u00a0Eugene Ryabchenko, batteur de FLESHGOD APOCALYPSE, qui lui a donn\u00e9 des cours\u00a0et qui s&rsquo;est enthousiasm\u00e9 de la rapidit\u00e9 avec laquelle il apprend. Car <strong>Matthias<\/strong> ne joue de la batterie que depuis 4 ans\u00a0et <strong>BENIGHTED<\/strong> est quasiment son premier groupe\u00a0! Vid\u00e9o de pr\u00e9sentation avec un tout nouveau morceau, \u201cThe Spineless Freak\u201d.<\/p>\n<p style=\"text-align: center;\">\u200b<\/p>\n<p>&#13;<br \/>\n<strong>FIN DE LA ROUTE<\/strong><\/p>\n<p>Quand <strong>Dave Mustaine<\/strong> a annonc\u00e9, en <a href=\"http:\/\/hardforce.com\/actu\/45306\/megadeth-ultime-album-2026-tournee-adieu\" target=\"_blank\" rel=\"noopener\">ao\u00fbt dernier<\/a>, que \u00ab Megadeth\u00a0\u00bb, attendu le 23 janvier, serait l&rsquo;ultime album studio du groupe qui se s\u00e9parerait \u00e0 l&rsquo;issue du \u201cThis Was Our Life Tour\u201d, sa tourn\u00e9e \u201cd&rsquo;adieu\u201d mondiale, certains ont rican\u00e9. En pr\u00e9disant que le rouquin changerait certainement d&rsquo;avis comme, au hasard, SLAYER. Et tant d&rsquo;autres. Si, selon ses propres termes, son \u201cultime\u201d campagne pourrait durer \u00ab entre 3 et 5 ans \u00bb avant que l&rsquo;on puisse entonner une derni\u00e8re fois\u00a0\u00ab A tout le monde, \u00e0 tous mes amis, je vous aime, je dois partir \u00bb, il a donn\u00e9 les raisons exactes de sa d\u00e9cision \u00e0 l&rsquo;occasion de son passage sur SiriusXM, le 5 d\u00e9cembre. \u00ab \u00c7a faisait longtemps que \u00e7a couvait, j&rsquo;avais surtout des probl\u00e8mes physiques avec mes mains\u2026, a expliqu\u00e9 le tout-puissant frontman de <strong>MEGADETH<\/strong>. Elles me l\u00e2chaient. Et puis, i&rsquo;avais d&rsquo;autres difficult\u00e9s \u00e0 cause de tous mes probl\u00e8mes au niveau du cou et du tronc. Toute cette zone est arthritique et j&rsquo;ai des hernies discales. J&rsquo;ai une fracture des vert\u00e8bres lombaires. J&rsquo;ai une arthrod\u00e8se lombaire, au niveau des \u00e9paules et du cou. Et puis, il y a plein d&rsquo;autres choses\u2026 \u00bb. Si vous vous posez la question, une arthrod\u00e8se est \u00ab une intervention chirurgicale destin\u00e9e \u00e0 bloquer une articulation l\u00e9s\u00e9e par l&rsquo;obtention d&rsquo;une fusion osseuse dans le but de corriger une d\u00e9formation ou d&rsquo;obtenir l&rsquo;indolence. C&rsquo;est souvent une op\u00e9ration non r\u00e9versible\u00a0\u00bb [source\u00a0: Wikip\u00e9dia].\u00a0<br \/>&#13;<br \/>\nCe qui n&rsquo;a pas emp\u00each\u00e9 MegaDave, \u00e2g\u00e9 de 64 ans, de d\u00e9crocher sa ceinture noire de jiu-jitsu\u2026<\/p>\n<blockquote class=\"instagram-media\" data-instgrm-captioned=\"\" data-instgrm-permalink=\"https:\/\/www.instagram.com\/p\/DR-g7Q7k-H-\/?utm_source=ig_embed&amp;utm_campaign=loading\" data-instgrm-version=\"14\" style=\" background:#FFF; border:0; border-radius:3px; box-shadow:0 0 1px 0 rgba(0,0,0,0.5),0 1px 10px 0 rgba(0,0,0,0.15); margin: 1px; max-width:540px; min-width:326px; padding:0; width:99.375%; width:-webkit-calc(100% - 2px); width:calc(100% - 2px);\"><p>&#13;<br \/>\n&#13;\n<\/p><\/blockquote>\n<p>\u00a0<\/p>\n<p><strong>RIEN QUE POUR VOS YEUX\u2026 (ET VOS OREILLES)<\/strong><\/p>\n<p>Nouveaux \u00e9pisodes\u00a0de <strong>METALXS<\/strong> avec\u00a0<strong>THE DEVIL WEARS PRADA<\/strong>\u00a0et <strong>HALESTORM<\/strong>.\u200b<\/p>\n<p style=\"text-align: center;\">\n<p style=\"text-align: center;\">\n<p>&#13;<br \/>\n<strong>R.I.P.\u00a0<\/strong><\/p>\n<p>Ex-bassiste de FREE et de THE FACES, <strong>Tetsu Yamauchi <\/strong>est d\u00e9c\u00e9d\u00e9 \u00e0 l&rsquo;\u00e2ge de 79 ans le 6 d\u00e9cembre. De cette ann\u00e9e, contrairement \u00e0 ce qu&rsquo;annonce la traduction\u2026<\/p>\n<blockquote class=\"twitter-tweet\"><p>&#13;<\/p>\n<p dir=\"ltr\" lang=\"ja\">\u3010\u5927\u5207\u306a\u3054\u5831\u544a\u3011<\/p>\n<p>\u3044\u3064\u3082\u5fdc\u63f4\u3057\u3066\u304f\u3060\u3055\u3063\u3066\u3044\u308b\u7686\u3055\u307e\u3078\u3002<br \/>&#13;<br \/>\n\u4ee47\u5e7412\u67084\u65e5\u3001\u5c71\u5185\u30c6\u30c4\u306f\u5bb6\u65cf\u306b\u898b\u5b88\u308c\u308b\u4e2d\u3001\u5b89\u3089\u304b\u306b\u6c38\u7720\u3057\u307e\u3057\u305f\u3002<br \/>&#13;<br \/>\n\u3053\u308c\u307e\u3067\u30c6\u30c4\u306e\u97f3\u3092\u697d\u3057\u307f\u3001\u6e29\u304b\u3044\u8a00\u8449\u3092\u304b\u3051\u3066\u304f\u3060\u3055\u3063\u305f\u7686\u3055\u307e\u306b\u5fc3\u3088\u308a\u611f\u8b1d\u7533\u3057\u4e0a\u3052\u307e\u3059\u3002<\/p>\n<p>\u300c\u697d\u3057\u304b\u3063\u305f\u306a\u3041\u3002\u300d<br \/>&#13;<br \/>\nit&rsquo;s long time,but short time.<\/p>\n<p>\u5bb6\u65cf\u4e00\u540c<\/p>\n<p>&#13;<br \/>\n\u2014 \u5c71\u5185\u30c6\u30c4\/Tetsu Yamauchi (@tetsuyamauchi1) <a href=\"https:\/\/twitter.com\/tetsuyamauchi1\/status\/1997126191351058682?ref_src=twsrc%5Etfw\" target=\"_blank\" rel=\"noopener\">December 6, 2025<\/a><\/p><\/blockquote>\n<p>&#13;<br \/>\n<strong>CONCERTS PARTENAIRES<\/strong><\/p>\n<p style=\"text-align: center;\">\u200b<\/p>\n<p style=\"text-align: center;\">\n<p style=\"text-align: center;\">\u200b<\/p>\n<p style=\"text-align: center;\">\n<p>&#13;<\/p>\n<p style=\"text-align: center;\"><img decoding=\"async\" src=\"https:\/\/www.europesays.com\/fr\/wp-content\/uploads\/2025\/12\/HardForce-16.jpg\" style=\"height: 707px; width: 500px;\"\/>\u200b<\/p>\n<p>&#13;<\/p>\n<p>&#13;<br \/>\n<strong>EN CONCERT\u00a0<\/strong><\/p>\n<p><b>Tom Morello<\/b> donnera deux concerts en France.<\/p>\n<p style=\"text-align: center;\">\u200b<\/p>\n<p>&#13;<br \/>\n<strong>DANS LE R\u00c9TRO<\/strong><\/p>\n<p>Charit\u00e9 bien ordonn\u00e9e commence par soi-m\u00eame, dit-on. A l&rsquo;occasion, je d\u00e9poussi\u00e9rerai quelques sujets r\u00e9dig\u00e9s de mes blanches mains et que vous n&rsquo;aviez peut-\u00eatre pas lus\/vus \u00e0 l&rsquo;\u00e9poque. Ou que vous avez oubli\u00e9s. Comme le jour o\u00f9 <strong>Joe Satriani<\/strong> a remplac\u00e9 son h\u00e9ros, <strong>Ritchie Blackmore<\/strong>, au sein de <strong>DEEP PURPLE<\/strong>. Pour acc\u00e9der \u00e0 l&rsquo;article, cliquez sur la photo. Vous y \u00eates.<\/p>\n<p>&#13;<\/p>\n<p style=\"text-align: center;\"><a href=\"https:\/\/hardforce.com\/actu\/37742\/lejourou-joe-satriani-remplacement-ritchie-blackmore-deep-purple\" target=\"_blank\" rel=\"noopener\"><img decoding=\"async\" src=\"https:\/\/www.europesays.com\/fr\/wp-content\/uploads\/2025\/12\/Capture-d-ecran-2025-12-14-a-10-03-06.png\" style=\"height: 384px; width: 500px;\"\/><\/a><\/p>\n<p>&#13;<\/p>\n<p>&#13;<br \/>\n<strong>INTERVIEWS<\/strong><\/p>\n<p>Retrouvez toutes les interviews en cliquant sur <a href=\"https:\/\/hardforce.com\/interviews\" target=\"_blank\" rel=\"noopener\">ce lien<\/a>.<br \/>&#13;<br \/>\n\u00a0<\/p>\n<p><strong>LIVE REVIEWS<\/strong><\/p>\n<p>Cliquez sur le post pour d\u00e9couvrir le compte-rendu du concert et le portfolio.<\/p>\n<p style=\"text-align: center;\">\n<p>Retrouvez tous les comptes-rendus de concert en cliquant <a href=\"https:\/\/hardforce.com\/concerts-reviews\" target=\"_blank\" rel=\"noopener\">ici<\/a>.<br \/>&#13;<br \/>\n\u00a0<\/p>\n<p><strong>PORTFOLIOS<\/strong><\/p>\n<p>Cliquez sur le post ou la photo pour d\u00e9couvrir la galerie photos.<br \/>&#13;<br \/>\nCette semaine, on suit <strong>GOJIRA<\/strong> , accompagn\u00e9 de <strong>COMEBACK KID<\/strong> et\u00a0<strong>NECKBREAKKER<\/strong>,\u00a0sur son tour de France.<br \/>&#13;<br \/>\nA Clermont-Ferrand\u2026<\/p>\n<p style=\"text-align: center;\">\u200b<\/p>\n<p>A Toulouse\u2026<\/p>\n<p style=\"text-align: center;\">\n<p>A Nice\u2026<\/p>\n<p style=\"text-align: center;\">\n<p>\u200bA Lyon\u2026<\/p>\n<p style=\"text-align: center;\">\n<p>Retrouvez tous les portfolios en cliquant <a href=\"https:\/\/hardforce.com\/portfolios\" target=\"_blank\" rel=\"noopener\">l\u00e0<\/a>.<br \/>&#13;<br \/>\n\u00a0<\/p>\n<p><strong>L&rsquo;HEBDO<\/strong><\/p>\n<p><strong>L&rsquo;HEBDO<\/strong> #26\u00a0est <a href=\"https:\/\/hardforce.com\/files\/2025\/12\/HARD-FORCE-HEBDO-26.pdf?fbclid=IwY2xjawOqdW5leHRuA2FlbQIxMABicmlkETFQWlZtRXdvRFRQMDZiTUhBc3J0YwZhcHBfaWQQMjIyMDM5MTc4ODIwMDg5MgABHlxuGRWq5xwKnuoRvei5a43rOcCZjJTvWuYz4RfWGhIKbbuihaHhZJyP1szY_aem_Jem-VWGCMi_3alDbe2FP0w\" target=\"_blank\" rel=\"noopener\">arriv\u00e9<\/a>.<\/p>\n<p style=\"text-align: center;\">\n<p>&#13;<br \/>\n<strong>CLASSICS<\/strong><\/p>\n<p>Le dernier-n\u00e9 de la fratrie HARD FORCE est arriv\u00e9. Premier num\u00e9ro, toujours en digital, avec <strong>VAN HALEN<\/strong>.<\/p>\n<p style=\"text-align: center;\">\u200b\u200b\u200b<\/p>\n<p>&#13;<br \/>\n<strong>CLASSEMENTS<\/strong><\/p>\n<p>Retrouvez le <strong>Top 100 des ventes rock et metal en France<\/strong> et, en suivant le lien dans le post, jetez aussi un coup d&rsquo;\u0153il sur ce qui marche en Allemagne, en Belgique\/Wallonie et outre-Manche.<\/p>\n<p style=\"text-align: center;\">\u200b<\/p>\n<p>&#13;<br \/>\n<strong>TOP 20 SINGLES<\/strong><\/p>\n<p style=\"text-align: center;\">\u200b<\/p>\n<p>&#13;<br \/>\n<strong>\u200bDIVERS<\/strong><\/p>\n<p>Et toujours, pour les amateurs de d\u00e9couvertes musicales : <strong>Noiseweek<\/strong> sur HEAVY1 avec \u00ab Lost In Hollywood Again \u00bb du <strong>GRAHAM BONNET BAND<\/strong> en album de la semaine, ainsi que de nombreuses nouveaut\u00e9s. (<a href=\"https:\/\/heavy1.radio\/rss\/noiseweek-le-podcast-14\" target=\"_blank\" rel=\"noopener\">Podcast<\/a>)<\/p>\n<p style=\"text-align: center;\">\n<p>\t\t\t\t\t\t\t<script async src=\"https:\/\/platform.twitter.com\/widgets.js\" charset=\"utf-8\"><\/script><script async src=\"\/\/www.instagram.com\/embed.js\"><\/script><\/p>\n","protected":false},"excerpt":{"rendered":"&#13; Les mois passent et on ne perd pas les bonnes habitudes avec Plan\u00e8te Metal, votre rendez-vous dominical&hellip;\n","protected":false},"author":2,"featured_media":599636,"comment_status":"","ping_status":"","sticky":false,"template":"","format":"standard","meta":{"footnotes":""},"categories":[1355],"tags":[67062,71217,71212,71222,8785,9160,71214,9173,66317,58,59,19186,1011,27,71218,60269,60041,15954,71220,71215,19194,9194,71224,71223,31724,9170,1361,873,71221,52397,9154,52385,60026,9153,60012,64438,52389,71213,71225,71216,31731,69390,9193,71226,9172,52394,71219],"class_list":{"0":"post-599635","1":"post","2":"type-post","3":"status-publish","4":"format-standard","5":"has-post-thumbnail","7":"category-musique","8":"tag-alissa-white-gluz","9":"tag-axel-rudi-pell","10":"tag-benighted","11":"tag-chat-pile","12":"tag-classics","13":"tag-clutch","14":"tag-comeback-kid","15":"tag-dave-mustaine","16":"tag-deep-purple","17":"tag-divertissement","18":"tag-entertainment","19":"tag-epica","20":"tag-fr","21":"tag-france","22":"tag-gloryhammer","23":"tag-gojira","24":"tag-graham-bonnet-band","25":"tag-halestorm","26":"tag-i-prevail","27":"tag-ian-gillan","28":"tag-joe-satriani","29":"tag-lhebdo","30":"tag-matthias-biechler","31":"tag-mawiza","32":"tag-megadeth","33":"tag-metalxs","34":"tag-music","35":"tag-musique","36":"tag-neckbreakker","37":"tag-noiseweek","38":"tag-on-refait-lactu","39":"tag-on-refait-lactualite","40":"tag-orden-ogan","41":"tag-planete-metal","42":"tag-sabaton","43":"tag-soen","44":"tag-sorties-dalbums","45":"tag-stone-temple-pilots","46":"tag-tetsu-yamauchi","47":"tag-the-devil-wears-prada","48":"tag-till-lindemann","49":"tag-tom-morello","50":"tag-top-100-rock-metal","51":"tag-urock","52":"tag-van-halen","53":"tag-we-came-as-romans","54":"tag-zp-theart"},"share_on_mastodon":{"url":"","error":"Validation failed: Text character limit of 500 exceeded"},"_links":{"self":[{"href":"https:\/\/www.europesays.com\/fr\/wp-json\/wp\/v2\/posts\/599635","targetHints":{"allow":["GET"]}}],"collection":[{"href":"https:\/\/www.europesays.com\/fr\/wp-json\/wp\/v2\/posts"}],"about":[{"href":"https:\/\/www.europesays.com\/fr\/wp-json\/wp\/v2\/types\/post"}],"author":[{"embeddable":true,"href":"https:\/\/www.europesays.com\/fr\/wp-json\/wp\/v2\/users\/2"}],"replies":[{"embeddable":true,"href":"https:\/\/www.europesays.com\/fr\/wp-json\/wp\/v2\/comments?post=599635"}],"version-history":[{"count":0,"href":"https:\/\/www.europesays.com\/fr\/wp-json\/wp\/v2\/posts\/599635\/revisions"}],"wp:featuredmedia":[{"embeddable":true,"href":"https:\/\/www.europesays.com\/fr\/wp-json\/wp\/v2\/media\/599636"}],"wp:attachment":[{"href":"https:\/\/www.europesays.com\/fr\/wp-json\/wp\/v2\/media?parent=599635"}],"wp:term":[{"taxonomy":"category","embeddable":true,"href":"https:\/\/www.europesays.com\/fr\/wp-json\/wp\/v2\/categories?post=599635"},{"taxonomy":"post_tag","embeddable":true,"href":"https:\/\/www.europesays.com\/fr\/wp-json\/wp\/v2\/tags?post=599635"}],"curies":[{"name":"wp","href":"https:\/\/api.w.org\/{rel}","templated":true}]}}