{"id":599644,"date":"2025-12-14T23:27:37","date_gmt":"2025-12-14T23:27:37","guid":{"rendered":"https:\/\/www.europesays.com\/fr\/599644\/"},"modified":"2025-12-14T23:27:37","modified_gmt":"2025-12-14T23:27:37","slug":"difficile-de-faire-plus-complet-a-moins-de-80-euros-frandroid","status":"publish","type":"post","link":"https:\/\/www.europesays.com\/fr\/599644\/","title":{"rendered":"difficile de faire plus complet \u00e0 moins de 80 euros \u2014 Frandroid"},"content":{"rendered":"<p>Leroy Merlin renforce sa gamme de produits connect\u00e9s. L\u2019occasion pour nous de proposer un test complet de la Lexman Cam\u00e9ra solaire de vid\u00e9osurveillance sans fil int\/ext.<\/p>\n<p><a href=\"https:\/\/images.frandroid.com\/wp-content\/uploads\/2025\/10\/lexman-camera-solaire-de-videosurveillance-sans-fil-intext-20.jpg\" target=\"_blank\" class=\"article-content__figure\" rel=\"noopener\"><img fetchpriority=\"high\" decoding=\"async\" loading=\"eager\" width=\"1195\" height=\"900\" src=\"https:\/\/www.europesays.com\/fr\/wp-content\/uploads\/2025\/12\/lexman-camera-solaire-de-videosurveillance-sans-fil-intext-20.jpg\" alt=\"\" class=\"wp-image-2839409 wp-image wp-image\"  \/><\/a><\/p>\n<p>Leroy Merlin continue d\u2019\u00e9toffer sa gamme de produits connect\u00e9s Lexman. Il lance cette fois sa premi\u00e8re <a href=\"https:\/\/www.frandroid.com\/guide-dachat\/guide-objets-connectes\/1183321_meilleure-camera-de-surveillance-exterieure\" target=\"_blank\" rel=\"noopener\">cam\u00e9ra de s\u00e9curit\u00e9 ext\u00e9rieure<\/a>\u2026 et \u00e0 <a href=\"https:\/\/www.frandroid.com\/survoltes\/energie\/batteries-et-panneaux-solaires\/2839523_lenergie-solaire-devient-la-moins-chere-au-monde\" target=\"_blank\" rel=\"noopener\">\u00e9nergie solaire<\/a>. Elle s\u2019int\u00e8gre simplement \u00e0 l\u2019\u00e9cosyst\u00e8me Enki, sans besoin d\u2019une box. Sur le papier, la promesse de la Lexman Cam\u00e9ra solaire de vid\u00e9osurveillance sans fil int\/ext est simple.<\/p>\n<p>Une cam\u00e9ra compl\u00e8te avec un capteur 2K, la d\u00e9tection de mouvement jusqu\u2019\u00e0 9 m\u00e8tres, et une autonomie quasi illimit\u00e9e gr\u00e2ce au panneau solaire d\u00e9port\u00e9, ce qui est d\u00e9j\u00e0 s\u00e9duisant sur le papier. Mais propos\u00e9e \u00e0 79 euros, soit le prix d\u2019une bonne cam\u00e9ra int\u00e9rieure, la promesse para\u00eet trop belle ! V\u00e9rifions donc si cette cam\u00e9ra tient ses promesses malgr\u00e9 son tarif.<\/p>\n<p>Ce test a \u00e9t\u00e9 r\u00e9alis\u00e9 avec un produit pr\u00eat\u00e9 par la marque.<\/p>\n<p>Design : Un petit air d\u2019Arlo<\/p>\n<p>Niveau design, cette cam\u00e9ra Lexman s\u2019inspire fortement des productions Arlo. Elle adopte une forme oblongue, avec un dos tout en rondeur. Le corps est en plastique blanc, alors que la fa\u00e7ade l\u00e9g\u00e8rement bomb\u00e9e est de couleur noire.<\/p>\n<p><a href=\"https:\/\/www.europesays.com\/fr\/wp-content\/uploads\/2025\/12\/lexman-camera-solaire-de-videosurveillance-sans-fil-intext-5.jpg\" target=\"_blank\" class=\"article-content__figure\"><img loading=\"lazy\" decoding=\"async\" width=\"1195\" height=\"900\" src=\"https:\/\/www.europesays.com\/fr\/wp-content\/uploads\/2025\/12\/lexman-camera-solaire-de-videosurveillance-sans-fil-intext-5.jpg\" alt=\"\" class=\"wp-image-2839411 wp-image\"  \/><\/a><\/p>\n<p>C\u2019est ici que nous retrouvons le capteur 2K, compl\u00e9t\u00e9 par un projecteur LED blanc en dessous pour la vision nocturne en couleur, puis des capteurs infrarouges pour la vision de nuit classique.<\/p>\n<p>\t\t\t\t\t\t<a href=\"https:\/\/images.frandroid.com\/wp-content\/uploads\/2025\/10\/lexman-camera-solaire-de-videosurveillance-sans-fil-intext-4.jpg\" itemprop=\"url\" target=\"_blank\" rel=\"noopener\"><\/p>\n<p>\t\t\t\t\t\t\t<img decoding=\"async\" class=\"wp-image\" src=\"https:\/\/www.europesays.com\/fr\/wp-content\/uploads\/2025\/12\/lexman-camera-solaire-de-videosurveillance-sans-fil-intext-4.jpg\"  width=\"460\" height=\"346\" loading=\"lazy\" data-original-width=\"460\" data-original-height=\"346\" itemprop=\"http:\/\/schema.org\/image\" title=\"Lexman Cam\u00e9ra solaire de vid\u00e9osurveillance sans fil intext (4)\" alt=\"Lexman Cam\u00e9ra solaire de vid\u00e9osurveillance sans fil intext (4)\" style=\"width: 460px; height: 346px;\"\/><br \/>\n\t\t\t\t\t\t<\/a><\/p>\n<p>\t\t\t\t\t\t<a href=\"https:\/\/images.frandroid.com\/wp-content\/uploads\/2025\/10\/lexman-camera-solaire-de-videosurveillance-sans-fil-intext-6.jpg\" itemprop=\"url\" target=\"_blank\" rel=\"noopener\"><\/p>\n<p>\t\t\t\t\t\t\t<img decoding=\"async\" class=\"wp-image\" src=\"https:\/\/www.europesays.com\/fr\/wp-content\/uploads\/2025\/12\/lexman-camera-solaire-de-videosurveillance-sans-fil-intext-6.jpg\"  width=\"460\" height=\"346\" loading=\"lazy\" data-original-width=\"460\" data-original-height=\"346\" itemprop=\"http:\/\/schema.org\/image\" title=\"Lexman Cam\u00e9ra solaire de vid\u00e9osurveillance sans fil intext (6)\" alt=\"Lexman Cam\u00e9ra solaire de vid\u00e9osurveillance sans fil intext (6)\" style=\"width: 460px; height: 346px;\"\/><br \/>\n\t\t\t\t\t\t<\/a><\/p>\n<p>Sur la tranche droite, nous avons acc\u00e8s au bouton d\u2019alimentation. \u00c0 l\u2019arri\u00e8re, un cache en plastique souple prot\u00e8ge la connectique USB-C, qui sert \u00e0 la recharge filaire ou \u00e0 l\u2019alimentation via le panneau solaire. Sur la tranche inf\u00e9rieure, nous avons un second cache en plastique souple qui donne acc\u00e8s \u00e0 un port microSD et au bouton de r\u00e9initialisation.<\/p>\n<p>\t\t\t\t\t\t<a href=\"https:\/\/images.frandroid.com\/wp-content\/uploads\/2025\/10\/lexman-camera-solaire-de-videosurveillance-sans-fil-intext-8.jpg\" itemprop=\"url\" target=\"_blank\" rel=\"noopener\"><\/p>\n<p>\t\t\t\t\t\t\t<img decoding=\"async\" class=\"wp-image\" src=\"https:\/\/www.europesays.com\/fr\/wp-content\/uploads\/2025\/12\/lexman-camera-solaire-de-videosurveillance-sans-fil-intext-8.jpg\"  width=\"460\" height=\"346\" loading=\"lazy\" data-original-width=\"460\" data-original-height=\"346\" itemprop=\"http:\/\/schema.org\/image\" title=\"Lexman Cam\u00e9ra solaire de vid\u00e9osurveillance sans fil intext (8)\" alt=\"Lexman Cam\u00e9ra solaire de vid\u00e9osurveillance sans fil intext (8)\" style=\"width: 460px; height: 346px;\"\/><br \/>\n\t\t\t\t\t\t<\/a><\/p>\n<p>\t\t\t\t\t\t<a href=\"https:\/\/images.frandroid.com\/wp-content\/uploads\/2025\/10\/lexman-camera-solaire-de-videosurveillance-sans-fil-intext-7.jpg\" itemprop=\"url\" target=\"_blank\" rel=\"noopener\"><\/p>\n<p>\t\t\t\t\t\t\t<img decoding=\"async\" class=\"wp-image\" src=\"https:\/\/www.europesays.com\/fr\/wp-content\/uploads\/2025\/12\/lexman-camera-solaire-de-videosurveillance-sans-fil-intext-7.jpg\"  width=\"460\" height=\"346\" loading=\"lazy\" data-original-width=\"460\" data-original-height=\"346\" itemprop=\"http:\/\/schema.org\/image\" title=\"Lexman Cam\u00e9ra solaire de vid\u00e9osurveillance sans fil intext (7)\" alt=\"Lexman Cam\u00e9ra solaire de vid\u00e9osurveillance sans fil intext (7)\" style=\"width: 460px; height: 346px;\"\/><br \/>\n\t\t\t\t\t\t<\/a><\/p>\n<p>Toujours sous la cam\u00e9ra, nous avons le point d\u2019ancrage du syst\u00e8me de fixation mural. L\u2019ensemble reste compact avec des dimensions de 50 \u00d7 145 \u00d7 60 mm pour un poids inf\u00e9rieur \u00e0 400 g. La conception est s\u00e9rieuse, avec un assemblage propre et des mat\u00e9riaux bien ajust\u00e9s.<\/p>\n<p>\t\t\t\t\t\t<a href=\"https:\/\/images.frandroid.com\/wp-content\/uploads\/2025\/10\/lexman-camera-solaire-de-videosurveillance-sans-fil-intext-14.jpg\" itemprop=\"url\" target=\"_blank\" rel=\"noopener\"><\/p>\n<p>\t\t\t\t\t\t\t<img decoding=\"async\" class=\"wp-image\" src=\"https:\/\/www.europesays.com\/fr\/wp-content\/uploads\/2025\/12\/lexman-camera-solaire-de-videosurveillance-sans-fil-intext-14.jpg\"  width=\"460\" height=\"346\" loading=\"lazy\" data-original-width=\"460\" data-original-height=\"346\" itemprop=\"http:\/\/schema.org\/image\" title=\"Lexman Cam\u00e9ra solaire de vid\u00e9osurveillance sans fil intext (14)\" alt=\"Lexman Cam\u00e9ra solaire de vid\u00e9osurveillance sans fil intext (14)\" style=\"width: 460px; height: 346px;\"\/><br \/>\n\t\t\t\t\t\t<\/a><\/p>\n<p>\t\t\t\t\t\t<a href=\"https:\/\/images.frandroid.com\/wp-content\/uploads\/2025\/10\/lexman-camera-solaire-de-videosurveillance-sans-fil-intext-15.jpg\" itemprop=\"url\" target=\"_blank\" rel=\"noopener\"><\/p>\n<p>\t\t\t\t\t\t\t<img decoding=\"async\" class=\"wp-image\" src=\"https:\/\/www.europesays.com\/fr\/wp-content\/uploads\/2025\/12\/lexman-camera-solaire-de-videosurveillance-sans-fil-intext-15.jpg\"  width=\"460\" height=\"346\" loading=\"lazy\" data-original-width=\"460\" data-original-height=\"346\" itemprop=\"http:\/\/schema.org\/image\" title=\"Lexman Cam\u00e9ra solaire de vid\u00e9osurveillance sans fil intext (15)\" alt=\"Lexman Cam\u00e9ra solaire de vid\u00e9osurveillance sans fil intext (15)\" style=\"width: 460px; height: 346px;\"\/><br \/>\n\t\t\t\t\t\t<\/a><\/p>\n<p>Le kit inclut \u00e9galement un panneau solaire de 174 \u00d7 163 \u00d7 12,5 mm. \u00c0 l\u2019arri\u00e8re, il dispose d\u2019un point d\u2019ancrage mural et d\u2019un long c\u00e2ble de 5 m\u00e8tres, pour relier directement la cam\u00e9ra. L\u2019ensemble b\u00e9n\u00e9ficie d\u2019une fabrication soign\u00e9e et d\u2019une certification IP65, garantissant une bonne r\u00e9sistance aux pr\u00e9cipitations et \u00e0 la poussi\u00e8re.<\/p>\n<p>Installation : simple et flexible<\/p>\n<p>La cam\u00e9ra est livr\u00e9e avec deux supports muraux, accompagn\u00e9s de vis et de chevilles. L\u2019installation de la cam\u00e9ra et du panneau solaire suit le m\u00eame principe. <\/p>\n<p><a href=\"https:\/\/www.europesays.com\/fr\/wp-content\/uploads\/2025\/12\/lexman-camera-solaire-de-videosurveillance-sans-fil-intext-1.jpg\" target=\"_blank\" class=\"article-content__figure\"><img loading=\"lazy\" decoding=\"async\" width=\"1195\" height=\"900\" src=\"https:\/\/www.europesays.com\/fr\/wp-content\/uploads\/2025\/12\/lexman-camera-solaire-de-videosurveillance-sans-fil-intext-1.jpg\" alt=\"\" class=\"wp-image-2839425 wp-image\"  \/><\/a><\/p>\n<p>Il suffit de rep\u00e9rer l\u2019endroit ad\u00e9quat, puis de positionner la base du support pour marquer les points de per\u00e7age. <\/p>\n<p><a href=\"https:\/\/www.europesays.com\/fr\/wp-content\/uploads\/2025\/12\/lexman-camera-solaire-de-videosurveillance-sans-fil-intext-17.jpg\" target=\"_blank\" class=\"article-content__figure\"><img loading=\"lazy\" decoding=\"async\" width=\"1195\" height=\"900\" src=\"https:\/\/www.europesays.com\/fr\/wp-content\/uploads\/2025\/12\/lexman-camera-solaire-de-videosurveillance-sans-fil-intext-17.jpg\" alt=\"\" class=\"wp-image-2839427 wp-image\"  \/><\/a><\/p>\n<p>Une fois les trous r\u00e9alis\u00e9s et les chevilles ins\u00e9r\u00e9es, le socle mural se fixe en quelques secondes. Il ne reste plus qu\u2019\u00e0 y fixer la cam\u00e9ra, puis \u00e0 ajuster son orientation pour cadrer au mieux la zone \u00e0 surveiller.<\/p>\n<p><a href=\"https:\/\/www.europesays.com\/fr\/wp-content\/uploads\/2025\/12\/lexman-camera-solaire-de-videosurveillance-sans-fil-intext-18.jpg\" target=\"_blank\" class=\"article-content__figure\"><img loading=\"lazy\" decoding=\"async\" width=\"1195\" height=\"900\" src=\"https:\/\/www.europesays.com\/fr\/wp-content\/uploads\/2025\/12\/lexman-camera-solaire-de-videosurveillance-sans-fil-intext-18.jpg\" alt=\"\" class=\"wp-image-2839429 wp-image\"  \/><\/a><\/p>\n<p>Contrairement \u00e0 la Xiaomi BW400 Pro, ici le panneau solaire n\u2019est pas int\u00e9gr\u00e9 \u00e0 la cam\u00e9ra. Il peut donc \u00eatre fix\u00e9 \u00e0 proximit\u00e9 ou \u00e0 distance, selon les contraintes d\u2019ensoleillement. Leroy Merlin a eu la bonne id\u00e9e de fournir un c\u00e2ble d\u2019alimentation de 5 m\u00e8tres, ce qui offre une vraie souplesse pour choisir l\u2019implantation optimale du panneau.<\/p>\n<p>Application : la s\u00e9curit\u00e9 du bout des doigts<\/p>\n<p>L\u2019application Enki, d\u00e9velopp\u00e9e par l\u2019enseigne Leroy Merlin, vise \u00e0 centraliser l\u2019usage des objets connect\u00e9s de marques diff\u00e9rentes. <\/p>\n<p>Elle permet ainsi d\u2019int\u00e9grer les produits Lexman, mais aussi ceux d\u2019autres fabricants, dans un seul environnement de maison connect\u00e9e. Le tout, sans d\u00e9pendre d\u2019une box maison, ni passer d\u2019une application \u00e0 l\u2019autre.<\/p>\n<p>Une fois l\u2019application install\u00e9e, l\u2019ajout de la cam\u00e9ra se fait simplement. Le processus a nettement progress\u00e9 depuis ses d\u00e9buts. Apr\u00e8s la mise sous tension, la cam\u00e9ra est d\u00e9tect\u00e9e automatiquement et le param\u00e9trage s\u2019effectue en deux \u00e0 trois minutes. \u00c0 la fin, vous pouvez cr\u00e9er les diff\u00e9rentes pi\u00e8ces de votre domicile et y rattacher la cam\u00e9ra.<\/p>\n<p><a href=\"https:\/\/www.europesays.com\/fr\/wp-content\/uploads\/2025\/12\/lexman-camera-solaire-de-videosurveillance-sans-fil-intext-capture-1-1.jpg\" target=\"_blank\" class=\"article-content__figure\"><img loading=\"lazy\" decoding=\"async\" width=\"403\" height=\"900\" src=\"https:\/\/www.europesays.com\/fr\/wp-content\/uploads\/2025\/12\/lexman-camera-solaire-de-videosurveillance-sans-fil-intext-capture-1-1.jpg\" alt=\"\" class=\"wp-image-2839439 wp-image\"  \/><\/a><\/p>\n<p>L\u2019interface principale de l\u2019application est assez charg\u00e9e. Elle affiche l\u2019ensemble des produits install\u00e9s, accompagn\u00e9s de messages ou d\u2019articles, plus ou moins utiles selon vos besoins. En s\u00e9lectionnant l\u2019ic\u00f4ne correspondant \u00e0 la cam\u00e9ra, l\u2019affichage passe au direct. Une grande vignette montre le flux vid\u00e9o en temps r\u00e9el. En haut, des ic\u00f4nes indiquent l\u2019\u00e9tat de la cam\u00e9ra, l\u2019activation ou non de la d\u00e9tection (humaine ou de mouvement) et le niveau de batterie.<\/p>\n<p> Sous la vignette, une rang\u00e9e d\u2019ic\u00f4nes permet de prendre une capture d\u2019\u00e9cran, de lancer un enregistrement, d\u2019activer ou de d\u00e9sactiver le micro, le haut-parleur et la LED. Une derni\u00e8re ic\u00f4ne permet un affichage plein \u00e9cran. Juste en dessous, une section D\u00e9tection permet d\u2019activer trois modes : sans d\u00e9tection, d\u00e9tection de mouvement ou d\u00e9tection de formes humaines. La section encore en dessous, Historique, donne acc\u00e8s aux alertes g\u00e9n\u00e9r\u00e9es.<\/p>\n<p>Dans les Param\u00e8tres, vous pouvez r\u00e9gler la sensibilit\u00e9 globale de d\u00e9tection et celle d\u00e9di\u00e9e aux formes humaines. Il est aussi possible de cr\u00e9er des zones de d\u00e9tection sp\u00e9cifiques pour affiner les alertes. En revanche, impossible de cr\u00e9er des zones de confidentialit\u00e9 si une partie du champ de vision embrasse l\u2019espace public.<\/p>\n<p><a href=\"https:\/\/www.europesays.com\/fr\/wp-content\/uploads\/2025\/12\/lexman-camera-solaire-de-videosurveillance-sans-fil-intext-capture-17.jpg\" target=\"_blank\" class=\"article-content__figure\"><img loading=\"lazy\" decoding=\"async\" width=\"403\" height=\"900\" src=\"https:\/\/www.europesays.com\/fr\/wp-content\/uploads\/2025\/12\/lexman-camera-solaire-de-videosurveillance-sans-fil-intext-capture-17.jpg\" alt=\"\" class=\"wp-image-2839453 wp-image\"  \/><\/a><\/p>\n<p>Concernant la vision nocturne, plusieurs options sont propos\u00e9es : Noir et blanc, Couleur ou Adaptatif. Cette derni\u00e8re affiche une image en noir et blanc en direct, et allume automatiquement la LED blanche en cas de d\u00e9tection, pour un affichage et un enregistrement vid\u00e9o en couleur. L\u2019ensemble est clair, coh\u00e9rent et propose de nombreuses fonctionnalit\u00e9s, surtout si vous utilisez d\u00e9j\u00e0 d\u2019autres \u00e9quipements compatibles avec l\u2019\u00e9cosyst\u00e8me Enki.<\/p>\n<p>Usage : des prestation honn\u00eates<\/p>\n<p>Cette cam\u00e9ra embarque un capteur capable de filmer en 2K (2304 x 1296 pixels) avec un champ de vision de 135\u00b0. En pleine journ\u00e9e, le rendu est correct, sans plus. La colorim\u00e9trie reste terne, avec des teintes visiblement plus p\u00e2les que la r\u00e9alit\u00e9. En cas de surexposition, certaines zones claires pr\u00e9sentent un effet de br\u00fblure mod\u00e9r\u00e9.<\/p>\n<p><a href=\"https:\/\/images.frandroid.com\/wp-content\/uploads\/2025\/10\/screenshot-20251022-133749.jpg\" target=\"_blank\" class=\"article-content__figure\" rel=\"noopener\"><img loading=\"lazy\" decoding=\"async\" width=\"1200\" height=\"538\" src=\"https:\/\/www.europesays.com\/fr\/wp-content\/uploads\/2025\/12\/screenshot-20251022-133749-1200x538.jpg\" alt=\"\" class=\"wp-image-2840337 wp-image\"  \/><\/a><\/p>\n<p>La pr\u00e9cision n\u2019impressionne pas. Les formes sont correctement reproduites, mais les d\u00e9tails peinent \u00e0 s\u2019imposer. Ainsi, le sujet en photo porte une chemise \u00e0 rayures roses et blanches, qui ne se distingue qu\u2019\u00e0 courte distance. Le traitement d\u2019image lisse exag\u00e9r\u00e9ment les arri\u00e8re-plans, ce qui provoque parfois un l\u00e9ger flou.<\/p>\n<p>\t\t\t\t\t\t<a href=\"https:\/\/images.frandroid.com\/wp-content\/uploads\/2025\/10\/lexman-camera-solaire-de-videosurveillance-sans-fil-intext-capture-video-de-jour-1.jpg\" itemprop=\"url\" target=\"_blank\" rel=\"noopener\"><\/p>\n<p>\t\t\t\t\t\t\t<img decoding=\"async\" class=\"wp-image\" src=\"https:\/\/www.europesays.com\/fr\/wp-content\/uploads\/2025\/12\/lexman-camera-solaire-de-videosurveillance-sans-fil-intext-capture-video-de-jour-1.jpg\"  width=\"460\" height=\"206\" loading=\"lazy\" data-original-width=\"460\" data-original-height=\"206\" itemprop=\"http:\/\/schema.org\/image\" title=\"Lexman Cam\u00e9ra solaire de vid\u00e9osurveillance sans fil intext capture video de jour (1)\" alt=\"Lexman Cam\u00e9ra solaire de vid\u00e9osurveillance sans fil intext capture video de jour (1)\" style=\"width: 460px; height: 206px;\"\/><br \/>\n\t\t\t\t\t\t<\/a><\/p>\n<p>\t\t\t\t\t\t<a href=\"https:\/\/images.frandroid.com\/wp-content\/uploads\/2025\/10\/lexman-camera-solaire-de-videosurveillance-sans-fil-intext-capture-video-de-jour-2.jpg\" itemprop=\"url\" target=\"_blank\" rel=\"noopener\"><\/p>\n<p>\t\t\t\t\t\t\t<img decoding=\"async\" class=\"wp-image\" src=\"https:\/\/www.europesays.com\/fr\/wp-content\/uploads\/2025\/12\/lexman-camera-solaire-de-videosurveillance-sans-fil-intext-capture-video-de-jour-2.jpg\"  width=\"460\" height=\"206\" loading=\"lazy\" data-original-width=\"460\" data-original-height=\"206\" itemprop=\"http:\/\/schema.org\/image\" title=\"Lexman Cam\u00e9ra solaire de vid\u00e9osurveillance sans fil intext capture video de jour (2)\" alt=\"Lexman Cam\u00e9ra solaire de vid\u00e9osurveillance sans fil intext capture video de jour (2)\" style=\"width: 460px; height: 206px;\"\/><br \/>\n\t\t\t\t\t\t<\/a><\/p>\n<p>Pour l\u2019identification faciale, les limites sont nettes. \u00c0 5 m\u00e8tres, le visage reste difficile \u00e0 reconna\u00eetre. \u00c0 4 m\u00e8tres, le contour devient plus lisible, mais les d\u00e9tails manquent encore. <\/p>\n<p>\t\t\t\t\t\t<a href=\"https:\/\/images.frandroid.com\/wp-content\/uploads\/2025\/10\/lexman-camera-solaire-de-videosurveillance-sans-fil-intext-capture-video-de-jour-3.jpg\" itemprop=\"url\" target=\"_blank\" rel=\"noopener\"><\/p>\n<p>\t\t\t\t\t\t\t<img decoding=\"async\" class=\"wp-image\" src=\"https:\/\/www.europesays.com\/fr\/wp-content\/uploads\/2025\/12\/lexman-camera-solaire-de-videosurveillance-sans-fil-intext-capture-video-de-jour-3.jpg\"  width=\"460\" height=\"206\" loading=\"lazy\" data-original-width=\"460\" data-original-height=\"206\" itemprop=\"http:\/\/schema.org\/image\" title=\"Lexman Cam\u00e9ra solaire de vid\u00e9osurveillance sans fil intext capture video de jour (3)\" alt=\"Lexman Cam\u00e9ra solaire de vid\u00e9osurveillance sans fil intext capture video de jour (3)\" style=\"width: 460px; height: 206px;\"\/><br \/>\n\t\t\t\t\t\t<\/a><\/p>\n<p>\t\t\t\t\t\t<a href=\"https:\/\/images.frandroid.com\/wp-content\/uploads\/2025\/10\/lexman-camera-solaire-de-videosurveillance-sans-fil-intext-capture-video-de-jour-4.jpg\" itemprop=\"url\" target=\"_blank\" rel=\"noopener\"><\/p>\n<p>\t\t\t\t\t\t\t<img decoding=\"async\" class=\"wp-image\" src=\"https:\/\/www.europesays.com\/fr\/wp-content\/uploads\/2025\/12\/lexman-camera-solaire-de-videosurveillance-sans-fil-intext-capture-video-de-jour-4.jpg\"  width=\"460\" height=\"206\" loading=\"lazy\" data-original-width=\"460\" data-original-height=\"206\" itemprop=\"http:\/\/schema.org\/image\" title=\"Lexman Cam\u00e9ra solaire de vid\u00e9osurveillance sans fil intext capture video de jour (4)\" alt=\"Lexman Cam\u00e9ra solaire de vid\u00e9osurveillance sans fil intext capture video de jour (4)\" style=\"width: 460px; height: 206px;\"\/><br \/>\n\t\t\t\t\t\t<\/a><\/p>\n<p>Passons \u00e0 3 m\u00e8tres, et le niveau de pr\u00e9cision s\u2019am\u00e9liore. \u00c0 2 m\u00e8tres, le visage devient enfin pleinement identifiable.<\/p>\n<p><a href=\"https:\/\/www.europesays.com\/fr\/wp-content\/uploads\/2025\/12\/lexman-camera-solaire-de-videosurveillance-sans-fil-intext-capture-video-de-jour-6.jpg\" target=\"_blank\" class=\"article-content__figure\"><img loading=\"lazy\" decoding=\"async\" width=\"1200\" height=\"538\" src=\"https:\/\/www.europesays.com\/fr\/wp-content\/uploads\/2025\/12\/lexman-camera-solaire-de-videosurveillance-sans-fil-intext-capture-video-de-jour-6.jpg\" alt=\"\" class=\"wp-image-2839463 wp-image\"  \/><\/a><\/p>\n<p>De nuit, deux modes sont disponibles : vision infrarouge classique et vision nocturne en couleur. Le mode infrarouge propose une lisibilit\u00e9 suffisante au premier plan, mais le fond reste brouillon. \u00c0 4 m\u00e8tres, une silhouette peut \u00eatre reconnue, mais il faut se rapprocher \u00e0 2 ou 3 m\u00e8tres pour commencer \u00e0 pouvoir identifier un visage.<\/p>\n<p>\n            Mode nuit\n        <\/p>\n<p>\n            Mode nuit couleur\n        <\/p>\n<p>Le mode couleur, bien que plus flatteur en apparence, montre rapidement ses limites avec des couleurs trop p\u00e2les. Les d\u00e9tails semblent plus marqu\u00e9s, mais en r\u00e9alit\u00e9, l\u2019identification faciale reste plus performante avec l\u2019infrarouge.<\/p>\n<p>\n            5 m en mode nuit\n        <\/p>\n<p>\n            5 m en mode nuit couleur\n        <\/p>\n<p>En dessous de 2 m\u00e8tres, le mode couleur est le plus efficace, mais au-del\u00e0, l\u2019infrarouge prend donc l\u2019avantage.<\/p>\n<p>\n            4 m en mode nuit4\n        <\/p>\n<p>\n            4 m en mode nuit couleur\n        <\/p>\n<p>La d\u00e9tection de formes humaines lui pose probl\u00e8me. La cam\u00e9ra confond ais\u00e9ment les mouvements d\u2019un parasol ou d\u2019un arbre avec une pr\u00e9sence humaine. La d\u00e9tection de mouvement classique s\u2019av\u00e8re bien plus fiable. Elle fonctionne correctement jusqu\u2019\u00e0 7 m\u00e8tres en journ\u00e9e, de nuit, l\u2019efficacit\u00e9 tombe \u00e0 5 m\u00e8tres.<\/p>\n<p>\n            2 m en mode nuit\n        <\/p>\n<p>\n            2 m en mode nuit couleur\n        <\/p>\n<p>Test\u00e9e face \u00e0 une grille de parking \u00e0 6 m\u00e8tres, la cam\u00e9ra n\u2019a pas r\u00e9agi \u00e0 une tentative de for\u00e7age. Aucun signal, aucune alerte, ce n\u2019est qu\u2019en franchissant le portail que la d\u00e9tection s\u2019est activ\u00e9e avec une notification imm\u00e9diate sur notre mobile.<\/p>\n<p>Audio<\/p>\n<p>C\u00f4t\u00e9 audio, la cam\u00e9ra int\u00e8gre un micro et un haut-parleur. Le micro offre une captation tr\u00e8s moyenne. Pour enregistrer clairement une conversation, celle-ci doit se d\u00e9rouler dans un rayon de 2 \u00e0 3 m\u00e8tres maximum et surtout pas par des chuchotements. La communication bidirectionnelle fonctionne correctement dans cette limite. Au-del\u00e0, la voix devient difficilement intelligible. L\u2019alarme int\u00e9gr\u00e9e manque clairement de puissance. Le niveau sonore ne d\u00e9passe pas 70 d\u00e9cibels. Cela peut suffire \u00e0 surprendre un cambrioleur peu exp\u00e9riment\u00e9, mais reste largement insuffisant pour alerter un voisin, sauf en appartement.<\/p>\n<p>Autonomie<\/p>\n<p>Ce n\u2019est pas l\u2019autonomie de la cam\u00e9ra qui impressionne. C\u2019est sa capacit\u00e9 \u00e0 se recharger gr\u00e2ce au panneau solaire. Lors d\u2019un test intensif, avec une charge initiale \u00e0 100 %, la batterie n\u2019est descendue qu\u2019\u00e0 87 % en une semaine. Et ce, malgr\u00e9 une avalanche de d\u00e9tections et de notifications.<\/p>\n<p><a href=\"https:\/\/www.europesays.com\/fr\/wp-content\/uploads\/2025\/12\/lexman-camera-solaire-de-videosurveillance-sans-fil-intext-2.jpg\" target=\"_blank\" class=\"article-content__figure\"><img loading=\"lazy\" decoding=\"async\" width=\"1195\" height=\"900\" src=\"https:\/\/www.europesays.com\/fr\/wp-content\/uploads\/2025\/12\/lexman-camera-solaire-de-videosurveillance-sans-fil-intext-2.jpg\" alt=\"\" class=\"wp-image-2840359 wp-image\"  \/><\/a><\/p>\n<p>Avec un usage plus classique, c\u2019est encore plus flagrant. La batterie reste stable entre 95 et 98 %. Le panneau solaire fait donc le travail et cela tient beaucoup au fait qu\u2019il peut \u00eatre d\u00e9port\u00e9 gr\u00e2ce \u00e0 un c\u00e2ble de 5 m\u00e8tres. Ce qui permet un positionnement optimal, ind\u00e9pendamment de celui de la cam\u00e9ra \u00e0 la diff\u00e9rence de la Xiaomi BW400 Pro. R\u00e9sultat, m\u00eame sous plusieurs semaines de ciel couvert, la batterie conserve un niveau assez constant, en six mois nous ne sommes jamais descendus en dessous de 50 %. <\/p>\n<p>Prix et disponibilit\u00e9<\/p>\n<p>La Lexman Cam\u00e9ra solaire de vid\u00e9osurveillance sans fil int\/ext est disponible en blanc au prix conseill\u00e9 de 79,99 euros.<\/p>\n","protected":false},"excerpt":{"rendered":"Leroy Merlin renforce sa gamme de produits connect\u00e9s. L\u2019occasion pour nous de proposer un test complet de la&hellip;\n","protected":false},"author":2,"featured_media":599645,"comment_status":"","ping_status":"","sticky":false,"template":"","format":"standard","meta":{"footnotes":""},"categories":[7],"tags":[61904,1011,27,43,40,41,39,42,44],"class_list":{"0":"post-599644","1":"post","2":"type-post","3":"status-publish","4":"format-standard","5":"has-post-thumbnail","7":"category-sciences-et-technologies","8":"tag-enki","9":"tag-fr","10":"tag-france","11":"tag-science","12":"tag-science-and-technology","13":"tag-sciences","14":"tag-sciences-et-technologies","15":"tag-technologies","16":"tag-technology"},"share_on_mastodon":{"url":"https:\/\/pubeurope.com\/@fr\/115720517550783767","error":""},"_links":{"self":[{"href":"https:\/\/www.europesays.com\/fr\/wp-json\/wp\/v2\/posts\/599644","targetHints":{"allow":["GET"]}}],"collection":[{"href":"https:\/\/www.europesays.com\/fr\/wp-json\/wp\/v2\/posts"}],"about":[{"href":"https:\/\/www.europesays.com\/fr\/wp-json\/wp\/v2\/types\/post"}],"author":[{"embeddable":true,"href":"https:\/\/www.europesays.com\/fr\/wp-json\/wp\/v2\/users\/2"}],"replies":[{"embeddable":true,"href":"https:\/\/www.europesays.com\/fr\/wp-json\/wp\/v2\/comments?post=599644"}],"version-history":[{"count":0,"href":"https:\/\/www.europesays.com\/fr\/wp-json\/wp\/v2\/posts\/599644\/revisions"}],"wp:featuredmedia":[{"embeddable":true,"href":"https:\/\/www.europesays.com\/fr\/wp-json\/wp\/v2\/media\/599645"}],"wp:attachment":[{"href":"https:\/\/www.europesays.com\/fr\/wp-json\/wp\/v2\/media?parent=599644"}],"wp:term":[{"taxonomy":"category","embeddable":true,"href":"https:\/\/www.europesays.com\/fr\/wp-json\/wp\/v2\/categories?post=599644"},{"taxonomy":"post_tag","embeddable":true,"href":"https:\/\/www.europesays.com\/fr\/wp-json\/wp\/v2\/tags?post=599644"}],"curies":[{"name":"wp","href":"https:\/\/api.w.org\/{rel}","templated":true}]}}