{"id":599646,"date":"2025-12-14T23:28:12","date_gmt":"2025-12-14T23:28:12","guid":{"rendered":"https:\/\/www.europesays.com\/fr\/599646\/"},"modified":"2025-12-14T23:28:12","modified_gmt":"2025-12-14T23:28:12","slug":"global-open-campus-maison-mere-du-brest-open-campus-place-en-redressement-judiciaire","status":"publish","type":"post","link":"https:\/\/www.europesays.com\/fr\/599646\/","title":{"rendered":"Global Open Campus, maison m\u00e8re du Brest Open Campus, plac\u00e9 en redressement judiciaire"},"content":{"rendered":"<p>Global Open Campus, groupe implant\u00e9 dans la cit\u00e9 du Ponant, depuis dix ans, avec le Brest Open Campus, mais \u00e9galement \u00e0 Rennes, Caen et Angers, a \u00e9t\u00e9 plac\u00e9 en redressement judiciaire. Le tribunal de commerce a pris cette d\u00e9cision mardi 9 d\u00e9cembre 2025, l\u2019\u00e9tablissement \u00e9tait en cessation de paiements depuis le 25 novembre. \u00ab\u00a0Je l\u2019ai appris lors d\u2019une visio\u00a0\u00bb, confie une formatrice inqui\u00e8te pour l\u2019avenir de ses \u00e9tudiants, qui souhaite conserver son anonymat. \u00c0 Brest, ce sont 550 \u00e9tudiants qui sont en alternance. Au total, le groupe compte 1\u00a0300 \u00e9tudiants, dont 250 encore \u00ab\u00a0non plac\u00e9s\u00a0\u00bb, c\u2019est-\u00e0-dire sans contrat. L\u2019antenne de Rennes, elle, rassemble une centaine d\u2019\u00e9tudiants. L\u2019entreprise embauche, sur ces quatre antennes, pr\u00e8s de 70 salari\u00e9s et 160 formateurs.<\/p>\n<p>\u00ab\u00a0Le quotidien des \u00e9tudiants ne changera pas\u00a0\u00bb<\/p>\n<p>Contact\u00e9, Fran\u00e7ois Pouletty, pr\u00e9sident et fondateur du groupe, veut rassurer\u00a0: \u00ab\u00a0Le quotidien des \u00e9tudiants ne changera pas. Les cours vont \u00eatre maintenus\u00a0\u00bb. Selon lui, le placement sous redressement judiciaire permettra de r\u00e9mun\u00e9rer normalement les formateurs, m\u00eame sous statut de microentrepreneur, en temps et en heure. \u00ab\u00a0De nouvelles sources de financement permettront sans difficult\u00e9s de d\u00e9passer cette crise\u00a0\u00bb, affirme-t-il, avec pour objectif de trouver une solution en d\u00e9but d\u2019ann\u00e9e 2026. Selon lui, la baisse et suspension de certaines aides de l\u2019\u00c9tat aux entreprises ayant recours aux contrats en alternance expliquent en partie la situation.<\/p>\n<p>Selon une \u00e9tude trimestrielle sur l\u2019emploi de l\u2019Insee du 6 novembre 2025, l\u2019emploi salari\u00e9 aurait recul\u00e9 de 60\u00a0600 postes en France entre juin et septembre, dont deux tiers de cette perte sont imputables \u00e0 la baisse de l\u2019emploi en alternance.<\/p>\n","protected":false},"excerpt":{"rendered":"Global Open Campus, groupe implant\u00e9 dans la cit\u00e9 du Ponant, depuis dix ans, avec le Brest Open Campus,&hellip;\n","protected":false},"author":2,"featured_media":599647,"comment_status":"","ping_status":"","sticky":false,"template":"","format":"standard","meta":{"footnotes":""},"categories":[6],"tags":[11,5344,3450,829,35,33,34,1057,765,9614,257,3321,1011,27,584],"class_list":{"0":"post-599646","1":"post","2":"type-post","3":"status-publish","4":"format-standard","5":"has-post-thumbnail","7":"category-economie","8":"tag-actualites","9":"tag-alternance","10":"tag-brest","11":"tag-bretagne","12":"tag-business","13":"tag-economie","14":"tag-economy","15":"tag-education","16":"tag-en-continu","17":"tag-enseignement","18":"tag-entreprise","19":"tag-finistere","20":"tag-fr","21":"tag-france","22":"tag-rennes"},"share_on_mastodon":{"url":"https:\/\/pubeurope.com\/@fr\/115720521108768710","error":""},"_links":{"self":[{"href":"https:\/\/www.europesays.com\/fr\/wp-json\/wp\/v2\/posts\/599646","targetHints":{"allow":["GET"]}}],"collection":[{"href":"https:\/\/www.europesays.com\/fr\/wp-json\/wp\/v2\/posts"}],"about":[{"href":"https:\/\/www.europesays.com\/fr\/wp-json\/wp\/v2\/types\/post"}],"author":[{"embeddable":true,"href":"https:\/\/www.europesays.com\/fr\/wp-json\/wp\/v2\/users\/2"}],"replies":[{"embeddable":true,"href":"https:\/\/www.europesays.com\/fr\/wp-json\/wp\/v2\/comments?post=599646"}],"version-history":[{"count":0,"href":"https:\/\/www.europesays.com\/fr\/wp-json\/wp\/v2\/posts\/599646\/revisions"}],"wp:featuredmedia":[{"embeddable":true,"href":"https:\/\/www.europesays.com\/fr\/wp-json\/wp\/v2\/media\/599647"}],"wp:attachment":[{"href":"https:\/\/www.europesays.com\/fr\/wp-json\/wp\/v2\/media?parent=599646"}],"wp:term":[{"taxonomy":"category","embeddable":true,"href":"https:\/\/www.europesays.com\/fr\/wp-json\/wp\/v2\/categories?post=599646"},{"taxonomy":"post_tag","embeddable":true,"href":"https:\/\/www.europesays.com\/fr\/wp-json\/wp\/v2\/tags?post=599646"}],"curies":[{"name":"wp","href":"https:\/\/api.w.org\/{rel}","templated":true}]}}