{"id":599648,"date":"2025-12-14T23:29:15","date_gmt":"2025-12-14T23:29:15","guid":{"rendered":"https:\/\/www.europesays.com\/fr\/599648\/"},"modified":"2025-12-14T23:29:15","modified_gmt":"2025-12-14T23:29:15","slug":"guadeloupe-un-suspect-arrete-apres-lagression-sexuelle-de-lex-deputee-modem-justine-benin-encore-sous-le-choc","status":"publish","type":"post","link":"https:\/\/www.europesays.com\/fr\/599648\/","title":{"rendered":"Guadeloupe\u00a0: un suspect arr\u00eat\u00e9 apr\u00e8s l\u2019agression sexuelle de l\u2019ex-d\u00e9put\u00e9e MoDem Justine B\u00e9nin, encore sous le choc"},"content":{"rendered":"<p class=\"paragraph text_align_left lp-f-body-02\">Un homme de 44 ans a \u00e9t\u00e9 arr\u00eat\u00e9 dimanche, soup\u00e7onn\u00e9 d\u2019avoir agress\u00e9 sexuellement devant une \u00e9glise du Moule (Guadeloupe) <a href=\"https:\/\/www.leparisien.fr\/elections\/legislatives\/legislatives-la-secretaire-detat-justine-benin-battue-en-guadeloupe-19-06-2022-ZIKYBPQDWREGTBZ3RV65X6B3QQ.php\" target=\"_blank\" rel=\"noreferrer noopener\">l\u2019ex-d\u00e9put\u00e9e Justine B\u00e9nin<\/a>, a indiqu\u00e9 une source proche du dossier, confirmant une information de <a href=\"https:\/\/rci.fm\/guadeloupe\/infos\/Faits-divers\/Justine-Benin-agressee-sexuellement-au-Moule-lauteur-interpelle-par-les\" target=\"_blank\" rel=\"noreferrer noopener\">RCI<\/a>.<\/p>\n<p class=\"\">Vers 6h30-7 heures dimanche, un individu a \u00e9trangl\u00e9 l\u2019ex-d\u00e9put\u00e9e MoDem (2017-2022) de 50 ans et soulev\u00e9 sa jupe dans la cour du presbyt\u00e8re du Moule. Une autre femme aurait subi le m\u00eame sort, selon <a href=\"https:\/\/la1ere.franceinfo.fr\/guadeloupe\/grande-terre\/moule\/agression-sexuelle-au-moule-justine-benin-et-une-autre-femme-violentees-par-un-homme-1652756.html\" target=\"_blank\" rel=\"noreferrer noopener\">la Premi\u00e8re<\/a>.<\/p>\n<p class=\"\">Rapidement interpell\u00e9 par les forces de l\u2019ordre, cet habitant de la commune a menac\u00e9 les gendarmes avec un couteau lors de son arrestation. Il se trouve actuellement en garde \u00e0 vue.<\/p>\n<p>Justine B\u00e9nin sous le choc<\/p>\n<p class=\"\">Battue aux l\u00e9gislatives de 2022, ce qui l\u2019a oblig\u00e9e \u00e0 quitter au bout de 45 jours son poste de secr\u00e9taire d\u2019\u00c9tat \u00e0 la mer, Justine B\u00e9nin est actuellement la coordinatrice interminist\u00e9rielle contre les violences faites aux femmes en outre-mer.<\/p>\n<p class=\"\">Justine B\u00e9nin a d\u00e9pos\u00e9 plainte selon la radio locale RCI. Elle a indiqu\u00e9 ne pas souhaiter s\u2019exprimer publiquement pour l\u2019instant.<\/p>\n<p class=\"\">Tr\u00e8s \u00e9prouv\u00e9e par cette agression, elle reste sous le choc. L\u2019enqu\u00eate devra permettre d\u2019\u00e9tablir pr\u00e9cis\u00e9ment le d\u00e9roul\u00e9 des faits et les motivations de l\u2019agresseur. Cette agression intervient alors m\u00eame que la lutte contre les violences sexistes et sexuelles demeure une priorit\u00e9 nationale.<\/p>\n","protected":false},"excerpt":{"rendered":"Un homme de 44 ans a \u00e9t\u00e9 arr\u00eat\u00e9 dimanche, soup\u00e7onn\u00e9 d\u2019avoir agress\u00e9 sexuellement devant une \u00e9glise du Moule&hellip;\n","protected":false},"author":2,"featured_media":599649,"comment_status":"","ping_status":"","sticky":false,"template":"","format":"standard","meta":{"footnotes":""},"categories":[5],"tags":[11,459,118,1011,27,14,12,28],"class_list":{"0":"post-599648","1":"post","2":"type-post","3":"status-publish","4":"format-standard","5":"has-post-thumbnail","7":"category-international","8":"tag-actualites","9":"tag-departements-horsidfo","10":"tag-faits-divers","11":"tag-fr","12":"tag-france","13":"tag-international","14":"tag-news","15":"tag-world"},"share_on_mastodon":{"url":"https:\/\/pubeurope.com\/@fr\/115720523785942129","error":""},"_links":{"self":[{"href":"https:\/\/www.europesays.com\/fr\/wp-json\/wp\/v2\/posts\/599648","targetHints":{"allow":["GET"]}}],"collection":[{"href":"https:\/\/www.europesays.com\/fr\/wp-json\/wp\/v2\/posts"}],"about":[{"href":"https:\/\/www.europesays.com\/fr\/wp-json\/wp\/v2\/types\/post"}],"author":[{"embeddable":true,"href":"https:\/\/www.europesays.com\/fr\/wp-json\/wp\/v2\/users\/2"}],"replies":[{"embeddable":true,"href":"https:\/\/www.europesays.com\/fr\/wp-json\/wp\/v2\/comments?post=599648"}],"version-history":[{"count":0,"href":"https:\/\/www.europesays.com\/fr\/wp-json\/wp\/v2\/posts\/599648\/revisions"}],"wp:featuredmedia":[{"embeddable":true,"href":"https:\/\/www.europesays.com\/fr\/wp-json\/wp\/v2\/media\/599649"}],"wp:attachment":[{"href":"https:\/\/www.europesays.com\/fr\/wp-json\/wp\/v2\/media?parent=599648"}],"wp:term":[{"taxonomy":"category","embeddable":true,"href":"https:\/\/www.europesays.com\/fr\/wp-json\/wp\/v2\/categories?post=599648"},{"taxonomy":"post_tag","embeddable":true,"href":"https:\/\/www.europesays.com\/fr\/wp-json\/wp\/v2\/tags?post=599648"}],"curies":[{"name":"wp","href":"https:\/\/api.w.org\/{rel}","templated":true}]}}