{"id":599650,"date":"2025-12-14T23:30:19","date_gmt":"2025-12-14T23:30:19","guid":{"rendered":"https:\/\/www.europesays.com\/fr\/599650\/"},"modified":"2025-12-14T23:30:19","modified_gmt":"2025-12-14T23:30:19","slug":"la64-reste-fermee-et-la-pagaille-est-annoncee-sur-la63-direction-lespagne","status":"publish","type":"post","link":"https:\/\/www.europesays.com\/fr\/599650\/","title":{"rendered":"l\u2019A64 reste ferm\u00e9e et la pagaille est annonc\u00e9e sur l&rsquo;A63 direction l&rsquo;Espagne"},"content":{"rendered":"<p>                    Par<br \/>\n        <strong><br \/>\n            <a href=\"https:\/\/actu.fr\/auteur\/margotdelpech20\" title=\"Consulter tous les articles de Margot Delpech\" target=\"_blank\" rel=\"noopener\">Margot Delpech<\/a><br \/>\n                    <\/strong><\/p>\n<p>        Publi\u00e9 le<\/p>\n<p>            14 d\u00e9c. 2025 \u00e0 20h06        <\/p>\n<p>Si vous pensiez qu\u2019ils allaient rentrer \u00e0 la maison pour une bonne nuit de sommeil afin d\u2019attaquer leur semaine dans les champs et quitter les blocages\u2026 Que nenni\u2009! Les <strong>agriculteurs<\/strong> des <a href=\"https:\/\/actu.fr\/nouvelle-aquitaine\/pyrenees-atlantiques_64\" target=\"_blank\" rel=\"noopener\">Pyr\u00e9n\u00e9es-Atlantiques<\/a> ne comptent pas lever le camp. Il semblerait que le mouvement soit parti pour durer. Ce dimanche 14\u00a0d\u00e9cembre 2025, en d\u00e9but de soir\u00e9e,<a href=\"https:\/\/actu.fr\/nouvelle-aquitaine\/briscous_64147\/l-a64-encore-bloquee-par-les-agriculteurs-et-la-situation-va-se-tendre-si-le-prefet-decide-de-faire-evacuer_63574850.html\" target=\"_blank\" rel=\"noopener\"> l\u2019A64 est toujours ferm\u00e9e aux automobilistes<\/a>, et<strong> la circulation ces prochaines heures s\u2019annonce tr\u00e8s compliqu\u00e9e<\/strong> sur <a href=\"https:\/\/actu.fr\/tag\/autoroute-63-a63\" target=\"_blank\" rel=\"noopener\">l\u2019A63<\/a>, <strong>en direction de l\u2019Espagne.<\/strong><\/p>\n<p class=\" wall-content\">\u00ab\u2009Le<strong> Sud-Ouest du r\u00e9seau reste tr\u00e8s fortement perturb\u00e9<\/strong> entre Toulouse et Bayonne. L\u2019autoroute A64 est toujours ferm\u00e9e \u00e0 la circulation dans les deux sens de circulation \u2013 entre Montr\u00e9jeau (n\u00b017) et Briscous (n\u00b03) \u2013 ainsi que la bretelle de l\u2019autoroute A645. Sur l\u2019A63, dans le secteur frontalier de Biriatou, des perturbations sont probables jusqu\u2019\u00e0 demain matin\u2009\u00bb, explique Vinci Autoroutes.<\/p>\n<p>Voici ce qu\u2019il faut savoir sur les blocages ce soir\u2009:<\/p>\n<ul class=\" wall-content\">\n<li>Coupures de l\u2019autoroute A64. Entre Toulouse et Bayonne, interdiction de circuler pour les poids lourds de plus de 7,5T dans les deux sens. Coupure de l\u2019A64 entre les \u00e9changeurs de Briscous (n\u00b03) et de Montr\u00e9jeau (n\u00b017)<\/li>\n<li>Coupure de la bretelle A645 en direction de l\u2019Espagne. Sortie obligatoire \u00e0 la D 817 (n\u00b02) en direction de l\u2019Espagne. Entr\u00e9e interdite \u00e0 Croix du Bazert (n\u00b01) en direction de Toulouse et Bayonne.<\/li>\n<\/ul>\n<p class=\" wall-content\">Personnalisez votre actualit\u00e9 en ajoutant vos villes et m\u00e9dias en favori avec <a href=\"https:\/\/moncompte.actu.fr\" title=\"D\u00e9couvez Mon Actu\" rel=\"nofollow noopener\" data-trk=\"{&quot;cta&quot;:{&quot;action&quot;:&quot;https:\\\/\\\/moncompte.actu.fr&quot;,&quot;category&quot;:&quot;mon compte&quot;,&quot;from&quot;:&quot;article footer&quot;,&quot;name&quot;:&quot;Mon actu&quot;,&quot;type&quot;:&quot;cta&quot;}}\" target=\"_blank\">Mon Actu<\/a>.<\/p>\n","protected":false},"excerpt":{"rendered":"Par Margot Delpech Publi\u00e9 le 14 d\u00e9c. 2025 \u00e0 20h06 Si vous pensiez qu\u2019ils allaient rentrer \u00e0 la&hellip;\n","protected":false},"author":2,"featured_media":599651,"comment_status":"","ping_status":"","sticky":false,"template":"","format":"standard","meta":{"footnotes":""},"categories":[4],"tags":[11,327,1011,27,12,9203,25,104],"class_list":{"0":"post-599650","1":"post","2":"type-post","3":"status-publish","4":"format-standard","5":"has-post-thumbnail","7":"category-france","8":"tag-actualites","9":"tag-agriculture","10":"tag-fr","11":"tag-france","12":"tag-news","13":"tag-pays-basque","14":"tag-republique-francaise","15":"tag-societe"},"share_on_mastodon":{"url":"","error":""},"_links":{"self":[{"href":"https:\/\/www.europesays.com\/fr\/wp-json\/wp\/v2\/posts\/599650","targetHints":{"allow":["GET"]}}],"collection":[{"href":"https:\/\/www.europesays.com\/fr\/wp-json\/wp\/v2\/posts"}],"about":[{"href":"https:\/\/www.europesays.com\/fr\/wp-json\/wp\/v2\/types\/post"}],"author":[{"embeddable":true,"href":"https:\/\/www.europesays.com\/fr\/wp-json\/wp\/v2\/users\/2"}],"replies":[{"embeddable":true,"href":"https:\/\/www.europesays.com\/fr\/wp-json\/wp\/v2\/comments?post=599650"}],"version-history":[{"count":0,"href":"https:\/\/www.europesays.com\/fr\/wp-json\/wp\/v2\/posts\/599650\/revisions"}],"wp:featuredmedia":[{"embeddable":true,"href":"https:\/\/www.europesays.com\/fr\/wp-json\/wp\/v2\/media\/599651"}],"wp:attachment":[{"href":"https:\/\/www.europesays.com\/fr\/wp-json\/wp\/v2\/media?parent=599650"}],"wp:term":[{"taxonomy":"category","embeddable":true,"href":"https:\/\/www.europesays.com\/fr\/wp-json\/wp\/v2\/categories?post=599650"},{"taxonomy":"post_tag","embeddable":true,"href":"https:\/\/www.europesays.com\/fr\/wp-json\/wp\/v2\/tags?post=599650"}],"curies":[{"name":"wp","href":"https:\/\/api.w.org\/{rel}","templated":true}]}}