{"id":599668,"date":"2025-12-14T23:46:20","date_gmt":"2025-12-14T23:46:20","guid":{"rendered":"https:\/\/www.europesays.com\/fr\/599668\/"},"modified":"2025-12-14T23:46:20","modified_gmt":"2025-12-14T23:46:20","slug":"grenoble-guy-tournier-expose-ses-aquarelles-de-montagne-jusquau-20-decembre","status":"publish","type":"post","link":"https:\/\/www.europesays.com\/fr\/599668\/","title":{"rendered":"Grenoble. Guy Tournier expose ses aquarelles de montagne jusqu\u2019au 20 d\u00e9cembre"},"content":{"rendered":"<p>La galerie Hang\u2019Art accueille jusqu\u2019au 20 d\u00e9cembre une exposition de Guy Tournier, peintre grenoblois sp\u00e9cialis\u00e9 dans les paysages alpins. Autodidacte passionn\u00e9 depuis sa premi\u00e8re exposition \u00e0 16 ans, l\u2019artiste pr\u00e9sente une s\u00e9rie d\u2019aquarelles d\u2019une remarquable pr\u00e9cision technique.<\/p>\n<p>Guy Tournier travaille exclusivement d\u2019apr\u00e8s ses propres croquis et photographies. <\/p>\n<p>Au-del\u00e0 des sommets, l\u2019artiste travaille \u00e9galement sur des contes et fabliaux qu\u2019il garde pour l\u2019instant confidentiels.<\/p>\n<p class=\"note\">Galerie Hang\u2019Art, 5 rue Dominique-Villars, Grenoble<\/p>\n","protected":false},"excerpt":{"rendered":"La galerie Hang\u2019Art accueille jusqu\u2019au 20 d\u00e9cembre une exposition de Guy Tournier, peintre grenoblois sp\u00e9cialis\u00e9 dans les paysages&hellip;\n","protected":false},"author":2,"featured_media":599669,"comment_status":"","ping_status":"","sticky":false,"template":"","format":"standard","meta":{"footnotes":""},"categories":[9566],"tags":[1111,11,2430,1687,112,1777,674,2271,1011,27,2731,2732,12,25],"class_list":{"0":"post-599668","1":"post","2":"type-post","3":"status-publish","4":"format-standard","5":"has-post-thumbnail","7":"category-grenoble","8":"tag-actu","9":"tag-actualites","10":"tag-auvergne-rhone-alpes","11":"tag-culture-loisirs","12":"tag-edition-grenoble-agglomeration","13":"tag-eu","14":"tag-europe","15":"tag-exposition-arts-plastiques","16":"tag-fr","17":"tag-france","18":"tag-grenoble","19":"tag-grenoble-bassin","20":"tag-news","21":"tag-republique-francaise"},"share_on_mastodon":{"url":"","error":""},"_links":{"self":[{"href":"https:\/\/www.europesays.com\/fr\/wp-json\/wp\/v2\/posts\/599668","targetHints":{"allow":["GET"]}}],"collection":[{"href":"https:\/\/www.europesays.com\/fr\/wp-json\/wp\/v2\/posts"}],"about":[{"href":"https:\/\/www.europesays.com\/fr\/wp-json\/wp\/v2\/types\/post"}],"author":[{"embeddable":true,"href":"https:\/\/www.europesays.com\/fr\/wp-json\/wp\/v2\/users\/2"}],"replies":[{"embeddable":true,"href":"https:\/\/www.europesays.com\/fr\/wp-json\/wp\/v2\/comments?post=599668"}],"version-history":[{"count":0,"href":"https:\/\/www.europesays.com\/fr\/wp-json\/wp\/v2\/posts\/599668\/revisions"}],"wp:featuredmedia":[{"embeddable":true,"href":"https:\/\/www.europesays.com\/fr\/wp-json\/wp\/v2\/media\/599669"}],"wp:attachment":[{"href":"https:\/\/www.europesays.com\/fr\/wp-json\/wp\/v2\/media?parent=599668"}],"wp:term":[{"taxonomy":"category","embeddable":true,"href":"https:\/\/www.europesays.com\/fr\/wp-json\/wp\/v2\/categories?post=599668"},{"taxonomy":"post_tag","embeddable":true,"href":"https:\/\/www.europesays.com\/fr\/wp-json\/wp\/v2\/tags?post=599668"}],"curies":[{"name":"wp","href":"https:\/\/api.w.org\/{rel}","templated":true}]}}