{"id":599670,"date":"2025-12-14T23:47:21","date_gmt":"2025-12-14T23:47:21","guid":{"rendered":"https:\/\/www.europesays.com\/fr\/599670\/"},"modified":"2025-12-14T23:47:21","modified_gmt":"2025-12-14T23:47:21","slug":"gf38-mhsc-franck-rizzetto-grenoble-avec-beaucoup-plus-de-justesse-on-aurait-pu-faire-plus-mal-a-cette-equipe-de-montpellier","status":"publish","type":"post","link":"https:\/\/www.europesays.com\/fr\/599670\/","title":{"rendered":"[GF38-MHSC] Franck Rizzetto (Grenoble) : \u201cAvec beaucoup plus de justesse, on aurait pu faire plus mal \u00e0 cette \u00e9quipe de Montpellier\u201d"},"content":{"rendered":"<p>Franck Rizzetto est revenu sur le match nul obtenu par son \u00e9quipe. Il aurait m\u00eame esp\u00e9r\u00e9 mieux si ses joueurs avaient \u00e9t\u00e9 plus efficaces dans le dernier geste.<\/p>\n<p>\u00ab C\u2019est tr\u00e8s bien d\u2019\u00eatre revenu au score, mais c\u2019est le minimum syndical. Avec beaucoup plus de justesse, on aurait pu faire plus mal \u00e0 cette \u00e9quipe de Montpellier. Pas le bon dosage, un petit manque de pr\u00e9cision\u2026 on ne s\u2019est pas toujours mis dans les bonnes dispositions pour concr\u00e9tiser. Mais les joueurs ont su revenir au score et je leur dis bravo\u00a0! C\u2019\u00e9tait le minimum syndical. <\/p>\n<p>Mais dans l\u2019ensemble, c\u2019\u00e9tait un bon match, avec des situations de part et d\u2019autre et peut-\u00eatre plus d\u2019occasions de marquer pour nous\u2026 mais faut les mettre au fond\u00a0! Globalement, on a \u00e9t\u00e9 plus consistant sur ce match que sur le d\u00e9but de saison, o\u00f9 on manquait de constance. Si on arrive \u00e0 avoir plus de justesse technique, on sera encore plus performant.\u00a0\u00bb<\/p>\n<p>Source : <a href=\"https:\/\/www.ledauphine.com\/sport\/2025\/12\/13\/le-gf38-s-arrache-pour-prendre-un-point-contre-montpellier\" title=\"\" target=\"_blank\" rel=\"noopener\">Le Dauphin\u00e9<\/a><\/p>\n","protected":false},"excerpt":{"rendered":"Franck Rizzetto est revenu sur le match nul obtenu par son \u00e9quipe. Il aurait m\u00eame esp\u00e9r\u00e9 mieux si&hellip;\n","protected":false},"author":2,"featured_media":599671,"comment_status":"","ping_status":"","sticky":false,"template":"","format":"standard","meta":{"footnotes":""},"categories":[9566],"tags":[328,1111,11,2430,1777,674,1011,27,70323,2731,12,25],"class_list":{"0":"post-599670","1":"post","2":"type-post","3":"status-publish","4":"format-standard","5":"has-post-thumbnail","7":"category-grenoble","8":"tag-a-la-une","9":"tag-actu","10":"tag-actualites","11":"tag-auvergne-rhone-alpes","12":"tag-eu","13":"tag-europe","14":"tag-fr","15":"tag-france","16":"tag-gf38-mhsc","17":"tag-grenoble","18":"tag-news","19":"tag-republique-francaise"},"share_on_mastodon":{"url":"https:\/\/pubeurope.com\/@fr\/115720594726551369","error":""},"_links":{"self":[{"href":"https:\/\/www.europesays.com\/fr\/wp-json\/wp\/v2\/posts\/599670","targetHints":{"allow":["GET"]}}],"collection":[{"href":"https:\/\/www.europesays.com\/fr\/wp-json\/wp\/v2\/posts"}],"about":[{"href":"https:\/\/www.europesays.com\/fr\/wp-json\/wp\/v2\/types\/post"}],"author":[{"embeddable":true,"href":"https:\/\/www.europesays.com\/fr\/wp-json\/wp\/v2\/users\/2"}],"replies":[{"embeddable":true,"href":"https:\/\/www.europesays.com\/fr\/wp-json\/wp\/v2\/comments?post=599670"}],"version-history":[{"count":0,"href":"https:\/\/www.europesays.com\/fr\/wp-json\/wp\/v2\/posts\/599670\/revisions"}],"wp:featuredmedia":[{"embeddable":true,"href":"https:\/\/www.europesays.com\/fr\/wp-json\/wp\/v2\/media\/599671"}],"wp:attachment":[{"href":"https:\/\/www.europesays.com\/fr\/wp-json\/wp\/v2\/media?parent=599670"}],"wp:term":[{"taxonomy":"category","embeddable":true,"href":"https:\/\/www.europesays.com\/fr\/wp-json\/wp\/v2\/categories?post=599670"},{"taxonomy":"post_tag","embeddable":true,"href":"https:\/\/www.europesays.com\/fr\/wp-json\/wp\/v2\/tags?post=599670"}],"curies":[{"name":"wp","href":"https:\/\/api.w.org\/{rel}","templated":true}]}}