{"id":599680,"date":"2025-12-14T23:54:32","date_gmt":"2025-12-14T23:54:32","guid":{"rendered":"https:\/\/www.europesays.com\/fr\/599680\/"},"modified":"2025-12-14T23:54:32","modified_gmt":"2025-12-14T23:54:32","slug":"lincubateur-du-barreau-de-nice-organise-une-formation-sur-lia-generative","status":"publish","type":"post","link":"https:\/\/www.europesays.com\/fr\/599680\/","title":{"rendered":"L\u2019Incubateur du Barreau de Nice organise une formation sur l\u2019IA g\u00e9n\u00e9rative (\u2026)"},"content":{"rendered":"<p>                    <img loading=\"lazy\" decoding=\"async\" src=\"https:\/\/www.europesays.com\/fr\/wp-content\/uploads\/2025\/12\/b1470ae7a200298f7a18700eb93c93.png\" class=\"img-responsive post-image\" width=\"680\" height=\"510\" alt=\"L'Incubateur du Barreau\" title=\"L'Incubateur du Barreau de Nice organise une formation sur l'IA g\u00e9n\u00e9rative le 12 d\u00e9cembre\"\/><\/p>\n<p class=\"chapo\">L\u2019Incubateur du Barreau de Nice organise, le vendredi 12 d\u00e9cembre, une formation in\u00e9dite d\u00e9di\u00e9e \u00e0 l\u2019intelligence artificielle g\u00e9n\u00e9rative, un sujet devenu incontournable pour les professionnels du droit. Anim\u00e9e par M.\u00a0Micka\u00ebl Auguy, sp\u00e9cialiste de la transformation digitale, cette session vise \u00e0 accompagner les avocats dans l\u2019int\u00e9gration strat\u00e9gique de l\u2019IA au sein de leur cabinet.<\/p>\n<p>Propos\u00e9e de 15h \u00e0 18h \u00e0 la Biblioth\u00e8que de l\u2019Ordre (19 rue Alexandre Mari, Nice), cette formation a pour ambition d\u2019aider les participants \u00e0 r\u00e9ussir leur passage \u00e0 l\u2019IA. Le programme mettra notamment en lumi\u00e8re\u00a0:<br \/>\n<br \/><b>\u2013<\/b>\u00a0Comment faire de l\u2019IA un v\u00e9ritable alli\u00e9 strat\u00e9gique\u00a0;<br \/>\n<br \/><b>\u2013<\/b>\u00a0Les outils adapt\u00e9s selon les besoins sp\u00e9cifiques des avocats\u00a0;<br \/>\n<br \/><b>\u2013<\/b>\u00a0Les bonnes pratiques pour rentabiliser et optimiser l\u2019organisation de son cabinet via l\u2019IA.<br class=\"autobr\"\/><br \/>\nOuverte en pr\u00e9sentiel mais \u00e9galement en visioconf\u00e9rence pour les participants ext\u00e9rieurs, la session donne droit \u00e0 3 heures de formation continue, niveau 1 \u2013 d\u00e9butant. L\u2019acc\u00e8s est gratuit pour les adh\u00e9rents, et propos\u00e9 au tarif de 10 \u20ac pour les autres.<br class=\"autobr\"\/><br \/>\nOrganis\u00e9 avec le soutien du Barreau de Nice et de l\u2019Institut Information Recherches du Barreau de Nice, cet \u00e9v\u00e9nement s\u2019inscrit dans une dynamique d\u2019innovation destin\u00e9e \u00e0 pr\u00e9parer la profession aux \u00e9volutions technologiques majeures.<br class=\"autobr\"\/><br \/>\n[Les inscriptions se font via le lien HelloAsso. -&gt;<a href=\"https:\/\/www.helloasso.com\/associations\/incubateur-du-barreau-de-nice-ibn\/evenements\/l-intelligence-artificielle-generative\" class=\"spip_out\" rel=\"external noopener\" target=\"_blank\">https:\/\/www.helloasso.com\/associati&#8230;<\/a><\/p>\n<p>Visuel de Une \u00a9Incubateur du Barreau de Nice<\/p>\n","protected":false},"excerpt":{"rendered":"L\u2019Incubateur du Barreau de Nice organise, le vendredi 12 d\u00e9cembre, une formation in\u00e9dite d\u00e9di\u00e9e \u00e0 l\u2019intelligence artificielle g\u00e9n\u00e9rative,&hellip;\n","protected":false},"author":2,"featured_media":599681,"comment_status":"","ping_status":"","sticky":false,"template":"","format":"standard","meta":{"footnotes":""},"categories":[2819],"tags":[1111,11,2408,1777,674,1011,27,12,2401,882,25],"class_list":{"0":"post-599680","1":"post","2":"type-post","3":"status-publish","4":"format-standard","5":"has-post-thumbnail","7":"category-nice","8":"tag-actu","9":"tag-actualites","10":"tag-appels-d","11":"tag-eu","12":"tag-europe","13":"tag-fr","14":"tag-france","15":"tag-news","16":"tag-nice","17":"tag-provence-alpes-cote-dazur","18":"tag-republique-francaise"},"share_on_mastodon":{"url":"https:\/\/pubeurope.com\/@fr\/115720622904092898","error":""},"_links":{"self":[{"href":"https:\/\/www.europesays.com\/fr\/wp-json\/wp\/v2\/posts\/599680","targetHints":{"allow":["GET"]}}],"collection":[{"href":"https:\/\/www.europesays.com\/fr\/wp-json\/wp\/v2\/posts"}],"about":[{"href":"https:\/\/www.europesays.com\/fr\/wp-json\/wp\/v2\/types\/post"}],"author":[{"embeddable":true,"href":"https:\/\/www.europesays.com\/fr\/wp-json\/wp\/v2\/users\/2"}],"replies":[{"embeddable":true,"href":"https:\/\/www.europesays.com\/fr\/wp-json\/wp\/v2\/comments?post=599680"}],"version-history":[{"count":0,"href":"https:\/\/www.europesays.com\/fr\/wp-json\/wp\/v2\/posts\/599680\/revisions"}],"wp:featuredmedia":[{"embeddable":true,"href":"https:\/\/www.europesays.com\/fr\/wp-json\/wp\/v2\/media\/599681"}],"wp:attachment":[{"href":"https:\/\/www.europesays.com\/fr\/wp-json\/wp\/v2\/media?parent=599680"}],"wp:term":[{"taxonomy":"category","embeddable":true,"href":"https:\/\/www.europesays.com\/fr\/wp-json\/wp\/v2\/categories?post=599680"},{"taxonomy":"post_tag","embeddable":true,"href":"https:\/\/www.europesays.com\/fr\/wp-json\/wp\/v2\/tags?post=599680"}],"curies":[{"name":"wp","href":"https:\/\/api.w.org\/{rel}","templated":true}]}}