{"id":599685,"date":"2025-12-14T23:58:15","date_gmt":"2025-12-14T23:58:15","guid":{"rendered":"https:\/\/www.europesays.com\/fr\/599685\/"},"modified":"2025-12-14T23:58:15","modified_gmt":"2025-12-14T23:58:15","slug":"pourquoi-will-still-a-dit-non-au-fc-nantes","status":"publish","type":"post","link":"https:\/\/www.europesays.com\/fr\/599685\/","title":{"rendered":"pourquoi Will Still a dit non au FC Nantes"},"content":{"rendered":"<p>Sans club depuis le d\u00e9but de saison, Will Still a avou\u00e9 dans le \u00ab\u00a0Canal Football Club\u00a0\u00bb de Canal+ avoir refus\u00e9 la succession de Luis Castro sur le banc du FC Nantes. C&rsquo;est Ahmed Kantari qui a pris le poste pour la fin de saison des Canaris.<\/p>\n<p>Nantes s&rsquo;enfonce en Ligue 1. Apr\u00e8s <a href=\"https:\/\/rmcsport.bfmtv.com\/football\/ligue-1\/un-coach-vire-en-ligue-1-luis-castro-prend-la-porte-au-fc-nantes_AV-202512100893.html\" title=\"Un coach vir\u00e9 en Ligue 1: Luis Castro prend la porte au FC Nantes, son rempla\u00e7ant est connu\" class=\"internal_link\" target=\"_blank\" rel=\"noopener\">le d\u00e9part de Luis Castro<\/a> du banc des Canaris, Ahmed Kantari a pris sa suite&#8230; sans plus de succ\u00e8s pour l&rsquo;instant. Le FC Nantes a \u00e9t\u00e9 lourdement d\u00e9fait en d\u00e9placement \u00e0 Angers (4-1) pour une troisi\u00e8me d\u00e9faite cons\u00e9cutive avec seulement deux victoires au compteur depuis le d\u00e9but de saison.<\/p>\n<p>Pourtant, avant d&rsquo;engager <a href=\"https:\/\/rmcsport.bfmtv.com\/football\/ligue-1\/gentil-meneur-et-parfois-sanguin-qui-est-ahmed-kantari-le-nouvel-entraineur-qui-doit-sauver-le-fc-nantes_AV-202512110867.html\" title=\"Gentil, meneur et parfois sanguin, qui est Ahmed Kantari, le nouvel entra\u00eeneur qui doit sauver le FC Nantes?\" class=\"internal_link\" target=\"_blank\" rel=\"noopener\">Ahmed Kantari<\/a> pour la fin de saison, les dirigeants du FC Nantes avaient pens\u00e9 \u00e0 un autre technicien qui a d\u00e9j\u00e0 \u00e9volu\u00e9 en Ligue 1: Will Still.<\/p>\n<p>\u00ab\u00a0Le timing n&rsquo;\u00e9tait pas id\u00e9al\u00a0\u00bb<\/p>\n<p>Invit\u00e9 du Canal Football Club sur Canal+, <a href=\"https:\/\/rmcsport.bfmtv.com\/football\/championship\/c-est-la-crise-a-southampton-will-still-copieusement-siffle-par-ses-supporters-apres-une-nouvelle-defaite-en-championship_AV-202510260231.html\" title=\"C\u2019est la crise \u00e0 Southampton: Will Still copieusement siffl\u00e9 par ses supporters apr\u00e8s une nouvelle d\u00e9faite en Championship\" class=\"internal_link\" target=\"_blank\" rel=\"noopener\">Will Still<\/a> a expliqu\u00e9 son refus de prendre la suite de Luis Castro. \u00ab\u00a0C&rsquo;\u00e9tait un timing pour moi qui n&rsquo;\u00e9tait pas id\u00e9al. Je voulais prendre un staff et ces personnes-l\u00e0 sont toujours en club\u00a0\u00bb, a d&rsquo;abord avanc\u00e9 l&rsquo;ancien entraineur de Lens. \u00ab\u00a0Et de fa\u00e7on \u00e9go\u00efste, j&rsquo;ai envie de penser \u00e0 ma carri\u00e8re et la prochaine \u00e9tape est importante. J&rsquo;ai envie de faire le bon choix avec assez de recul pour ne pas me jeter dans un truc o\u00f9 je n&rsquo;ai pas toutes les informations et le contr\u00f4le de tout\u00a0\u00bb, a ensuite expliqu\u00e9 le technicien belgo-britannique.<\/p>\n<p>\u00ab\u00a0J&rsquo;ai remerci\u00e9 la famille Kita mais je pr\u00e9f\u00e8re prendre du recul, analyser ce qu&rsquo;il s&rsquo;est pass\u00e9 ses 3-4 derni\u00e8res ann\u00e9es et la prochaine \u00e9tape sera ce qu&rsquo;elle sera. Mais je souhaite \u00e0 Nantes de se maintenir parce que \u00e7a reste un \u00e9norme club avec une histoire hyper riche et jouer \u00e0 la Beaujoire c&rsquo;est quelque chose\u00a0\u00bb, a conclut Will Still, sans club \u00e0 entra\u00eener apr\u00e8s avoir \u00e9t\u00e9 <a href=\"https:\/\/rmcsport.bfmtv.com\/football\/transferts\/deux-victoires-en-seize-matchs-c-est-deja-fini-pour-will-still-a-southampton_AN-202511020377.html\" title=\"Deux victoires en seize matchs: c&#039;est d\u00e9j\u00e0 fini pour Will Still \u00e0 Southampton\" class=\"internal_link\" target=\"_blank\" rel=\"noopener\">remerci\u00e9 par Southampton<\/a> en novembre dernier suite \u00e0 de mauvais r\u00e9sultats.<\/p>\n","protected":false},"excerpt":{"rendered":"Sans club depuis le d\u00e9but de saison, Will Still a avou\u00e9 dans le \u00ab\u00a0Canal Football Club\u00a0\u00bb de Canal+&hellip;\n","protected":false},"author":2,"featured_media":599686,"comment_status":"","ping_status":"","sticky":false,"template":"","format":"standard","meta":{"footnotes":""},"categories":[2818],"tags":[1111,11,1777,674,1011,27,766,12,2636,25],"class_list":{"0":"post-599685","1":"post","2":"type-post","3":"status-publish","4":"format-standard","5":"has-post-thumbnail","7":"category-nantes","8":"tag-actu","9":"tag-actualites","10":"tag-eu","11":"tag-europe","12":"tag-fr","13":"tag-france","14":"tag-nantes","15":"tag-news","16":"tag-pays-de-la-loire","17":"tag-republique-francaise"},"share_on_mastodon":{"url":"","error":""},"_links":{"self":[{"href":"https:\/\/www.europesays.com\/fr\/wp-json\/wp\/v2\/posts\/599685","targetHints":{"allow":["GET"]}}],"collection":[{"href":"https:\/\/www.europesays.com\/fr\/wp-json\/wp\/v2\/posts"}],"about":[{"href":"https:\/\/www.europesays.com\/fr\/wp-json\/wp\/v2\/types\/post"}],"author":[{"embeddable":true,"href":"https:\/\/www.europesays.com\/fr\/wp-json\/wp\/v2\/users\/2"}],"replies":[{"embeddable":true,"href":"https:\/\/www.europesays.com\/fr\/wp-json\/wp\/v2\/comments?post=599685"}],"version-history":[{"count":0,"href":"https:\/\/www.europesays.com\/fr\/wp-json\/wp\/v2\/posts\/599685\/revisions"}],"wp:featuredmedia":[{"embeddable":true,"href":"https:\/\/www.europesays.com\/fr\/wp-json\/wp\/v2\/media\/599686"}],"wp:attachment":[{"href":"https:\/\/www.europesays.com\/fr\/wp-json\/wp\/v2\/media?parent=599685"}],"wp:term":[{"taxonomy":"category","embeddable":true,"href":"https:\/\/www.europesays.com\/fr\/wp-json\/wp\/v2\/categories?post=599685"},{"taxonomy":"post_tag","embeddable":true,"href":"https:\/\/www.europesays.com\/fr\/wp-json\/wp\/v2\/tags?post=599685"}],"curies":[{"name":"wp","href":"https:\/\/api.w.org\/{rel}","templated":true}]}}