{"id":599709,"date":"2025-12-15T00:12:14","date_gmt":"2025-12-15T00:12:14","guid":{"rendered":"https:\/\/www.europesays.com\/fr\/599709\/"},"modified":"2025-12-15T00:12:14","modified_gmt":"2025-12-15T00:12:14","slug":"paris-et-ile-de-france-quelles-perturbations-prevoir-pour-la-ratp-et-la-sncf-cette-semaine-4","status":"publish","type":"post","link":"https:\/\/www.europesays.com\/fr\/599709\/","title":{"rendered":"Paris et \u00cele-de-France : Quelles perturbations pr\u00e9voir pour la RATP et la SNCF cette semaine ?"},"content":{"rendered":"<p class=\"mb-4 text-lg md:leading-8 break-words\"><strong>TRANSPORTS &#8211; Du lundi 15 au dimanche 21 d\u00e9cembre, plusieurs changements sont \u00e0 pr\u00e9voir sur les lignes de transport parisiennes<\/strong><\/p>\n<p class=\"mb-4 text-lg md:leading-8 break-words\">Si vous prenez les transports en commun \u00e0 Paris et en \u00cele-de-France, plusieurs lignes connaissent des perturbations du lundi 15 au 21 d\u00e9cembre. D\u00e9couvrez lesquelles.<\/p>\n<p>M\u00e9tro<\/p>\n<ul class=\"mb-4\">\n<li class=\"ml-4 list-disc\">\n<p class=\"mb-4 text-lg md:leading-8 break-words\">Ligne 1 : jusqu\u2019au 4 janvier, le week-end de 16 heures \u00e0 2 heures 45, les acc\u00e8s \u00e0 la station Tuileries sont ferm\u00e9s (march\u00e9 de No\u00ebl).<\/p>\n<\/li>\n<\/ul>\n<p>RER<\/p>\n<ul class=\"mb-4\">\n<li class=\"ml-4 list-disc\">\n<p class=\"mb-4 text-lg md:leading-8 break-words\">RER A : jusqu\u2019au 19 d\u00e9cembre, du lundi au vendredi d\u00e8s 21h50, le trafic sera interrompu entre Cergy \u2013 Le Haut et Maisons-Laffitte (travaux).<\/p>\n<\/li>\n<li class=\"ml-4 list-disc\">\n<p class=\"mb-4 text-lg md:leading-8 break-words\"><a href=\"https:\/\/www.20minutes.fr\/dossier\/rer_c?at_medium=RSS%20feed&amp;at_campaign=ynews&amp;utm_source=yahoo&amp;utm_medium=rss&amp;utm_campaign=news_feed&amp;utm_content=in_article_link\" rel=\"nofollow noopener\" target=\"_blank\" data-ylk=\"slk:RER C;elm:context_link;itc:0;sec:content-canvas\" class=\"link \">RER C<\/a> : jusqu\u2019au 11 janvier, l\u2019arr\u00eat ne sera desservi \u00e0 Issy vers Dourdan la For\u00eat, Saint-Martin d\u2019\u00c9tampes et Massy \u2013 Palaiseau. D\u00e8s 23h45 le dimanche 21 d\u00e9cembre, le trafic sera interrompu entre Paris Austerlitz et Dourdan\/Saint-Martin d\u2019\u00c9tampes. Il en va de m\u00eame jusqu\u2019au 19 d\u00e9cembre de Javel vers Saint-Quentin en Yvelines, entre Versailles Ch\u00e2teau Rive Gauche et Javel, mais aussi d\u00e8s 23h30 entre Gare d\u2019Austerlitz et Dourdan\/Saint-Martin d\u2019\u00c9tampes. Il en va de m\u00eame \u00e0 partir de 23h entre Juvisy et Paris Austerlitz et entre Paris Austerlitz et Pont de Rungis.<\/p>\n<\/li>\n<li class=\"ml-4 list-disc\">\n<p class=\"mb-4 text-lg md:leading-8 break-words\">RER D : du lundi 15 au vendredi 19 d\u00e9cembre en semaine d\u00e8s 23h15, le trafic sera interrompu entre Gare de Lyon et <a href=\"https:\/\/www.20minutes.fr\/dossier\/melun?at_medium=RSS%20feed&amp;at_campaign=ynews&amp;utm_source=yahoo&amp;utm_medium=rss&amp;utm_campaign=news_feed&amp;utm_content=in_article_link\" rel=\"nofollow noopener\" target=\"_blank\" data-ylk=\"slk:Melun;elm:context_link;itc:0;sec:content-canvas\" class=\"link \">Melun<\/a> et entre Gare de Lyon et <a href=\"https:\/\/www.20minutes.fr\/dossier\/corbeil-essonnes?at_medium=RSS%20feed&amp;at_campaign=ynews&amp;utm_source=yahoo&amp;utm_medium=rss&amp;utm_campaign=news_feed&amp;utm_content=in_article_link\" rel=\"nofollow noopener\" target=\"_blank\" data-ylk=\"slk:Corbeil-Essonnes;elm:context_link;itc:0;sec:content-canvas\" class=\"link \">Corbeil-Essonnes<\/a>. Jusqu\u2019au 24 d\u00e9cembre, du lundi au vendredi d\u00e8s 23h30, le trafic sera interrompu entre Gare du Nord et Gare de Lyon (travaux). Jusqu\u2019au 3 janvier (sauf jours f\u00e9ri\u00e9s), le trafic sera interrompu en semaine d\u00e8s 23h35 entre Paris Gare du Nord et Creil.<\/p>\n<\/li>\n<\/ul>\n<p>Publicit\u00e9<\/p>\n<p>Publicit\u00e9<\/p>\n<p>Publicit\u00e9<\/p>\n<p>Publicit\u00e9<\/p>\n<p class=\"mb-4 text-lg md:leading-8 break-words\">RER E : du lundi 15 au vendredi 19 d\u00e9cembre, le trafic sera interrompu ent(&#8230;)<\/p>\n<p class=\"mb-4 text-lg md:leading-8 break-words\"><a href=\"https:\/\/www.20minutes.fr\/paris\/4191395-20251214-paris-ile-france-perturbations-prevoir-ratp-sncf-semaine?at_medium=RSS%20feed&amp;at_campaign=ynews&amp;utm_source=yahoo&amp;utm_medium=rss&amp;utm_campaign=news_feed&amp;utm_content=read_more_link&quot;\" rel=\"nofollow noopener\" target=\"_blank\" data-ylk=\"slk:Lire la suite sur 20minutes;elm:context_link;itc:0;sec:content-canvas\" class=\"link \">Lire la suite sur 20minutes<\/a><\/p>\n<p>\u00c0 lire aussi :<br \/><a href=\"https:\/\/www.20minutes.fr\/societe\/4190843-20251210-sncf-mise-service-nouveaux-trains-tgv-repoussee-prochain?at_medium=RSS%20feed&amp;at_campaign=ynews&amp;utm_source=yahoo&amp;utm_medium=rss&amp;utm_campaign=news_feed&amp;utm_content=related_content_link\" rel=\"nofollow noopener\" target=\"_blank\" data-ylk=\"slk:SNCF : La mise en service des nouveaux trains TGV repouss\u00e9e \u00e0 l\u2019\u00e9t\u00e9 prochain;elm:context_link;itc:0;sec:content-canvas\" class=\"link \">SNCF : La mise en service des nouveaux trains TGV repouss\u00e9e \u00e0 l\u2019\u00e9t\u00e9 prochain<\/a><br \/><a href=\"https:\/\/www.20minutes.fr\/faits_divers\/faits-divers-lille\/4190402-20251208-mere-violente-tgv-enfant-provisoirement-place-femme-devra-faire-stage?at_medium=RSS%20feed&amp;at_campaign=ynews&amp;utm_source=yahoo&amp;utm_medium=rss&amp;utm_campaign=news_feed&amp;utm_content=related_content_link\" rel=\"nofollow noopener\" target=\"_blank\" data-ylk=\"slk:M\u00e8re violente dans un TGV : L\u2019enfant sera provisoirement plac\u00e9, la femme devra faire un stage;elm:context_link;itc:0;sec:content-canvas\" class=\"link \">M\u00e8re violente dans un TGV : L\u2019enfant sera provisoirement plac\u00e9, la femme devra faire un stage<\/a><\/p>\n","protected":false},"excerpt":{"rendered":"TRANSPORTS &#8211; Du lundi 15 au dimanche 21 d\u00e9cembre, plusieurs changements sont \u00e0 pr\u00e9voir sur les lignes de&hellip;\n","protected":false},"author":2,"featured_media":599710,"comment_status":"","ping_status":"","sticky":false,"template":"","format":"standard","meta":{"footnotes":""},"categories":[1888],"tags":[1111,1928,11,1927,1777,674,1011,27,3338,8931,12,1926,1308,626,1925,25,31629],"class_list":{"0":"post-599709","1":"post","2":"type-post","3":"status-publish","4":"format-standard","5":"has-post-thumbnail","7":"category-paris","8":"tag-actu","9":"tag-actu-paris","10":"tag-actualites","11":"tag-actualites-paris","12":"tag-eu","13":"tag-europe","14":"tag-fr","15":"tag-france","16":"tag-gare-de-lyon","17":"tag-lignes-de-transport","18":"tag-news","19":"tag-news-paris","20":"tag-nord","21":"tag-paris","22":"tag-paris-news","23":"tag-republique-francaise","24":"tag-saint-quentin-en-yvelines"},"share_on_mastodon":{"url":"https:\/\/pubeurope.com\/@fr\/115720693107165584","error":""},"_links":{"self":[{"href":"https:\/\/www.europesays.com\/fr\/wp-json\/wp\/v2\/posts\/599709","targetHints":{"allow":["GET"]}}],"collection":[{"href":"https:\/\/www.europesays.com\/fr\/wp-json\/wp\/v2\/posts"}],"about":[{"href":"https:\/\/www.europesays.com\/fr\/wp-json\/wp\/v2\/types\/post"}],"author":[{"embeddable":true,"href":"https:\/\/www.europesays.com\/fr\/wp-json\/wp\/v2\/users\/2"}],"replies":[{"embeddable":true,"href":"https:\/\/www.europesays.com\/fr\/wp-json\/wp\/v2\/comments?post=599709"}],"version-history":[{"count":0,"href":"https:\/\/www.europesays.com\/fr\/wp-json\/wp\/v2\/posts\/599709\/revisions"}],"wp:featuredmedia":[{"embeddable":true,"href":"https:\/\/www.europesays.com\/fr\/wp-json\/wp\/v2\/media\/599710"}],"wp:attachment":[{"href":"https:\/\/www.europesays.com\/fr\/wp-json\/wp\/v2\/media?parent=599709"}],"wp:term":[{"taxonomy":"category","embeddable":true,"href":"https:\/\/www.europesays.com\/fr\/wp-json\/wp\/v2\/categories?post=599709"},{"taxonomy":"post_tag","embeddable":true,"href":"https:\/\/www.europesays.com\/fr\/wp-json\/wp\/v2\/tags?post=599709"}],"curies":[{"name":"wp","href":"https:\/\/api.w.org\/{rel}","templated":true}]}}