{"id":599711,"date":"2025-12-15T00:13:12","date_gmt":"2025-12-15T00:13:12","guid":{"rendered":"https:\/\/www.europesays.com\/fr\/599711\/"},"modified":"2025-12-15T00:13:12","modified_gmt":"2025-12-15T00:13:12","slug":"qui-etait-dan-elkayam-ce-jeune-francais-du-bourget-qui-figure-parmi-les-victimes","status":"publish","type":"post","link":"https:\/\/www.europesays.com\/fr\/599711\/","title":{"rendered":"qui \u00e9tait Dan Elkayam, ce jeune Fran\u00e7ais du Bourget qui figure parmi les victimes"},"content":{"rendered":"<p>                    Par<br \/>\n        <strong><br \/>\n            <a href=\"https:\/\/actu.fr\/auteur\/julie-bossart-actu-fr\" title=\"Consulter tous les articles de Julie Bossart\" target=\"_blank\" rel=\"noopener\">Julie Bossart<\/a><br \/>\n                    <\/strong><\/p>\n<p>        Publi\u00e9 le<\/p>\n<p>            14 d\u00e9c. 2025 \u00e0 22h22        <\/p>\n<p>Elle serait l\u2019attaque la plus meurtri\u00e8re en Australie depuis 1996 (un tireur avait tu\u00e9 35\u00a0personnes dans un site touristique de l\u2019\u00c9tat de Tasmanie), et, parmi les <a href=\"https:\/\/actu.fr\/monde\/australie-des-tirs-signales-sur-une-plage-de-sydney-deux-suspects-en-garde-a-vue_63574507.html\" target=\"_blank\" rel=\"noopener\">16 personnes \u00e0 qui elle a \u00f4t\u00e9 \u00e0 la vie<\/a> \u00e0 Bondi Beach ce dimanche 14\u00a0d\u00e9cembre 2025, selon un <a href=\"https:\/\/x.com\/nswpolice\/status\/2000283885402530294?ref_src=twsrc%5Etfw%7Ctwcamp%5Etweetembed%7Ctwterm%5E2000283885402530294%7Ctwgr%5E17b45342a58aba9131bf5bc946f20c284b92a87b%7Ctwcon%5Es1_&amp;ref_url=https%3A%2F%2Fwww.bfmtv.com%2Finternational%2Foceanie%2Faustralie%2Fdirect-fusillade-a-bondi-beach-au-moins-dix-morts-apres-des-tirs-le-president-israelien-denonce-une-attaque-cruelle-contre-des-juifs_LN-202512140158.html\">dernier bilan<\/a>, figure un jeune Fran\u00e7ais. \u00ab\u2009C\u2019est avec une immense tristesse que nous avons appris que notre compatriote Dan Elkayam compterait parmi les victimes de l\u2019attaque <a href=\"https:\/\/actu.fr\/tag\/terrorisme\" target=\"_blank\" rel=\"noopener\">terroriste<\/a> abjecte qui a frapp\u00e9 les familles juives rassembl\u00e9es sur la plage de Bondi \u00e0 Sydney, au premier jour de Hanouka\u2009\u00bb, a <a href=\"https:\/\/x.com\/jnbarrot\/status\/2000265902789451932\">d\u00e9clar\u00e9 sur X<\/a> ce soir le ministre des Affaires \u00e9trang\u00e8res, <a href=\"https:\/\/actu.fr\/politique\/gouvernement-barnier-qui-est-jean-noel-barrot-nouveau-ministre-des-affaires-etrangeres_61629876.html\" target=\"_blank\" rel=\"noopener\">Jean-No\u00ebl Barrot<\/a>.<\/p>\n<p>\u00ab\u2009Sid\u00e9ration\u2009\u00bb<\/p>\n<p class=\" wall-content\">\u00c2g\u00e9 de 27\u00a0ans, Dan Elkayam \u00e9tait originaire du <a href=\"https:\/\/actu.fr\/ile-de-france\/le-bourget_93013\" target=\"_blank\" rel=\"noopener\">Bourget<\/a>. Le maire de cette ville de Seine-Saint-Denis, <a href=\"https:\/\/actu.fr\/ile-de-france\/le-bourget_93013\/elections-municipales-au-bourget-le-maire-sortant-reelu_60625649.html\" target=\"_blank\" rel=\"noopener\">Jean-Baptiste Borsali<\/a> (DVG), a r\u00e9agi sur Facebook\u2009: \u00ab\u2009C\u2019est avec une immense tristesse que nous avons appris le d\u00e9c\u00e8s de Dan Elkayam, jeune Bourgetin, victime de l\u2019attentat survenu aujourd\u2019hui en Australie.\u2009\u00bb<\/p>\n<p>    <a href=\"https:\/\/www.facebook.com\/plugins\/post.php?href=https%3A%2F%2Fwww.facebook.com%2Fjeanbaptiste.borsalino%2Fposts%2Fpfbid02tsmKMzsNRnYWASy1cGs5bHyr1o8VhZ9CjSJKFdVNm1dJFRiK6FgjPdJijFdJSrbxl&amp;show_text=true&amp;width=350\" title=\"Ouvrie le lien\" target=\"_blank\" rel=\"noopener\">Cliquez ici pour visualiser le contenu<\/a><\/p>\n<p>\u00a0<\/p>\n<p class=\" wall-content\">Contact\u00e9, l\u2019\u00e9dile nous t\u00e9moigne ce dimanche soir sa \u00ab\u2009sid\u00e9ration\u2009\u00bb, et adresse avant tout ses condol\u00e9ances \u00e0 ses proches, une \u00ab\u2009famille de commer\u00e7ants bien connue au Bourget\u2009\u00bb.<\/p>\n<p class=\" wall-content\">\u00ab\u2009Dan Elkayam \u00e9tait tr\u00e8s engag\u00e9 dans le football et le futsal et \u00e9tait tr\u00e8s appr\u00e9ci\u00e9 des jeunes de sa g\u00e9n\u00e9ration, nous livre Jean-Baptiste Borsali. Il \u00e9tait serviable et d\u2019une vraie gentillesse, ce qui accentue notre choc. Il n\u2019y a pas de mots.\u2009\u00bb Le maire ne peut qu\u2019ajouter qu\u2019il veut \u00ab\u2009laisser \u00e0 la famille le temps de se recueillir avant d\u2019envisager un rassemblement en la m\u00e9moire de Dan\u2009\u00bb.<\/p>\n<p class=\" wall-content\">D\u2019apr\u00e8s le <a href=\"https:\/\/www.linkedin.com\/in\/danelkayam\/\" target=\"_blank\" rel=\"noopener\">profil Linkedin<\/a> de Dan Elkayam, le jeune homme s\u2019\u00e9tait install\u00e9 il y a un an en \u00e0 Sydney. Titulaire d\u2019un master en ing\u00e9nierie informatique, sp\u00e9cialis\u00e9 en syst\u00e8mes et r\u00e9seaux, obtenu en France, il poss\u00e9dait trois ans d\u2019exp\u00e9rience dans ce domaine. Se pr\u00e9sentant comme \u00ab\u2009travailleur, motiv\u00e9 et pers\u00e9v\u00e9rant\u2009\u00bb, il \u00e9tait pr\u00eat \u00ab\u2009\u00e0 relever tous les d\u00e9fis, quelle que soit leur envergure\u2009\u00bb.<\/p>\n<p class=\" wall-content\">\u00ab\u2009Depuis qu\u2019il \u00e9tait parti en Australie, nous n\u2019avions plus trop de nouvelles de lui\u2009\u00bb, compl\u00e8te Jean-Baptiste Borsali. Dan Elkayam voyageait beaucoup depuis quelques ann\u00e9es. Son compte Instagram regorge de souvenirs de voyages au Mexique, au Japon, Nouvelle-Z\u00e9lande\u2026<\/p>\n<p>Votre r\u00e9gion, votre actu !<\/p>\n<p>Recevez chaque jour les infos qui comptent pour vous.<\/p>\n<p>\t<a href=\"https:\/\/actu.fr\/newsletter\" class=\"ac-btn ac-btn--corner ac-btn--medium ac-btn--blue800\" target=\"_blank\" rel=\"noopener\">S&rsquo;incrire<\/a><\/p>\n<p class=\" wall-content\">Emmanuel Macron a r\u00e9agi \u00e0 son d\u00e9c\u00e8s et \u00ab\u00a0exprim\u00e9\u00a0\u00bb la pleine solidarit\u00e9 de la Nation\u00a0\u00bb \u00e0 sa famille.<\/p>\n<p class=\" wall-content\">\n<p class=\" wall-content\">Deux assaillants ont ouvert le feu sur la c\u00e9l\u00e8bre plage de Bondi \u00e0 Sydney au moment o\u00f9 se d\u00e9roulait une c\u00e9l\u00e9bration de la f\u00eate juive de Hanouka. Les autorit\u00e9s \u00e9voquent une \u00ab\u2009attaque terroriste\u2009\u00bb visant la <a href=\"https:\/\/actu.fr\/tag\/antisemitisme\" target=\"_blank\" rel=\"noopener\">communaut\u00e9 juive<\/a>. L\u2019un des suspects a \u00e9t\u00e9 neutralis\u00e9, l\u2019autre est bless\u00e9.<\/p>\n<p class=\" wall-content\">Personnalisez votre actualit\u00e9 en ajoutant vos villes et m\u00e9dias en favori avec <a href=\"https:\/\/moncompte.actu.fr\" title=\"D\u00e9couvez Mon Actu\" rel=\"nofollow noopener\" data-trk=\"{&quot;cta&quot;:{&quot;action&quot;:&quot;https:\\\/\\\/moncompte.actu.fr&quot;,&quot;category&quot;:&quot;mon compte&quot;,&quot;from&quot;:&quot;article footer&quot;,&quot;name&quot;:&quot;Mon actu&quot;,&quot;type&quot;:&quot;cta&quot;}}\" target=\"_blank\">Mon Actu<\/a>.<\/p>\n","protected":false},"excerpt":{"rendered":"Par Julie Bossart Publi\u00e9 le 14 d\u00e9c. 2025 \u00e0 22h22 Elle serait l\u2019attaque la plus meurtri\u00e8re en Australie&hellip;\n","protected":false},"author":2,"featured_media":599712,"comment_status":"","ping_status":"","sticky":false,"template":"","format":"standard","meta":{"footnotes":""},"categories":[1888],"tags":[11,6155,1777,674,118,1011,27,12,626,25,1254],"class_list":{"0":"post-599711","1":"post","2":"type-post","3":"status-publish","4":"format-standard","5":"has-post-thumbnail","7":"category-paris","8":"tag-actualites","9":"tag-antisemitisme","10":"tag-eu","11":"tag-europe","12":"tag-faits-divers","13":"tag-fr","14":"tag-france","15":"tag-news","16":"tag-paris","17":"tag-republique-francaise","18":"tag-terrorisme"},"share_on_mastodon":{"url":"https:\/\/pubeurope.com\/@fr\/115720696889829918","error":""},"_links":{"self":[{"href":"https:\/\/www.europesays.com\/fr\/wp-json\/wp\/v2\/posts\/599711","targetHints":{"allow":["GET"]}}],"collection":[{"href":"https:\/\/www.europesays.com\/fr\/wp-json\/wp\/v2\/posts"}],"about":[{"href":"https:\/\/www.europesays.com\/fr\/wp-json\/wp\/v2\/types\/post"}],"author":[{"embeddable":true,"href":"https:\/\/www.europesays.com\/fr\/wp-json\/wp\/v2\/users\/2"}],"replies":[{"embeddable":true,"href":"https:\/\/www.europesays.com\/fr\/wp-json\/wp\/v2\/comments?post=599711"}],"version-history":[{"count":0,"href":"https:\/\/www.europesays.com\/fr\/wp-json\/wp\/v2\/posts\/599711\/revisions"}],"wp:featuredmedia":[{"embeddable":true,"href":"https:\/\/www.europesays.com\/fr\/wp-json\/wp\/v2\/media\/599712"}],"wp:attachment":[{"href":"https:\/\/www.europesays.com\/fr\/wp-json\/wp\/v2\/media?parent=599711"}],"wp:term":[{"taxonomy":"category","embeddable":true,"href":"https:\/\/www.europesays.com\/fr\/wp-json\/wp\/v2\/categories?post=599711"},{"taxonomy":"post_tag","embeddable":true,"href":"https:\/\/www.europesays.com\/fr\/wp-json\/wp\/v2\/tags?post=599711"}],"curies":[{"name":"wp","href":"https:\/\/api.w.org\/{rel}","templated":true}]}}