{"id":599713,"date":"2025-12-15T00:14:19","date_gmt":"2025-12-15T00:14:19","guid":{"rendered":"https:\/\/www.europesays.com\/fr\/599713\/"},"modified":"2025-12-15T00:14:19","modified_gmt":"2025-12-15T00:14:19","slug":"fin-de-la-serie-victorieuse-pour-les-volleyeuses-des-beziers-angels-qui-ont-chute-face-a-levallois-paris","status":"publish","type":"post","link":"https:\/\/www.europesays.com\/fr\/599713\/","title":{"rendered":"Fin de la s\u00e9rie victorieuse pour les volleyeuses des B\u00e9ziers Angels qui ont chut\u00e9 face \u00e0 Levallois-Paris"},"content":{"rendered":"<p>\n                                                                Les volleyeuses du B\u00e9ziers Volley ont d\u00fb s\u2019incliner face aux championnes en titre de Levallois-Paris, ce samedi 13\u00a0d\u00e9cembre. Malgr\u00e9 tout, les Angels ont affich\u00e9 un visage solide et rassurant.\n                            <\/p>\n<p>Apr\u00e8s cinq victoires cons\u00e9cutives, le B\u00e9ziers Volley s\u2019est inclin\u00e9 samedi apr\u00e8s-midi, \u00e0 domicile face au champion en titre, Levallois-Paris (16\/25, 22\/25, 19\/25). Une premi\u00e8re pour Romain Guivarch, sur le banc biterrois suite \u00e0 la suspension provisoire de Fabien Simondet.<\/p>\n<p>Face \u00e0 une formation parisienne solide et exp\u00e9riment\u00e9e, les Biterroises ont mis du temps \u00e0 entrer dans leur match. \u00ab\u00a0Le d\u00e9but de rencontre a \u00e9t\u00e9 un peu compliqu\u00e9, il n\u2019y avait pas vraiment d\u2019\u00e9nergie, reconna\u00eet Guivarch. Paris r\u00e9ceptionne et sert tr\u00e8s bien. \u00c7a nous a mis en difficult\u00e9 sur un domaine essentiel pour gagner\u00a0\u00bb.<\/p>\n<p>Un tr\u00e8s bon 2e set<\/p>\n<p>Pourtant, B\u00e9ziers a su r\u00e9agir, notamment dans un 2e set tr\u00e8s disput\u00e9, v\u00e9ritable tournant de la rencontre. \u00ab\u00a0Une fois qu\u2019on a montr\u00e9 de l\u2019agressivit\u00e9, surtout \u00e0 l\u2019attaque et au service, on a pu rivaliser avec elles\u00a0\u00bb, souligne le coach.<\/p>\n<p>Mais \u00e0 20-20, l\u2019exp\u00e9rience parisienne a fait la diff\u00e9rence. \u00ab\u00a0On a pu rivaliser avec elles, ce qui est quand m\u00eame une belle performance contre une \u00e9quipe comme \u00e7a\u00a0\u00bb.<\/p>\n<p>Une \u00e9quipe solide<\/p>\n<p>Malgr\u00e9 la d\u00e9faite, l\u2019entra\u00eeneur biterrois retient le positif \u2013 une \u00e9quipe solide \u2013 et se projette d\u00e9j\u00e0 vers la suite. \u00ab\u00a0On va continuer \u00e0 travailler pour pr\u00e9parer la Coupe de France contre Terville, qui arrive tr\u00e8s vite\u00a0\u00bb. Une r\u00e9action attendue d\u00e8s mardi, \u00e0 19\u00a0h.<\/p>\n","protected":false},"excerpt":{"rendered":"Les volleyeuses du B\u00e9ziers Volley ont d\u00fb s\u2019incliner face aux championnes en titre de Levallois-Paris, ce samedi 13\u00a0d\u00e9cembre.&hellip;\n","protected":false},"author":2,"featured_media":599714,"comment_status":"","ping_status":"","sticky":false,"template":"","format":"standard","meta":{"footnotes":""},"categories":[1888],"tags":[11,37552,1777,674,1011,27,7089,12,626,25,517,1632],"class_list":{"0":"post-599713","1":"post","2":"type-post","3":"status-publish","4":"format-standard","5":"has-post-thumbnail","7":"category-paris","8":"tag-actualites","9":"tag-beziers","10":"tag-eu","11":"tag-europe","12":"tag-fr","13":"tag-france","14":"tag-herault","15":"tag-news","16":"tag-paris","17":"tag-republique-francaise","18":"tag-sport","19":"tag-volley-ball"},"share_on_mastodon":{"url":"https:\/\/pubeurope.com\/@fr\/115720700969464062","error":""},"_links":{"self":[{"href":"https:\/\/www.europesays.com\/fr\/wp-json\/wp\/v2\/posts\/599713","targetHints":{"allow":["GET"]}}],"collection":[{"href":"https:\/\/www.europesays.com\/fr\/wp-json\/wp\/v2\/posts"}],"about":[{"href":"https:\/\/www.europesays.com\/fr\/wp-json\/wp\/v2\/types\/post"}],"author":[{"embeddable":true,"href":"https:\/\/www.europesays.com\/fr\/wp-json\/wp\/v2\/users\/2"}],"replies":[{"embeddable":true,"href":"https:\/\/www.europesays.com\/fr\/wp-json\/wp\/v2\/comments?post=599713"}],"version-history":[{"count":0,"href":"https:\/\/www.europesays.com\/fr\/wp-json\/wp\/v2\/posts\/599713\/revisions"}],"wp:featuredmedia":[{"embeddable":true,"href":"https:\/\/www.europesays.com\/fr\/wp-json\/wp\/v2\/media\/599714"}],"wp:attachment":[{"href":"https:\/\/www.europesays.com\/fr\/wp-json\/wp\/v2\/media?parent=599713"}],"wp:term":[{"taxonomy":"category","embeddable":true,"href":"https:\/\/www.europesays.com\/fr\/wp-json\/wp\/v2\/categories?post=599713"},{"taxonomy":"post_tag","embeddable":true,"href":"https:\/\/www.europesays.com\/fr\/wp-json\/wp\/v2\/tags?post=599713"}],"curies":[{"name":"wp","href":"https:\/\/api.w.org\/{rel}","templated":true}]}}