{"id":599715,"date":"2025-12-15T00:15:16","date_gmt":"2025-12-15T00:15:16","guid":{"rendered":"https:\/\/www.europesays.com\/fr\/599715\/"},"modified":"2025-12-15T00:15:16","modified_gmt":"2025-12-15T00:15:16","slug":"la-russie-resserre-encore-son-controle-sur-le-numerique-reportage-international","status":"publish","type":"post","link":"https:\/\/www.europesays.com\/fr\/599715\/","title":{"rendered":"La Russie resserre encore son contr\u00f4le sur le num\u00e9rique &#8211; Reportage international"},"content":{"rendered":"<p>\n                                                Apr\u00e8s le bannissement en\u00a02022 de Facebook et d\u2019Instagram, r\u00e9seaux embl\u00e9matiques du groupe Meta, les autorit\u00e9s russes renforcent leur emprise sur les espaces de l\u2019internet et des applications \u00e9trang\u00e8res. Depuis cet \u00e9t\u00e9, les appels via WhatsApp, FaceTime et Telegram sont bloqu\u00e9s, au nom de la lutte contre le fl\u00e9au des fraudeurs. D\u2019autres coupures et interdictions sont, quant \u00e0 elles, justifi\u00e9es au nom de la s\u00e9curit\u00e9 nationale, et notamment les attaques de drones.                    <\/p>\n<p>\u00ab\u00a0D\u00e9sol\u00e9 de ne pas avoir donn\u00e9 signe de vie, mon t\u00e9l\u00e9phone s\u2019est soudainement \u00e9teint et l\u2019\u00e9cran est devenu tout noir. Je ne comprends pas ce qu\u2019il s\u2019est pass\u00e9.\u00a0\u00bb Casquette sur la t\u00eate, bouille bienveillante et souriante, Nicolas Maschourov arrive tout essouffl\u00e9 et un poil en retard au rendez-vous sur une place du centre de Yaroslavl, face \u00e0 l&rsquo;un des monast\u00e8res les plus c\u00e9l\u00e8bres de cette ville au riche pass\u00e9 historique. Au fond, ce myst\u00e9rieux incident du jour n\u2019est pour lui qu\u2019un de ceux qui s&rsquo;ajoutent \u00e0 une longue liste, tant la vie quotidienne est d\u00e9j\u00e0 bien compliqu\u00e9e\u00a0localement.<\/p>\n<p>Dans cette ville-\u00e9tape incontournable pour les touristes, cela fait en effet de longs mois que les liaisons t\u00e9l\u00e9phoniques et internet sont perturb\u00e9es. Yaroslavl est en effet aussi une ville industrielle importante, ce qui fait d\u2019elle une cible dans le conflit avec l&rsquo;<strong><a target=\"_self\" href=\"https:\/\/www.rfi.fr\/fr\/tag\/ukraine\/\" class=\"gtm-add-suggested-tag\" rel=\"noopener\">Ukraine<\/a><\/strong>.<\/p>\n<p>\u00ab\u00a0On a ici une raffinerie tr\u00e8s importante, elle fournit du p\u00e9trole \u00e0 de nombreuses r\u00e9gions de l&rsquo;Ouest du pays, explique Nicolas Maschourov.\u00a0\u00c0\u00a0l&rsquo;heure actuelle, les r\u00e8gles y sont tr\u00e8s strictes \u00e0 l\u2019int\u00e9rieur, car il y a un risque de sabotage.\u00a0Lorsque vous entrez\u00a0dans l&rsquo;usine, vous n&rsquo;\u00eates m\u00eame pas autoris\u00e9 \u00e0 prendre votre t\u00e9l\u00e9phone, vous devez le laisser dans votre voiture.\u00a0Et si jamais vous avez oubli\u00e9 et qu\u2019il est rest\u00e9 dans votre poche,\u00a0l&rsquo;amende que vous encourez atteint 30 000 roubles. Si on vous attrape\u00a0une deuxi\u00e8me\u00a0fois avec, vous \u00eates vir\u00e9. Tout \u00e7a, c\u2019est parce\u00a0que cette raffinerie est p\u00e9riodiquement attaqu\u00e9e par des drones. Heureusement, jusque-l\u00e0, les attaques ne se sont produites que vers 5 ou 6 heures du matin, lorsque les travailleurs n\u2019\u00e9taient pas l\u00e0.\u00a0Mais la situation\u00a0l\u00e0-bas est quand m\u00eame assez tendue.\u00a0\u00a0L&rsquo;<strong><a target=\"_self\" href=\"https:\/\/www.rfi.fr\/fr\/tag\/internet\/\" class=\"gtm-add-suggested-tag\" rel=\"noopener\">Internet<\/a><\/strong> mobile\u00a0y\u00a0est g\u00e9n\u00e9ralement d\u00e9sactiv\u00e9.\u00a0\u00bb<\/p>\n<p>Ce vendredi 12 d\u00e9cembre, selon les m\u00e9dias locaux, une attaque contre la raffinerie a \u00e9t\u00e9 \u00e0 l\u2019origine d\u2019un incendie.\u00a0Une partie des routes y menant ont \u00e9t\u00e9 ferm\u00e9es, causant des bouchons de plusieurs kilom\u00e8tres. Mais le plus fr\u00e9quent pour parer aux attaques reste de couper le r\u00e9seau. \u00ab\u00a0L&rsquo;Internet\u00a0mobile\u00a0dans toute la ville\u00a0est\u00a0de toute fa\u00e7on souvent\u00a0en\u00a0mauvais \u00e9tat\u00a0d\u00e9sormais, avance le professeur d\u2019histoire et guide touristique. De\u00a0temps en temps, c\u2019est m\u00eame totalement coup\u00e9\u00a0\u00bb.<\/p>\n<p class=\"a-read-more\">\u00c0 lire aussi<a target=\"_self\" href=\"https:\/\/www.rfi.fr\/fr\/europe\/20250829-russie-contr\u00f4le-\u00e9tatique-expression-publique-sur-les-r\u00e9seaux-sociaux-acc\u00e9l\u00e8re\" class=\"a-read-more__link\" rel=\"noopener\">Russie: le contr\u00f4le \u00e9tatique de l\u2019expression publique sur les r\u00e9seaux sociaux s&rsquo;acc\u00e9l\u00e8re<\/a><\/p>\n<p> \u00a0 \u00ab\u00a0J&rsquo;ai envie de hurler tellement je suis furieux et tellement je trouve \u00e7a injuste.\u00a0\u00bb <\/p>\n<p>Premi\u00e8re cons\u00e9quence\u00a0: impossible d\u2019utiliser la g\u00e9olocalisation, tr\u00e8s r\u00e9pandue en <strong><a target=\"_self\" href=\"https:\/\/www.rfi.fr\/fr\/tag\/russie\/\" class=\"gtm-add-suggested-tag\" rel=\"noopener\">Russie<\/a><\/strong>. Mais d\u2019autres usages sont d\u00e9sormais limit\u00e9s. Dans sa cuisine, avec sa bouilloire qui siffle sur le gaz pour chauffer l\u2019eau du th\u00e9, Andrey Akimov explique qu\u2019il aimerait pouvoir publier \u00e0 sa guise sur les r\u00e9seaux sociaux. \u00ab\u00a0Je\u00a0g\u00e8re\u00a0plusieurs\u00a0cha\u00eenes\u00a0Telegram,\u00a0explique cet avocat et secr\u00e9taire d\u2019un petit parti, qui tente d\u2019\u00eatre officiellement enregistr\u00e9 par les autorit\u00e9s.\u00a0J&rsquo;y poste\u00a0diverses\u00a0choses, et tout est l\u00e9gal et officiel.\u00a0Mais parfois c\u2019est impossible \u00e0 faire. J&rsquo;essaie\u00a0une\u00a0fois, deux\u00a0fois.\u00a0Puis je me dis\u00a0: \u201cOk,\u00a0je r\u00e9essaie\u00a0dans 10\u00a0minutes\u00a0\u00bb,\u00a0et\u00a0c\u2019est peut-\u00eatre \u00e0 ce moment-l\u00e0 que j&rsquo;ai un ressenti de 5% d&rsquo;inconfort. Je r\u00e9essaie\u00a0trois- quatre\u00a0fois. Et\u00a0si, \u00e0 la cinqui\u00e8me\u00a0tentative, une demi-heure\u00a0plus tard, je ne peux toujours pas publier, je commence \u00e0 ressentir de l&rsquo;anxi\u00e9t\u00e9 et de la col\u00e8re. \u00c0 ce moment-l\u00e0, bien\u00a0s\u00fbr, mon inconfort est \u00e0 100%.\u00a0J&rsquo;ai envie de hurler tellement je suis furieux et tellement je trouve \u00e7a injuste\u00a0\u00bb.\u00a0<\/p>\n<p>Pour lui, les exigences s\u00e9curitaires d\u2019un pays en conflit ne sont pas les seuls motifs \u00e0 ces restrictions de plus en plus importantes. Avec prudence et des mots tr\u00e8s pes\u00e9s, il avance\u00a0: \u00ab\u00a0Je vais dire les choses de cette fa\u00e7on\u00a0:\u00a0je comprends\u00a0un peu la strat\u00e9gie des autorit\u00e9s.\u00a0Il y a une tendance \u00e0\u00a0r\u00e9duire\u00a0les libert\u00e9s,\u00a0\u00e0 contr\u00f4ler\u00a0les ressources\u00a0Internet.\u00a0Mais\u00a0c&rsquo;est beaucoup plus facile de le faire si on proc\u00e8de progressivement, pas \u00e0 pas, en supprimant une partie des droits et libert\u00e9s des citoyens petit \u00e0 petit, de telle sorte que l&rsquo;indignation soit \u00e9tal\u00e9e dans le temps et qu&rsquo;il n&rsquo;y ait pas de pic soudain\u00a0\u00bb.\u00a0<\/p>\n<p>Depuis cet \u00e9t\u00e9, les autorit\u00e9s ont mis en place une messagerie nationale, Max, et tentent de convaincre les citoyens d\u2019y migrer, la pr\u00e9sentant comme plus s\u00fbre. Les critiques avancent qu\u2019il s\u2019agit d\u2019une strat\u00e9gie visant \u00e0 surveiller les contenus, car Max est pr\u00e9sent\u00e9e comme totalement transparente pour les services de s\u00e9curit\u00e9. Entre blocage des messageries \u00e9trang\u00e8res et coupures de l\u2019internet, de plus en plus de Russes vivent depuis plusieurs mois \u00e0 l\u2019heure des restrictions de communication.<\/p>\n<p class=\"a-read-more\">\u00c0 lire aussi<a target=\"_self\" href=\"https:\/\/www.rfi.fr\/fr\/connaissances\/20251103-vers-un-goulag-num\u00e9rique-comment-la-russie-d\u00e9veloppe-le-contr\u00f4le-et-la-surveillance-de-ses-citoyens\" class=\"a-read-more__link\" rel=\"noopener\">Vers un \u00abgoulag num\u00e9rique\u00bb: comment la\u00a0Russie d\u00e9veloppe le contr\u00f4le et la\u00a0surveillance de ses\u00a0citoyens<\/a><\/p>\n<p>\u00a0<\/p>\n<p>Yaroslavl est tr\u00e8s loin d\u2019\u00eatre la seule ville touch\u00e9e. Aux derniers d\u00e9comptes effectu\u00e9s mi-d\u00e9cembre, une quarantaine de r\u00e9gions sur les 89 que compte la Russie ont souffert depuis le printemps d\u2019incidents de types vari\u00e9s. Toutes les r\u00e9gions frontali\u00e8res ou proches de la zone de combat sont plus ou moins touch\u00e9es, de Rostov \u00e0 Koursk et Voronej, ainsi que des villes de garnison comme Pskov ou des r\u00e9gions abritant d\u2019importantes usines du complexe militaro-industriel comme celle de Sverdlovsk. D&rsquo;autres villes et r\u00e9gions \u00e0 des milliers de kilom\u00e8tres \u00e0 l\u2019est ont aussi enregistr\u00e9 des plaintes d\u2019usagers\u00a0au sujet\u00a0de tr\u00e8s longues coupures\u00a0: en Sib\u00e9rie, \u00e0 Omsk ou en Yakoutie, jusqu\u2019\u00e0 Khabarovsk, le Kamchatka et Sakhaline dans l&rsquo;Extr\u00eame-Orient. M\u00eame Saint-P\u00e9tersbourg, deuxi\u00e8me ville du pays, a \u00e9t\u00e9 le th\u00e9\u00e2tre de deux jours cons\u00e9cutifs de perturbations. \u00c0 Moscou, depuis mai dernier,\u00a0des pannes r\u00e9guli\u00e8res mais courtes sont observ\u00e9es.<\/p>\n<p>Comme \u00e0 Yaroslavl, les\u00a0autorit\u00e9s r\u00e9gionales expliquent en g\u00e9n\u00e9ral ces coupures comme des \u00ab\u00a0mesures de s\u00e9curit\u00e9 visant \u00e0 se prot\u00e9ger contre\u00a0<strong><a target=\"_blank\" href=\"https:\/\/ru.wikipedia.org\/wiki\/\u0423\u043a\u0440\u0430\u0438\u043d\u0441\u043a\u0438\u0435_\u0443\u0434\u0430\u0440\u044b_\u0431\u0435\u0441\u043f\u0438\u043b\u043e\u0442\u043d\u0438\u043a\u0430\u043c\u0438_\u0432_\u0440\u043e\u0441\u0441\u0438\u0439\u0441\u043a\u043e\u043c_\u0442\u044b\u043b\u0443\" rel=\"noopener\">les attaques de drones<\/a>\u00a0<\/strong>\u00bb.\u00a0Selon le groupe de travail du kra\u00ef de Krasnodar, \u00ab\u00a0un adversaire peut utiliser l\u2019internet mobile \u00e0 haut d\u00e9bit pour contr\u00f4ler des drones et perp\u00e9trer des attentats terroristes\u00a0\u00bb. Ces restrictions sont impos\u00e9es d\u00e8s r\u00e9ception d\u2019un signal de \u00ab\u00a0menace drone\u00a0\u00bb et sont techniquement temporaires. Wikipedia.ru a fait ce d\u00e9compte\u00a0: 69\u00a0<strong><a target=\"_blank\" href=\"https:\/\/ru.wikipedia.org\/wiki\/\u0412\u044b\u043a\u043b\u044e\u0447\u0435\u043d\u0438\u0435_\u0432\u044b\u0447\u0438\u0441\u043b\u0438\u0442\u0435\u043b\u044c\u043d\u043e\u0439_\u0441\u0438\u0441\u0442\u0435\u043c\u044b\" rel=\"noopener\">coupures<\/a><\/strong>\u00a0avaient d\u00e9j\u00e0 \u00e9t\u00e9 enregistr\u00e9es en mai, mais en juin, ce nombre \u00e9tait pass\u00e9 \u00e0 655, et en juillet, il a atteint le chiffre record de 2\u00a0099 coupures \u00e0 travers\u00a0<strong><a target=\"_blank\" href=\"https:\/\/ru.wikipedia.org\/wiki\/\u0422\u0435\u0440\u0440\u0438\u0442\u043e\u0440\u0438\u0430\u043b\u044c\u043d\u043e\u0435_\u0434\u0435\u043b\u0435\u043d\u0438\u0435_\u0420\u043e\u0441\u0441\u0438\u0438\" rel=\"noopener\">le pays<\/a><\/strong>. Ce chiffre a d\u00e9pass\u00e9 le total mondial des blocages d&rsquo;internet pour toute l&rsquo;ann\u00e9e 2024 (296 incidents dans 54 pays), faisant de la Russie le pays le plus touch\u00e9 par les pannes de communications num\u00e9riques.<\/p>\n<p> \u00ab\u00a0Notre pays est en \u00e9tat de guerre, [&#8230;] nous ne pouvons pas revendiquer les libert\u00e9s que nous avions auparavant.\u00a0\u00bb <\/p>\n<p>\u00c0 quelques kilom\u00e8tres de Moscou, la ville de Balachika est une zone connue pour abriter notamment une importante base de l\u2019arm\u00e9e russe. Une tradition ancienne\u00a0: sous l\u2019Union sovi\u00e9tique, la ville \u00e9tait d\u2019ailleurs interdite aux \u00e9trangers. Zina, 42 ans, m&rsquo;accueille dans la cour en bas de son immeuble, dans cette ville o\u00f9 elle a d\u00e9m\u00e9nag\u00e9 il y a trois ans \u00ab\u00a0pour la nature et la vue sur le canal\u00a0\u00bb.<\/p>\n<p>Pour elle, toutes les mesures de restrictions prises pour internet sont justifi\u00e9es, y compris cette autre, r\u00e9cente, qui bloque l\u2019usage des cartes\u00a0SIM, russes comme \u00e9trang\u00e8res, pendant 24 heures \u00e0 tout retour de l\u2019\u00e9tranger. \u00ab\u00a0Je comprends tr\u00e8s bien qu\u2019une carte SIM pourrait soudainement ne plus \u00eatre entre les mains de son propri\u00e9taire officiel. Elle pourrait \u00eatre vol\u00e9e, avec le t\u00e9l\u00e9phone ou pas d\u2019ailleurs. Et cette carte\u00a0SIM pourrait \u00eatre utilis\u00e9e par d&rsquo;autres personnes \u00e0 leurs propres fins. Moi, je compare cette d\u00e9cision \u00e0 la quarantaine temporaire obligatoire pendant le Covid-19 ou \u00e0 l\u2019usage des masques. On peut quand m\u00eame trouver le moyen de s\u2019organiser et pr\u00e9parer un retour de vacances. Je comprends que des gens soient tr\u00e8s \u00e9nerv\u00e9s, mais notre pays est en \u00e9tat de guerre, alors pour moi, c\u2019est \u00e9vident, nous ne pouvons pas revendiquer les libert\u00e9s que nous avions auparavant\u00a0\u00bb, affirme-t-elle.\u00a0<\/p>\n<p>Pour elle, le vrai probl\u00e8me, qui la concerne de pr\u00e8s, est ailleurs.\u00a0\u00ab\u00a0Je\u00a0vais vous\u00a0dire\u00a0qui\u00a0traverse, \u00e0 cause de tout \u00e7a, de vraies difficult\u00e9s,\u00a0avance-t-elle. Ce sont ceux qui ne gagnaient leur vie que gr\u00e2ce au blogging, en vendant des publicit\u00e9s, par exemple, ou en mon\u00e9tisant leurs publications.\u00a0C\u2019est vrai,\u00a0il existe des plateformes alternatives \u00e0 celles qu&rsquo;on avait avant, mais avec celles-l\u00e0, on ne peut pas gagner autant d&rsquo;argent.\u00a0Elles sont mal con\u00e7ues.\u00a0Et cela a un impact sur\u00a0toutes\u00a0ces\u00a0personnes, tous ces entrepreneurs, qui\u00a0pendant de nombreuses ann\u00e9es ont construit\u00a0un syst\u00e8me de\u00a0diffusion\u00a0en continu, produisaient\u00a0du contenu. En fait, chaque\u00a0blogueur\u00a0avait en quelque sorte cr\u00e9\u00e9\u00a0sa\u00a0propre\u00a0petite agence. C\u2019est un syst\u00e8me qui s\u2019est effondr\u00e9 \u00bb.\u00a0<\/p>\n<p>Sans Instagram, class\u00e9 extr\u00e9miste en Russie, et avec l\u2019interdiction depuis cet automne d\u2019y faire de la publicit\u00e9, Internet qui rame est le dernier clou dans le cercueil de son activit\u00e9 professionnelle de bloggeuse-coiffure. Sur un an, Zina chiffre sa perte de revenu \u00e0 80%.\u00a0<\/p>\n<p class=\"a-read-more\">\u00c0 lire aussi<a target=\"_self\" href=\"https:\/\/www.rfi.fr\/fr\/europe\/20251109-la-russie-resserre-encore-son-contr\u00f4le-sur-internet\" class=\"a-read-more__link\" rel=\"noopener\">La Russie resserre encore son contr\u00f4le sur internet<\/a><\/p>\n","protected":false},"excerpt":{"rendered":"Apr\u00e8s le bannissement en\u00a02022 de Facebook et d\u2019Instagram, r\u00e9seaux embl\u00e9matiques du groupe Meta, les autorit\u00e9s russes renforcent leur&hellip;\n","protected":false},"author":2,"featured_media":599716,"comment_status":"","ping_status":"","sticky":false,"template":"","format":"standard","meta":{"footnotes":""},"categories":[1591],"tags":[11,4625,674,1887,310,12,4125,2436,938,1885,1886,132],"class_list":{"0":"post-599715","1":"post","2":"type-post","3":"status-publish","4":"format-standard","5":"has-post-thumbnail","7":"category-russie","8":"tag-actualites","9":"tag-droits-humains","10":"tag-europe","11":"tag-federation-de-russie","12":"tag-internet","13":"tag-news","14":"tag-numerique","15":"tag-reportage-international","16":"tag-reseaux-sociaux","17":"tag-russia","18":"tag-russian-federation","19":"tag-russie"},"share_on_mastodon":{"url":"https:\/\/pubeurope.com\/@fr\/115720704793833432","error":""},"_links":{"self":[{"href":"https:\/\/www.europesays.com\/fr\/wp-json\/wp\/v2\/posts\/599715","targetHints":{"allow":["GET"]}}],"collection":[{"href":"https:\/\/www.europesays.com\/fr\/wp-json\/wp\/v2\/posts"}],"about":[{"href":"https:\/\/www.europesays.com\/fr\/wp-json\/wp\/v2\/types\/post"}],"author":[{"embeddable":true,"href":"https:\/\/www.europesays.com\/fr\/wp-json\/wp\/v2\/users\/2"}],"replies":[{"embeddable":true,"href":"https:\/\/www.europesays.com\/fr\/wp-json\/wp\/v2\/comments?post=599715"}],"version-history":[{"count":0,"href":"https:\/\/www.europesays.com\/fr\/wp-json\/wp\/v2\/posts\/599715\/revisions"}],"wp:featuredmedia":[{"embeddable":true,"href":"https:\/\/www.europesays.com\/fr\/wp-json\/wp\/v2\/media\/599716"}],"wp:attachment":[{"href":"https:\/\/www.europesays.com\/fr\/wp-json\/wp\/v2\/media?parent=599715"}],"wp:term":[{"taxonomy":"category","embeddable":true,"href":"https:\/\/www.europesays.com\/fr\/wp-json\/wp\/v2\/categories?post=599715"},{"taxonomy":"post_tag","embeddable":true,"href":"https:\/\/www.europesays.com\/fr\/wp-json\/wp\/v2\/tags?post=599715"}],"curies":[{"name":"wp","href":"https:\/\/api.w.org\/{rel}","templated":true}]}}