{"id":599717,"date":"2025-12-15T00:16:13","date_gmt":"2025-12-15T00:16:13","guid":{"rendered":"https:\/\/www.europesays.com\/fr\/599717\/"},"modified":"2025-12-15T00:16:13","modified_gmt":"2025-12-15T00:16:13","slug":"ukraine-le-combat-des-civils","status":"publish","type":"post","link":"https:\/\/www.europesays.com\/fr\/599717\/","title":{"rendered":"Ukraine : le combat des civils"},"content":{"rendered":"<p class=\"jsx-4058425199 jsx-2164199691 ExpandableText__Text\">Depuis pr\u00e8s de quatre ans, le pr\u00e9sident ukrainien compte sur l&rsquo;engagement de nombreux civils dans la guerre en Ukraine. Cet engagement n\u2019est pas que symbolique. Comptables, baristas ou encore retrait\u00e9es, des femmes qui n&rsquo;appartiennent pas \u00e0 l&rsquo;arm\u00e9e  assurent la d\u00e9fense a\u00e9rienne sur leur temps libre. Il y a \u00e9galement d&rsquo;autres civils qui ont choisi de ne pas manier les armes, mais de changer radicalement de vie pour ravitailler le front et surtout apporter du r\u00e9confort aux soldats.<\/p>\n<p>Lire plusReplier<\/p>\n","protected":false},"excerpt":{"rendered":"Depuis pr\u00e8s de quatre ans, le pr\u00e9sident ukrainien compte sur l&rsquo;engagement de nombreux civils dans la guerre en&hellip;\n","protected":false},"author":2,"featured_media":599718,"comment_status":"","ping_status":"","sticky":false,"template":"","format":"standard","meta":{"footnotes":""},"categories":[1590],"tags":[11,1777,674,22817,2952,12,220,1917,133,1920,64673],"class_list":{"0":"post-599717","1":"post","2":"type-post","3":"status-publish","4":"format-standard","5":"has-post-thumbnail","7":"category-ukraine","8":"tag-actualites","9":"tag-eu","10":"tag-europe","11":"tag-initiatives-positives-et-vie-en-communaute","12":"tag-le-20h","13":"tag-news","14":"tag-ukraine","15":"tag-ukraine-4-annee-de-guerre","16":"tag-video","17":"tag-video-international","18":"tag-vie-quotidienne-etrangere"},"share_on_mastodon":{"url":"https:\/\/pubeurope.com\/@fr\/115720708724841471","error":""},"_links":{"self":[{"href":"https:\/\/www.europesays.com\/fr\/wp-json\/wp\/v2\/posts\/599717","targetHints":{"allow":["GET"]}}],"collection":[{"href":"https:\/\/www.europesays.com\/fr\/wp-json\/wp\/v2\/posts"}],"about":[{"href":"https:\/\/www.europesays.com\/fr\/wp-json\/wp\/v2\/types\/post"}],"author":[{"embeddable":true,"href":"https:\/\/www.europesays.com\/fr\/wp-json\/wp\/v2\/users\/2"}],"replies":[{"embeddable":true,"href":"https:\/\/www.europesays.com\/fr\/wp-json\/wp\/v2\/comments?post=599717"}],"version-history":[{"count":0,"href":"https:\/\/www.europesays.com\/fr\/wp-json\/wp\/v2\/posts\/599717\/revisions"}],"wp:featuredmedia":[{"embeddable":true,"href":"https:\/\/www.europesays.com\/fr\/wp-json\/wp\/v2\/media\/599718"}],"wp:attachment":[{"href":"https:\/\/www.europesays.com\/fr\/wp-json\/wp\/v2\/media?parent=599717"}],"wp:term":[{"taxonomy":"category","embeddable":true,"href":"https:\/\/www.europesays.com\/fr\/wp-json\/wp\/v2\/categories?post=599717"},{"taxonomy":"post_tag","embeddable":true,"href":"https:\/\/www.europesays.com\/fr\/wp-json\/wp\/v2\/tags?post=599717"}],"curies":[{"name":"wp","href":"https:\/\/api.w.org\/{rel}","templated":true}]}}