{"id":599719,"date":"2025-12-15T00:17:11","date_gmt":"2025-12-15T00:17:11","guid":{"rendered":"https:\/\/www.europesays.com\/fr\/599719\/"},"modified":"2025-12-15T00:17:11","modified_gmt":"2025-12-15T00:17:11","slug":"neymar-aux-etats-unis-deschamps-vend-la-meche","status":"publish","type":"post","link":"https:\/\/www.europesays.com\/fr\/599719\/","title":{"rendered":"Neymar aux \u00c9tats-Unis, Deschamps vend la m\u00e8che ?"},"content":{"rendered":"<p>                    Hugo Chirossel<br \/>\n                        &#8211;<\/p>\n<p>Journaliste<\/p>\n<p>Passionn\u00e9 de football depuis le plus jeune \u00e2ge, devenir journaliste sportif est rapidement devenu une \u00e9vidence pour Hugo. Il se d\u00e9couvrira plus tard un amour pour la NBA, avant d\u2019explorer d\u2019autres horizons comme ceux de la Formule 1 et de la NFL.<\/p>\n<p class=\"heading\">Selon Bertrand Latour, Carlo Ancelotti ne devrait pas s\u00e9lectionner Neymar pour disputer la prochaine Coupe du monde, qui se d\u00e9roulera aux \u00c9tats-Unis, au Canada et au Mexique. Le journaliste de Canal+ estime que le retour d\u2019un joueur important, mais avec un r\u00f4le mineur, peut perturber une \u00e9quipe et en a justement discut\u00e9 plusieurs fois avec Didier Deschamps. <\/p>\n<p>\u00c0 33 ans, <a href=\"https:\/\/le10sport.com\/football\/neymar-la-grosse-declaration-damour-en-direct-768055\" target=\"_blank\" rel=\"noopener\">Neymar<\/a> aura-t-il l&rsquo;opportunit\u00e9 de disputer ce qui serait tr\u00e8s certainement sa derni\u00e8re Coupe du monde ? Sa derni\u00e8re s\u00e9lection avec le <strong>Br\u00e9sil<\/strong> remonte au 17 octobre 2023 et <strong>Carlo Ancelotti <\/strong>ne l\u2019a pas appel\u00e9 une seule fois depuis qu\u2019il est sur le banc de la Sele\u00e7\u00e3o. <\/p>\n<p>                                            Neymar au Mondial, Latour n\u2019y croit pas<\/p>\n<p>\u00ab Est-ce que Ancelotti va le prendre ? Je ne pense pas, ce n\u2019est pas la tendance \u00bb, a estim\u00e9 <strong>Bertrand Latour <\/strong>dans le Canal Football Club sur Canal+. \u00ab Une des raisons pour lesquelles Ancelotti a \u00e9t\u00e9 choisi, c\u2019est aussi sa capacit\u00e9 \u00e0 prendre des d\u00e9cisions fortes, qui pourraient \u00eatre entendues et comprises par l&rsquo;environnement, et on sait que dans ce pays-l\u00e0 il y en a \u00e9norm\u00e9ment. Lui est un des seuls sans doute qui est capable de laisser Neymar \u00e0 la maison sans que \u00e7a fasse un drame absolu. Il n\u2019est pas au niveau physique qui est le sien. \u00bb<\/p>\n<p>                                            \u00ab J\u2019ai discut\u00e9 plusieurs fois de cette th\u00e9matique avec Didier Deschamps \u00bb<\/p>\n<p>Pour appuyer ses propos, <strong>Bertrand Latour<\/strong> a indiqu\u00e9 avoir \u00e9chang\u00e9 plusieurs fois avec <strong>Didier Deschamps<\/strong> sur ce sujet, \u00e0 savoir le retour d\u2019un joueur important dans une \u00e9quipe nationale, mais avec un r\u00f4le diff\u00e9rent : \u00ab J\u2019ai discut\u00e9 plusieurs fois de cette th\u00e9matique avec Didier Deschamps. Quand vous avez un joueur, souvent en fin de carri\u00e8re, qui avait un statut dans l\u2019\u00e9quipe nationale, qui ensuite est amen\u00e9 \u00e0 revenir dans cette \u00e9quipe-l\u00e0. Quand vous revenez avec un r\u00f4le mineur, le joueur a beau vous dire qu\u2019il est capable de s\u2019adapter, la v\u00e9rit\u00e9 c\u2019est que souvent c\u2019est tr\u00e8s mal v\u00e9cu et \u00e7a peut cr\u00e9er des probl\u00e8mes avec les partenaires. \u00bb<\/p>\n","protected":false},"excerpt":{"rendered":"Hugo Chirossel &#8211; Journaliste Passionn\u00e9 de football depuis le plus jeune \u00e2ge, devenir journaliste sportif est rapidement devenu&hellip;\n","protected":false},"author":2,"featured_media":599720,"comment_status":"","ping_status":"","sticky":false,"template":"","format":"standard","meta":{"footnotes":""},"categories":[1589],"tags":[11,73,1866,12,1864,1865,1863,308],"class_list":{"0":"post-599719","1":"post","2":"type-post","3":"status-publish","4":"format-standard","5":"has-post-thumbnail","7":"category-etats-unis","8":"tag-actualites","9":"tag-etats-unis","10":"tag-etats-unis-damerique","11":"tag-news","12":"tag-united-states","13":"tag-united-states-of-america","14":"tag-us","15":"tag-usa"},"share_on_mastodon":{"url":"https:\/\/pubeurope.com\/@fr\/115720712851433743","error":""},"_links":{"self":[{"href":"https:\/\/www.europesays.com\/fr\/wp-json\/wp\/v2\/posts\/599719","targetHints":{"allow":["GET"]}}],"collection":[{"href":"https:\/\/www.europesays.com\/fr\/wp-json\/wp\/v2\/posts"}],"about":[{"href":"https:\/\/www.europesays.com\/fr\/wp-json\/wp\/v2\/types\/post"}],"author":[{"embeddable":true,"href":"https:\/\/www.europesays.com\/fr\/wp-json\/wp\/v2\/users\/2"}],"replies":[{"embeddable":true,"href":"https:\/\/www.europesays.com\/fr\/wp-json\/wp\/v2\/comments?post=599719"}],"version-history":[{"count":0,"href":"https:\/\/www.europesays.com\/fr\/wp-json\/wp\/v2\/posts\/599719\/revisions"}],"wp:featuredmedia":[{"embeddable":true,"href":"https:\/\/www.europesays.com\/fr\/wp-json\/wp\/v2\/media\/599720"}],"wp:attachment":[{"href":"https:\/\/www.europesays.com\/fr\/wp-json\/wp\/v2\/media?parent=599719"}],"wp:term":[{"taxonomy":"category","embeddable":true,"href":"https:\/\/www.europesays.com\/fr\/wp-json\/wp\/v2\/categories?post=599719"},{"taxonomy":"post_tag","embeddable":true,"href":"https:\/\/www.europesays.com\/fr\/wp-json\/wp\/v2\/tags?post=599719"}],"curies":[{"name":"wp","href":"https:\/\/api.w.org\/{rel}","templated":true}]}}