{"id":59973,"date":"2025-04-28T19:10:09","date_gmt":"2025-04-28T19:10:09","guid":{"rendered":"https:\/\/www.europesays.com\/fr\/59973\/"},"modified":"2025-04-28T19:10:09","modified_gmt":"2025-04-28T19:10:09","slug":"les-entrees-illegales-en-europe-en-baisse-au-premier-trimestre-2025","status":"publish","type":"post","link":"https:\/\/www.europesays.com\/fr\/59973\/","title":{"rendered":"Les entr\u00e9es ill\u00e9gales en Europe en baisse au premier trimestre 2025"},"content":{"rendered":"<p>L&rsquo;agence europ\u00e9enne de protection des fronti\u00e8res ext\u00e9rieures Frontex fait \u00e9tat d&rsquo;une baisse de 31 % des passages de personnes migrant ill\u00e9galement au premier trimestre 2025 par rapport \u00e0 la m\u00eame p\u00e9riode l&rsquo;ann\u00e9e pr\u00e9c\u00e9dente. Le nombre de passages est tomb\u00e9 \u00e0 pr\u00e8s de 33 600 au cours des trois premiers mois de 2025.<\/p>\n<p>La baisse la plus importante des travers\u00e9es ill\u00e9gales de fronti\u00e8res concerne la route des Balkans occidentaux (-64 %). Tous les autres itin\u00e9raires ont eux-aussi connu des baisses.<\/p>\n<p>Pourquoi les travers\u00e9es diminuent-elles le long de la route des Balkans occidentaux ?<\/p>\n<p>\u00ab\u00a0La baisse des passages pourrait \u00eatre due \u00e0 de multiples facteurs : le renforcement de la surveillance des fronti\u00e8res par les pays des Balkans, les conditions hivernales difficiles qui rendent le voyage p\u00e9nible et la prise de conscience des risques g\u00e9n\u00e9ralis\u00e9s de violations des droits de l&rsquo;Homme\u00a0\u00bb, explique Helena Hahn, analyste des migrations et de la diversit\u00e9 au <a href=\"https:\/\/epc.eu\/en\/\" rel=\"nofollow noopener\" target=\"_blank\" data-ylk=\"slk:European Policy Centre;elm:context_link;itc:0;sec:content-canvas\" class=\"link \">European Policy Centre<\/a>.<\/p>\n<p>Elle pointe \u00e9galement du doigt des facteurs g\u00e9opolitiques, comme \u00ab\u00a0le changement de r\u00e9gime en Syrie, qui a entra\u00een\u00e9 une baisse de 17 % des demandes d&rsquo;asile en 2024\u00a0\u00bb, ajoutant toutefois que les arriv\u00e9es pourraient augmenter \u00e0 nouveau \u00ab\u00a0vers la fin de l&rsquo;\u00e9t\u00e9 et \u00e0 l&rsquo;automne.\u00a0\u00bb<\/p>\n<p>Les tentatives de passage vers l&rsquo;Espagne depuis l&rsquo;Afrique en baisse de pr\u00e8s d&rsquo;un tiers<\/p>\n<p>Une baisse significative de 30 % a \u00e9galement \u00e9t\u00e9 observ\u00e9e sur la route de l&rsquo;Afrique de l&rsquo;Ouest, qui relie le S\u00e9n\u00e9gal, la Mauritanie, la Gambie et le Sahara occidental aux \u00eeles Canaries en Espagne.<\/p>\n<p>De m\u00eame, une chute de 29 % a \u00e9t\u00e9 signal\u00e9e dans les travers\u00e9es le long de la route de la M\u00e9diterran\u00e9e orientale, qui m\u00e8ne principalement \u00e0 Chypre, \u00e0 la Gr\u00e8ce et \u00e0 la Bulgarie depuis l&rsquo;Afghanistan, le Soudan et l&rsquo;\u00c9gypte.<\/p>\n<p>La troisi\u00e8me baisse la plus importante (-26 %) concerne la route de la M\u00e9diterran\u00e9e centrale, qui part de l&rsquo;Afrique occidentale et centrale, passe par le Niger et la Libye et traverse la M\u00e9diterran\u00e9e centrale en direction de l&rsquo;Europe, en particulier de l&rsquo;Italie.<\/p>\n<p><b class=\"c-widget-related__title__text\">Related<\/b><\/p>\n<p>La M\u00e9diterran\u00e9e orientale est l&rsquo;itin\u00e9raire le plus fr\u00e9quent\u00e9 pour l&rsquo;immigration clandestine vers l&rsquo;Europe<\/p>\n<p>Avec 9 267 tentatives de travers\u00e9e, la route de la M\u00e9diterran\u00e9e orientale est la voie extra-europ\u00e9enne pr\u00e9f\u00e9r\u00e9e des migrants clandestins.<\/p>\n<p>La route de l&rsquo;Afrique de l&rsquo;Ouest suit de pr\u00e8s avec 9 205 tentatives, principalement en provenance du Mali, du S\u00e9n\u00e9gal et de la Guin\u00e9e.<\/p>\n<p>La troisi\u00e8me route la plus active est celle de la M\u00e9diterran\u00e9e centrale (8 542 travers\u00e9es ill\u00e9gales recens\u00e9es), emprunt\u00e9e principalement par des Bangladais, des Pakistanais et des Syriens.<\/p>\n<p>Le Royaume-Uni semble toutefois rester la destination finale en Europe pour des milliers de migrants, Frontex ayant signal\u00e9 11 000 tentatives de travers\u00e9e ill\u00e9gale au cours des quatre premiers mois de 2025, de la France vers l&rsquo;autre c\u00f4t\u00e9 de la Manche.<\/p>\n","protected":false},"excerpt":{"rendered":"L&rsquo;agence europ\u00e9enne de protection des fronti\u00e8res ext\u00e9rieures Frontex fait \u00e9tat d&rsquo;une baisse de 31 % des passages de&hellip;\n","protected":false},"author":2,"featured_media":59974,"comment_status":"","ping_status":"","sticky":false,"template":"","format":"standard","meta":{"footnotes":""},"categories":[1586],"tags":[11,1777,674,1011,27,15672,14318,12,25],"class_list":{"0":"post-59973","1":"post","2":"type-post","3":"status-publish","4":"format-standard","5":"has-post-thumbnail","7":"category-europe","8":"tag-actualites","9":"tag-eu","10":"tag-europe","11":"tag-fr","12":"tag-france","13":"tag-la-fin-de-lete","14":"tag-la-mediterranee","15":"tag-news","16":"tag-republique-francaise"},"share_on_mastodon":{"url":"https:\/\/pubeurope.com\/@fr\/114417174056828742","error":""},"_links":{"self":[{"href":"https:\/\/www.europesays.com\/fr\/wp-json\/wp\/v2\/posts\/59973","targetHints":{"allow":["GET"]}}],"collection":[{"href":"https:\/\/www.europesays.com\/fr\/wp-json\/wp\/v2\/posts"}],"about":[{"href":"https:\/\/www.europesays.com\/fr\/wp-json\/wp\/v2\/types\/post"}],"author":[{"embeddable":true,"href":"https:\/\/www.europesays.com\/fr\/wp-json\/wp\/v2\/users\/2"}],"replies":[{"embeddable":true,"href":"https:\/\/www.europesays.com\/fr\/wp-json\/wp\/v2\/comments?post=59973"}],"version-history":[{"count":0,"href":"https:\/\/www.europesays.com\/fr\/wp-json\/wp\/v2\/posts\/59973\/revisions"}],"wp:featuredmedia":[{"embeddable":true,"href":"https:\/\/www.europesays.com\/fr\/wp-json\/wp\/v2\/media\/59974"}],"wp:attachment":[{"href":"https:\/\/www.europesays.com\/fr\/wp-json\/wp\/v2\/media?parent=59973"}],"wp:term":[{"taxonomy":"category","embeddable":true,"href":"https:\/\/www.europesays.com\/fr\/wp-json\/wp\/v2\/categories?post=59973"},{"taxonomy":"post_tag","embeddable":true,"href":"https:\/\/www.europesays.com\/fr\/wp-json\/wp\/v2\/tags?post=59973"}],"curies":[{"name":"wp","href":"https:\/\/api.w.org\/{rel}","templated":true}]}}