{"id":599737,"date":"2025-12-15T00:32:14","date_gmt":"2025-12-15T00:32:14","guid":{"rendered":"https:\/\/www.europesays.com\/fr\/599737\/"},"modified":"2025-12-15T00:32:14","modified_gmt":"2025-12-15T00:32:14","slug":"aubin-sparfel-frustre-par-une-petite-erreur-actualite","status":"publish","type":"post","link":"https:\/\/www.europesays.com\/fr\/599737\/","title":{"rendered":"Aubin Sparfel frustr\u00e9 par \u00ab une petite erreur \u00bb &#8211; Actualit\u00e9"},"content":{"rendered":"<p style=\"text-align: justify;\">Il n&rsquo;y aura pas de grand chelem.\u00a0<strong><a href=\"https:\/\/www.directvelo.com\/coureur\/43328\/aubin-sparfel\" target=\"_blank\" rel=\"noopener\">Aubin Sparfel<\/a><\/strong> a fini par \u00eatre battu sur la Coupe de France de cyclo-cross, et c&rsquo;est arriv\u00e9 ce dimanche, <strong><a href=\"https:\/\/www.directvelo.com\/actualite\/125897\/cc-coupe-de-france-ouistreham-elite-hommes-classement\" target=\"_blank\" rel=\"noopener\">sur la derni\u00e8re manche disput\u00e9e \u00e0 Ouistreham<\/a><\/strong>, par <strong><a href=\"https:\/\/www.directvelo.com\/actualite\/125933\/gerben-kuypers-je-cherchais-la-confiance\" target=\"_blank\" rel=\"noopener\">Gerben Kuypers<\/a><\/strong>. La faute \u00e0 une petite erreur dans le final qui a provoqu\u00e9 la d\u00e9cision. \u00ab\u00a0C&rsquo;\u00e9tait tr\u00e8s tactique et malheureusement je fais cette petite erreur qui me co\u00fbte de jouer la victoire, donc bien s\u00fbr je suis d\u00e9\u00e7u. Je me sentais tr\u00e8s bien aujourd&rsquo;hui mais c&rsquo;\u00e9tait un parcours atypique. C&rsquo;\u00e9tait bien de se confronter sur du sable quand m\u00eame\u00a0\u00bb, r\u00e9sume-t-il \u00e0 l&rsquo;arriv\u00e9e.<\/p>\n<p style=\"text-align: justify;\">Le sable a fini par avoir raison du soci\u00e9taire de Decathlon AG2R La Mondiale. \u00ab\u00a0Ce n&rsquo;est pas trop ma sp\u00e9cialit\u00e9 mais c&rsquo;est s\u00fbr que cette ann\u00e9e on a beaucoup de cross dans le sable donc il faut y \u00eatre pr\u00e9par\u00e9. J&rsquo;ai pu faire pas mal de stages dans le sable et m&rsquo;entra\u00eener \u00e0 la maison aussi donc c&rsquo;est important, il y a d&rsquo;autres courses o\u00f9 il faudra \u00eatre encore plus pr\u00e9par\u00e9\u00a0\u00bb.<\/p>\n<p><strong>\u00ab JE GARDE LE POSITIF \u00bb<\/strong><\/p>\n<p>Malgr\u00e9 cette note de fin regrettable, Aubin Sparfel reste content de sa campagne. \u00ab\u00a0C&rsquo;est une r\u00e9ussite, pour une premi\u00e8re saison avec les Elites je ne m&rsquo;attendais pas \u00e0 faire mieux. Quand on en gagne quatre on veut en gagner cinq, donc c&rsquo;est s\u00fbr qu&rsquo;il y a cette petite touche finale qui est un peu dommage. Mais je garde le positif, je pense que si on m&rsquo;avait dit en d\u00e9but de saison que j&rsquo;en gagnerais quatre sur cinq et que je serais aussi performant, j&rsquo;aurais sign\u00e9\u00a0\u00bb.<\/p>\n<p>La suite se fera en Coupe du Monde, dans le sable, encore, de Coxyde. \u00ab\u00a0On va pr\u00e9parer \u00e7a et ensuite \u00e7a encha\u00eenera tous les week-ends avec la Coupe du Monde jusqu&rsquo;au d\u00e9but f\u00e9vrier et le Championnat de France au milieu\u00a0\u00bb. Aubin Sparfel garde la forme et conserve des objectifs \u00e9lev\u00e9s cette saison, notamment dans sa cat\u00e9gorie Espoirs. \u00ab\u00a0Je vais essayer de garder le maillot de leader de Coupe du Monde et le France sera important pour moi, ainsi que le Championnat du Monde\u00a0\u00bb.<\/p>\n","protected":false},"excerpt":{"rendered":"Il n&rsquo;y aura pas de grand chelem.\u00a0Aubin Sparfel a fini par \u00eatre battu sur la Coupe de France&hellip;\n","protected":false},"author":2,"featured_media":599738,"comment_status":"","ping_status":"","sticky":false,"template":"","format":"standard","meta":{"footnotes":""},"categories":[1411],"tags":[834,828,836,829,837,827,83,826,824,823,1154,207,814,817,815,816,822,821,832,211,839,1011,27,820,818,819,835,831,830,833,838,60,212,208,825],"class_list":{"0":"post-599737","1":"post","2":"type-post","3":"status-publish","4":"format-standard","5":"has-post-thumbnail","7":"category-cyclisme","8":"tag-attaque","9":"tag-belgique","10":"tag-braquet","11":"tag-bretagne","12":"tag-chute","13":"tag-competition","14":"tag-coupe-de-france","15":"tag-coureur","16":"tag-course-cyclisme","17":"tag-course-cycliste","18":"tag-cycling","19":"tag-cyclisme","20":"tag-direct","21":"tag-direct-velo","22":"tag-directvelo","23":"tag-directvelo-com","24":"tag-epreuve","25":"tag-epreuve-cycliste","26":"tag-federation-francaise-de-cyclisme","27":"tag-ffc","28":"tag-flandres","29":"tag-fr","30":"tag-france","31":"tag-live","32":"tag-live-course","33":"tag-live-epreuve","34":"tag-peloton","35":"tag-radio-peloton","36":"tag-radio-tour","37":"tag-ravitaillement","38":"tag-relance","39":"tag-sports","40":"tag-uci","41":"tag-velo","42":"tag-velos"},"share_on_mastodon":{"url":"https:\/\/pubeurope.com\/@fr\/115720771616247131","error":""},"_links":{"self":[{"href":"https:\/\/www.europesays.com\/fr\/wp-json\/wp\/v2\/posts\/599737","targetHints":{"allow":["GET"]}}],"collection":[{"href":"https:\/\/www.europesays.com\/fr\/wp-json\/wp\/v2\/posts"}],"about":[{"href":"https:\/\/www.europesays.com\/fr\/wp-json\/wp\/v2\/types\/post"}],"author":[{"embeddable":true,"href":"https:\/\/www.europesays.com\/fr\/wp-json\/wp\/v2\/users\/2"}],"replies":[{"embeddable":true,"href":"https:\/\/www.europesays.com\/fr\/wp-json\/wp\/v2\/comments?post=599737"}],"version-history":[{"count":0,"href":"https:\/\/www.europesays.com\/fr\/wp-json\/wp\/v2\/posts\/599737\/revisions"}],"wp:featuredmedia":[{"embeddable":true,"href":"https:\/\/www.europesays.com\/fr\/wp-json\/wp\/v2\/media\/599738"}],"wp:attachment":[{"href":"https:\/\/www.europesays.com\/fr\/wp-json\/wp\/v2\/media?parent=599737"}],"wp:term":[{"taxonomy":"category","embeddable":true,"href":"https:\/\/www.europesays.com\/fr\/wp-json\/wp\/v2\/categories?post=599737"},{"taxonomy":"post_tag","embeddable":true,"href":"https:\/\/www.europesays.com\/fr\/wp-json\/wp\/v2\/tags?post=599737"}],"curies":[{"name":"wp","href":"https:\/\/api.w.org\/{rel}","templated":true}]}}