{"id":599739,"date":"2025-12-15T00:33:10","date_gmt":"2025-12-15T00:33:10","guid":{"rendered":"https:\/\/www.europesays.com\/fr\/599739\/"},"modified":"2025-12-15T00:33:10","modified_gmt":"2025-12-15T00:33:10","slug":"quels-clubs-de-ligue-1-souffriront-le-plus-de-la-can-2025","status":"publish","type":"post","link":"https:\/\/www.europesays.com\/fr\/599739\/","title":{"rendered":"Quels clubs de Ligue 1 souffriront le plus de la CAN 2025 ?"},"content":{"rendered":"<p>Les listes sont tomb\u00e9es et les valises aussi. En janvier, cinquante joueurs de Ligue 1 fileront au Maroc pour disputer la CAN 2025, laissant derri\u00e8re eux des clubs parfois d\u00e9j\u00e0 fragiles.<\/p>\n<p>La tr\u00eave hivernale limite un peu la casse, avec un arr\u00eat du championnat d\u00e8s le 15 d\u00e9cembre et une reprise le 2 janvier. Mais certaines dates coincent. Les 32es de finale de Coupe de France, les 17e et 18e journ\u00e9es de Ligue 1, et m\u00eame le Troph\u00e9e des Champions pour l\u2019OM et le PSG pourraient \u00eatre directement impact\u00e9s. D\u2019apr\u00e8s les listes officielles, le Paris FC et Lorient sont les plus expos\u00e9s avec cinq absents chacun, un vrai trou dans l\u2019effectif quand le calendrier s\u2019emballe. Nice, Lille, Metz et Angers perdront quatre joueurs, parfois des cadres, parfois des pi\u00e8ces plus discr\u00e8tes mais utiles dans la rotation.<\/p>\n<p><strong>Des absences tr\u00e8s in\u00e9gales selon les clubs<\/strong><\/p>\n<p>\u00c0 l\u2019autre bout du tableau, Lens et Toulouse ne verront partir qu\u2019un seul joueur chacun. Le PSG et l\u2019OM, eux, devront composer sans deux \u00e9l\u00e9ments, Hakimi et Mbaye pour Paris, Aguerd et Aubameyang c\u00f4t\u00e9 marseillais. Selon les parcours des s\u00e9lections, l\u2019impact pourrait durer quelques semaines\u2026 ou s\u2019\u00e9terniser, un peu sournois, au c\u0153ur de l\u2019hiver.<\/p>\n<p>Paris FC (5) : Samir Chergui, Ilan Kebbal, Hamari Traor\u00e9, Moses Simon, Jean-Philippe Krasso\u00a0<\/p>\n<p>FC Lorient (5) : Aiyegun Tosin, Montassar Talbi, Ars\u00e8ne Kouassi, Darlin Yongwa, Arthur Avom Ebong\u00a0<\/p>\n<p>OGC Nice (4) : Hicham Boudaoui, Yehvann Diouf, Antoine Mendy, Ali Abdi\u00a0<\/p>\n<p>Lille OSC (4) : Aissa Mandi, Hamza Igamane, Chancel Mbemba, Ngal\u2019Ayel Mukau\u00a0<\/p>\n<p>FC Metz (4) : Habib Diallo, Cheikh Tidiane Sabaly, Jean-Philippe Gbamin, Uriel-Michel Mboula\u00a0<\/p>\n<p>Angers SCO (4) : Ousmane Camara, Jacques Ekomie, Jim Allevinah, Herv\u00e9 Koffi\u00a0<\/p>\n<p>Havre AC (3) : Mory Diaw, Mbwana Samatta, Lionel Mpasi\u00a0<\/p>\n<p>Stade Rennais (3) : Abdelhamid A\u00eft-Boudlal, Seko Fofana, Mahamadou Nagida\u00a0<\/p>\n<p>Paris SG (2) : Achraf Hakimi, Ibrahim Mbaye\u00a0<\/p>\n<p>Olympique de Marseille (2) : Nayef Aguerd, Pierre-Emerick Aubameyang\u00a0<\/p>\n<p>AS Monaco (2) : Kr\u00e9pin Diatta, Lamine Camara\u00a0<\/p>\n<p>RC Strasbourg (2) : Mamadou Sarr, Gu\u00e9la Dou\u00e9\u00a0<\/p>\n<p>Stade Brestois (2) : Kamory Doumbia, Eric-Junior Dina Ebimbe\u00a0<\/p>\n<p>FC Nantes (2) : Mostafa Mohamed, Chidozie Awaziem\u00a0<\/p>\n<p>AJ Auxerre (2) : Lassine Sinayoko, Danny Namaso\u00a0<\/p>\n<p>Olympique Lyonnais (2) : Moussa Niakhat\u00e9, Clinton Mata\u00a0<\/p>\n<p>RC Lens (1) : Mamadou Sangar\u00e9<\/p>\n<p>Toulouse FC (1) : Frank Magri<\/p>\n","protected":false},"excerpt":{"rendered":"Les listes sont tomb\u00e9es et les valises aussi. En janvier, cinquante joueurs de Ligue 1 fileront au Maroc&hellip;\n","protected":false},"author":2,"featured_media":599740,"comment_status":"","ping_status":"","sticky":false,"template":"","format":"standard","meta":{"footnotes":""},"categories":[1410],"tags":[63,1011,27,60],"class_list":{"0":"post-599739","1":"post","2":"type-post","3":"status-publish","4":"format-standard","5":"has-post-thumbnail","7":"category-football","8":"tag-football","9":"tag-fr","10":"tag-france","11":"tag-sports"},"share_on_mastodon":{"url":"https:\/\/pubeurope.com\/@fr\/115720775746062057","error":""},"_links":{"self":[{"href":"https:\/\/www.europesays.com\/fr\/wp-json\/wp\/v2\/posts\/599739","targetHints":{"allow":["GET"]}}],"collection":[{"href":"https:\/\/www.europesays.com\/fr\/wp-json\/wp\/v2\/posts"}],"about":[{"href":"https:\/\/www.europesays.com\/fr\/wp-json\/wp\/v2\/types\/post"}],"author":[{"embeddable":true,"href":"https:\/\/www.europesays.com\/fr\/wp-json\/wp\/v2\/users\/2"}],"replies":[{"embeddable":true,"href":"https:\/\/www.europesays.com\/fr\/wp-json\/wp\/v2\/comments?post=599739"}],"version-history":[{"count":0,"href":"https:\/\/www.europesays.com\/fr\/wp-json\/wp\/v2\/posts\/599739\/revisions"}],"wp:featuredmedia":[{"embeddable":true,"href":"https:\/\/www.europesays.com\/fr\/wp-json\/wp\/v2\/media\/599740"}],"wp:attachment":[{"href":"https:\/\/www.europesays.com\/fr\/wp-json\/wp\/v2\/media?parent=599739"}],"wp:term":[{"taxonomy":"category","embeddable":true,"href":"https:\/\/www.europesays.com\/fr\/wp-json\/wp\/v2\/categories?post=599739"},{"taxonomy":"post_tag","embeddable":true,"href":"https:\/\/www.europesays.com\/fr\/wp-json\/wp\/v2\/tags?post=599739"}],"curies":[{"name":"wp","href":"https:\/\/api.w.org\/{rel}","templated":true}]}}