{"id":599741,"date":"2025-12-15T00:34:15","date_gmt":"2025-12-15T00:34:15","guid":{"rendered":"https:\/\/www.europesays.com\/fr\/599741\/"},"modified":"2025-12-15T00:34:15","modified_gmt":"2025-12-15T00:34:15","slug":"vincent-cerutti-quitte-par-hapsatou-sy-pour-un-autre-plus-riche-elle-met-les-choses-au-point-dans-un-message-cinglant","status":"publish","type":"post","link":"https:\/\/www.europesays.com\/fr\/599741\/","title":{"rendered":"Vincent Cerutti quitt\u00e9 par Hapsatou Sy \u00ab\u00a0pour un autre plus riche\u00a0\u00bb ? Elle met les choses au point dans un message cinglant"},"content":{"rendered":"<p>R\u00e9v\u00e9l\u00e9 au grand public en 2011. Vincent Cerutti avait \u00e9t\u00e9<br \/>\nrecrut\u00e9 par TF1 <a href=\"https:\/\/www.telestar.fr\/tele-realite\/dals\/2015\/danse-avec-les-stars6-vincent-cerutti-explique-son-depart-video-140761\" target=\"_blank\" rel=\"noopener\"><br \/>\npour pr\u00e9senter l&rsquo;\u00e9mission Danse avec les stars<\/a>. Par la suite,<br \/>\nl&rsquo;animateur a incarn\u00e9 plusieurs programmes sur les diff\u00e9rentes<br \/>\ncha\u00eenes du groupe. Avant de finalement quitter la premi\u00e8re cha\u00eene.<br \/>\nDepuis, c&rsquo;est principalement \u00e0 la radio que le pr\u00e9sentateur a<br \/>\noffici\u00e9 ces derni\u00e8res ann\u00e9es. Ancien animateur de la matinale de M<br \/>\nRadio. Il avait aussi pr\u00e9c\u00e9demment \u00e9t\u00e9 <strong>\u00e0 la t\u00eate de la<br \/>\nmatinale de Ch\u00e9rie FM<\/strong>.<\/p>\n<p>Toutefois, <a href=\"https:\/\/www.closermag.fr\/people\/vincent-cerutti-tout-cul-tendu-merite-son-du-ce-jeu-ridicule-qui-lautorisait-a-faire-limpensable-3603945\" target=\"_blank\" rel=\"noopener\"><br \/>\nVincent Cerutti fut mis en examen en 2023<\/a> pour agression<br \/>\nsexuelle. Dans une affaire concernant des faits qui auraient eu<br \/>\nlieu entre 2015 et 2016. En fait, Caroline Barel, qui travaillait<br \/>\nau standard de la station du groupe NRJ \u00e0 l&rsquo;\u00e9poque, <strong>accuse<br \/>\nl&rsquo;animateur de lui avoir mordu les fesses \u00e0 deux reprises<\/strong>.<br \/>\nDans les locaux de la radio. Il lui aurait maintenu les mains dans<br \/>\nle dos alors qu&rsquo;ils se trouvaient seuls dans les bureaux en 2015.<br \/>\nAvant de la plaquer au sol et de lui mordre la fesse.<\/p>\n<p>Vincent Cerutti a r\u00e9v\u00e9l\u00e9 \u00eatre s\u00e9par\u00e9 de la m\u00e8re de ses enfants<br \/>\nlors de son proc\u00e8s<\/p>\n<p>Plusieurs salari\u00e9s de Ch\u00e9rie FM ont ainsi r\u00e9v\u00e9l\u00e9 aux enqu\u00eateurs<br \/>\nque Vincent Cerutti avait pour habitude de mordre les fesses de<br \/>\nplusieurs collaborateurs. L&rsquo;une des personnes interrog\u00e9es par les<br \/>\nautorit\u00e9s a d&rsquo;ailleurs assur\u00e9 avoir subi ce m\u00eame geste \u00e0 plusieurs<br \/>\nreprises. Lorsque le pr\u00e9sentateur \u00e9tait aux commandes de la<br \/>\nmatinale de la station du groupe NRJ. Pr\u00e9sum\u00e9 innocent, Vincent<br \/>\nCerruti encourt jusqu\u2019\u00e0 <strong>cinq ans de prison et 75.000 euros<br \/>\nd\u2019amende<\/strong> dans cette affaire.<\/p>\n<p>Ayant reconnu les morsures lors de son proc\u00e8s devant le tribunal<br \/>\ncorrectionnel de Paris le mardi 9 d\u00e9cembre 2025. Vincent Cerutti<br \/>\nconteste cependant le caract\u00e8re sexuel de son geste. L&rsquo;animateur a<br \/>\n\u00e9galement <a href=\"https:\/\/www.closermag.fr\/people\/vincent-cerutti-divorce-dhapsatou-sy-en-plein-proces-pour-avoir-mordu-les-fesses-dune-collegue-lannonce-choc-3603753\" target=\"_blank\" rel=\"noopener\"><br \/>\nannonc\u00e9 sa s\u00e9paration avec Hapsatou Sy<\/a> durant l&rsquo;audience. Par<br \/>\nla suite, <strong>de nombreuses rumeurs ont vu le jour sur les<br \/>\nr\u00e9seaux sociaux<\/strong>. L&rsquo;ancienne chroniqueuse de Laurence<br \/>\nFerrari et Thierry Ardisson sur C8 a d\u00e9cid\u00e9 d&rsquo;y r\u00e9pondre le<br \/>\ndimanche 14 d\u00e9cembre 2025 sur Instagram.<\/p>\n<blockquote class=\"instagram-media\" style=\"background: #ffffff;border: 0;margin: 1px;width: 100%;padding: 0;max-width: 500px;\" data-instgrm-permalink=\"https:\/\/www.instagram.com\/p\/DSPjA1SDemG\/?utm_source=ig_embed\" data-instgrm-version=\"14\"\/><p>\nHapsatou Sy : \u00ab\u00a0On va tr\u00e8s bien, m\u00eame<br \/>\ntrop pour certains\u00a0\u00bb<\/p>\n<p>\u00ab\u00a0J\u2019ai des choses \u00e0 vous dire\u2026 Je vois ma t\u00eate partout sur<br \/>\nInternet et mes enfants liront un jour toute cette m*rde.<br \/>\n<strong>Il para\u00eet que j\u2019\u00e9tais insupportable, toxique,<br \/>\nmauvaise.<\/strong> Il m\u2019aurait quitt\u00e9e, je l\u2019aurais quitt\u00e9 pour un<br \/>\nautre plus riche. Je serais un volcan de mauvais caract\u00e8re. Un<br \/>\ntsunami de malheur. La v\u00e9rit\u00e9 : on va tr\u00e8s bien, m\u00eame trop<br \/>\npour certains\u00a0\u00bb, a premi\u00e8rement \u00e9crit Hapsatou Sy.<\/p>\n<p>\u00ab\u00a0Internet m\u2019apprend que je pleure matin, midi, soir, donc\u2026<br \/>\n<strong>C\u2019est gentil Internet, merci de m\u2019en informer.<\/strong> [\u2026]<br \/>\nMa t\u00eate est partout sur Internet. Pourtant, je n\u2019ai rien demand\u00e9,<br \/>\nmais bon\u2026 Puisqu\u2019on m\u2019invente des vies, autant vous offrir une<br \/>\nversion comment\u00e9e, sarcasme inclus\u00a0\u00bb, a \u00e9galement ajout\u00e9<br \/>\nl&rsquo;ancienne compagne de Vincent Cerutti.<\/p>\n<p><script async src=\"\/\/www.instagram.com\/embed.js\"><\/script><\/p>\n","protected":false},"excerpt":{"rendered":"R\u00e9v\u00e9l\u00e9 au grand public en 2011. Vincent Cerutti avait \u00e9t\u00e9 recrut\u00e9 par TF1 pour pr\u00e9senter l&rsquo;\u00e9mission Danse avec&hellip;\n","protected":false},"author":2,"featured_media":599742,"comment_status":"","ping_status":"","sticky":false,"template":"","format":"standard","meta":{"footnotes":""},"categories":[1359],"tags":[21303,58,59,1011,27,70426,973],"class_list":{"0":"post-599741","1":"post","2":"type-post","3":"status-publish","4":"format-standard","5":"has-post-thumbnail","7":"category-people","8":"tag-buzz_nonli","9":"tag-divertissement","10":"tag-entertainment","11":"tag-fr","12":"tag-france","13":"tag-marfeel_news","14":"tag-people"},"share_on_mastodon":{"url":"https:\/\/pubeurope.com\/@fr\/115720779496306897","error":""},"_links":{"self":[{"href":"https:\/\/www.europesays.com\/fr\/wp-json\/wp\/v2\/posts\/599741","targetHints":{"allow":["GET"]}}],"collection":[{"href":"https:\/\/www.europesays.com\/fr\/wp-json\/wp\/v2\/posts"}],"about":[{"href":"https:\/\/www.europesays.com\/fr\/wp-json\/wp\/v2\/types\/post"}],"author":[{"embeddable":true,"href":"https:\/\/www.europesays.com\/fr\/wp-json\/wp\/v2\/users\/2"}],"replies":[{"embeddable":true,"href":"https:\/\/www.europesays.com\/fr\/wp-json\/wp\/v2\/comments?post=599741"}],"version-history":[{"count":0,"href":"https:\/\/www.europesays.com\/fr\/wp-json\/wp\/v2\/posts\/599741\/revisions"}],"wp:featuredmedia":[{"embeddable":true,"href":"https:\/\/www.europesays.com\/fr\/wp-json\/wp\/v2\/media\/599742"}],"wp:attachment":[{"href":"https:\/\/www.europesays.com\/fr\/wp-json\/wp\/v2\/media?parent=599741"}],"wp:term":[{"taxonomy":"category","embeddable":true,"href":"https:\/\/www.europesays.com\/fr\/wp-json\/wp\/v2\/categories?post=599741"},{"taxonomy":"post_tag","embeddable":true,"href":"https:\/\/www.europesays.com\/fr\/wp-json\/wp\/v2\/tags?post=599741"}],"curies":[{"name":"wp","href":"https:\/\/api.w.org\/{rel}","templated":true}]}}