{"id":599757,"date":"2025-12-15T00:43:16","date_gmt":"2025-12-15T00:43:16","guid":{"rendered":"https:\/\/www.europesays.com\/fr\/599757\/"},"modified":"2025-12-15T00:43:16","modified_gmt":"2025-12-15T00:43:16","slug":"les-suedois-lutilisent-en-hiver-et-ne-prennent-jamais-de-poids-cette-technique-insolite-est-devenue-le-nouveau-regime","status":"publish","type":"post","link":"https:\/\/www.europesays.com\/fr\/599757\/","title":{"rendered":"Les Su\u00e9dois l&rsquo;utilisent en hiver et ne prennent jamais de poids : cette technique insolite est devenue LE nouveau r\u00e9gime"},"content":{"rendered":"<p>Dans les rues glac\u00e9es de Stockholm, pendant que la France s&rsquo;appr\u00eate \u00e0 profiter des f\u00eates et que l&rsquo;hiver impose sa griffe sur le thermom\u00e8tre, un myst\u00e8re intrigue nos voisins du Nord. Tandis que beaucoup redoutent en cette saison la tentation des plats r\u00e9confortants et la bataille contre les kilos hivernaux, les Su\u00e9dois semblent \u00e9trangement \u00e9pargn\u00e9s par ces fluctuations. Leur secret ? Une m\u00e9thode simple, presque insolite, qui fait parler d&rsquo;elle jusque dans l&rsquo;Hexagone. Alors, faut-il vraiment abandonner les r\u00e9gimes traditionnels et allumer la lumi\u00e8re pour r\u00e9guler son app\u00e9tit en plein hiver ? Le point sur cette tendance qui illumine d\u00e9j\u00e0 la Scandinavie.<\/p>\n<p> Et si le soleil se cachait\u2026 la silhouette aussi ?<br \/>\nLes effets sournois de l&rsquo;hiver sur notre poids : entre fringales et ralentissement<\/p>\n<p>\u00c0 la mi-d\u00e9cembre, alors que la lumi\u00e8re naturelle se fait rare et que les <a href=\"https:\/\/journaldesseniors.20minutes.fr\/sante\/comment-stopper-rapidement-et-naturellement-un-debut-de-rhume-faites-ces-quelques-gestes-des-les-premiers-symptomes\/\" target=\"_blank\" rel=\"noopener\">temp\u00e9ratures baissent<\/a>, nombreux sont les Fran\u00e7ais qui constatent une prise de poids discr\u00e8te mais r\u00e9guli\u00e8re. <strong>L&rsquo;<a href=\"https:\/\/journaldesseniors.20minutes.fr\/sante\/ce-fromage-est-le-remede-inattendu-pour-sauver-votre-foie-fatigue-et-booster-votre-sante-globale\/\" target=\"_blank\" rel=\"noopener\">envie de plats copieux<\/a> et sucr\u00e9s se fait sentir<\/strong>, le moral vacille, et l&rsquo;activit\u00e9 physique passe souvent au second plan. En cause, une conjonction de facteurs : fringales incontr\u00f4lables, d\u00e9sir d&rsquo;aliments gras ou sucr\u00e9s, fatigue plus marqu\u00e9e. Selon des chiffres r\u00e9cents issus d&rsquo;enqu\u00eates nationales, pr\u00e8s de 60 % des Fran\u00e7ais reconnaissent prendre entre 1 et 3 kilos durant la saison froide.<\/p>\n<p>L&rsquo;exemple su\u00e9dois : comment un pays nordique fait mentir les statistiques<\/p>\n<p>Pourtant, dans un pays o\u00f9 la nuit tombe d\u00e8s quinze heures en hiver, les Su\u00e9dois d\u00e9fient les probabilit\u00e9s. L\u00e0-bas, les variations de poids saisonni\u00e8res sont bien plus faibles qu&rsquo;ailleurs en Europe. Ce paradoxe fascine et interroge : <strong>qu&rsquo;ont-ils modifi\u00e9 dans leurs habitudes pour r\u00e9sister \u00e0 la tentation du r\u00e9frig\u00e9rateur quand l&rsquo;obscurit\u00e9 s&rsquo;installe<\/strong> ?<\/p>\n<p> La r\u00e9v\u00e9lation scientifique qui \u00e9claire l&rsquo;hiver<br \/>\nLumi\u00e8re blanche intense : ce que r\u00e9v\u00e8le une \u00e9tude scandinave<\/p>\n<p>La r\u00e9ponse pourrait bien venir\u2026 d&rsquo;un interrupteur. Ces derni\u00e8res ann\u00e9es, un nouvel usage s&rsquo;est impos\u00e9 en Su\u00e8de, et commence \u00e0 s\u00e9duire au-del\u00e0 des fronti\u00e8res : <strong>l&rsquo;exposition quotidienne \u00e0 une lumi\u00e8re blanche intense pendant trente minutes d\u00e8s le matin<\/strong>. Cette technique, jadis r\u00e9serv\u00e9e aux cabinets m\u00e9dicaux, s&rsquo;installe maintenant dans de nombreux foyers, particuli\u00e8rement en plein hiver.<\/p>\n<p>18 % de kilos en moins : le chiffre qui intrigue les nutritionnistes<\/p>\n<p>La cl\u00e9 ? <strong>Une baisse de 18 % de la prise de poids saisonni\u00e8re chez les personnes adoptant ce rituel lumineux<\/strong>. Ce constat intrigant bouscule les id\u00e9es re\u00e7ues, et apporte un souffle nouveau \u00e0 ceux qui cherchent une approche diff\u00e9rente du contr\u00f4le du poids. Ce gain n&rsquo;a rien de magique : il s&rsquo;appuie sur des m\u00e9canismes biologiques bien identifi\u00e9s, et commence \u00e0 convaincre nutritionnistes et amateurs de bien-\u00eatre partout en Europe.<\/p>\n<p>Lumi\u00e8re sur la biologie : quand les hormones de l&rsquo;app\u00e9tit s&rsquo;affolent<br \/>\nPourquoi on mange plus quand il fait sombre : d\u00e9cryptage de la leptine et de la ghr\u00e9line<\/p>\n<p>En hiver, la diminution de la luminosit\u00e9 perturbe la r\u00e9gulation hormonale : <strong>la leptine (hormone qui r\u00e9duit l&rsquo;app\u00e9tit)<\/strong> et <strong>la ghr\u00e9line (hormone qui stimule la faim)<\/strong> voient leurs niveaux se d\u00e9s\u00e9quilibrer. R\u00e9sultat : <strong>nous ressentons plus fr\u00e9quemment la faim, nous pr\u00eatons moins attention aux portions, et l&rsquo;organisme stocke davantage<\/strong>. Ce ph\u00e9nom\u00e8ne touche de nombreux Fran\u00e7ais, surtout \u00e0 l&rsquo;approche des f\u00eates, o\u00f9 l&rsquo;\u00e9quilibre alimentaire est d\u00e9j\u00e0 mis \u00e0 rude \u00e9preuve.<\/p>\n<p>La lumi\u00e8re, chef d&rsquo;orchestre insoup\u00e7onn\u00e9 de notre m\u00e9tabolisme<\/p>\n<p>La particularit\u00e9 de la m\u00e9thode su\u00e9doise, c&rsquo;est qu&rsquo;elle influe directement sur cet \u00e9quilibre hormonal. <strong>S&rsquo;exposer \u00e0 une lumi\u00e8re blanche intense au bon moment r\u00e9tablit la synchronisation du rythme biologique<\/strong>, r\u00e9gulant ainsi l&rsquo;alternance veille-sommeil et la sensation de sati\u00e9t\u00e9. Cette intervention douce sur l&rsquo;horloge interne pourrait expliquer pourquoi les habitants de Su\u00e8de sont moins sujets aux fringales durant les mois les plus sombres.<\/p>\n<p>Mode d&#8217;emploi du r\u00e9gime des Su\u00e9dois : allumer la lumi\u00e8re, pas les fourneaux<br \/>\n Comment s&rsquo;exposer efficacement \u00e0 la lumi\u00e8re blanche le matin<\/p>\n<p>Envie de tenter l&rsquo;exp\u00e9rience ? <strong>Le matin, d\u00e8s le r\u00e9veil, installez-vous pr\u00e8s d&rsquo;une lampe sp\u00e9cialement con\u00e7ue<\/strong> pour la luminoth\u00e9rapie, de type \u00ab pleine lumi\u00e8re \u00bb, d&rsquo;une intensit\u00e9 minimale de 10 000 lux. L&rsquo;exposition, pendant une demi-heure, doit id\u00e9alement avoir lieu entre 7 h et 9 h, moment o\u00f9 notre organisme est le plus r\u00e9ceptif \u00e0 la stimulation lumineuse. <strong>Vous pouvez lire, prendre votre petit-d\u00e9jeuner ou vous d\u00e9tendre tout en b\u00e9n\u00e9ficiant des effets positifs<\/strong> de cette m\u00e9thode.<\/p>\n<p> Erreurs \u00e0 \u00e9viter pour ne pas transformer sa chambre en bo\u00eete de nuit<\/p>\n<p><strong>L&rsquo;intensit\u00e9 et le type de lumi\u00e8re sont essentiels<\/strong>. N&rsquo;utilisez pas n&rsquo;importe quelle ampoule : \u00e9vitez les lumi\u00e8res color\u00e9es ou tamis\u00e9es, qui n&rsquo;apportent aucun b\u00e9n\u00e9fice m\u00e9tabolique. Il n&rsquo;est pas question non plus d&rsquo;\u00e9clairer sa chambre toute la nuit : l&rsquo;effet recherch\u00e9 ne se produit qu&rsquo;en d\u00e9but de journ\u00e9e et uniquement sur une p\u00e9riode limit\u00e9e. Mieux vaut investir dans un appareil adapt\u00e9, sans se laisser tenter par les gadgets luminescents inefficaces.<\/p>\n<p> Peut-on adopter cette technique en France ? T\u00e9moignages et pr\u00e9cautions<br \/>\n Ce qu&rsquo;en disent les premiers Fran\u00e7ais s\u00e9duits par le \u00ab light eating \u00bb<\/p>\n<p>Les premiers retours sont prometteurs : parmi les Fran\u00e7ais ayant test\u00e9 cette m\u00e9thode, la plupart \u00e9voquent <strong>une diminution des pulsions sucr\u00e9es<\/strong>, une meilleure humeur le matin, et parfois une perte de poids sur la dur\u00e9e. <strong>Pour de nombreux seniors, cette pratique est devenue un rituel hivernal, nettement plus agr\u00e9able qu&rsquo;un \u00e9ni\u00e8me r\u00e9gime restrictif<\/strong>.<\/p>\n<p> Y a-t-il des contre-indications ? L&rsquo;avis des m\u00e9decins<\/p>\n<p>L&rsquo;exposition \u00e0 la lumi\u00e8re blanche intense <strong>ne convient pas \u00e0 tout le monde<\/strong>. Les personnes souffrant de maladies oculaires ou suivant certains traitements m\u00e9dicaux doivent demander conseil \u00e0 leur m\u00e9decin avant de commencer. Il est \u00e9galement recommand\u00e9 de choisir un \u00e9quipement certifi\u00e9 pour \u00e9viter tout risque d&rsquo;\u00e9blouissement ou de fatigue visuelle. <strong>Soyez attentifs aux signaux d&rsquo;alerte comme les rougeurs oculaires, les maux de t\u00eate ou toute sensation inhabituelle<\/strong>.<\/p>\n<p>R\u00e9veiller ses journ\u00e9es, all\u00e9ger sa silhouette : et apr\u00e8s ?<br \/>\n Ce que nous enseigne l&rsquo;exp\u00e9rience su\u00e9doise sur la pr\u00e9vention du surpoids<\/p>\n<p>L&rsquo;approche su\u00e9doise rappelle que <strong>pr\u00e9venir la prise de poids saisonni\u00e8re ne passe pas uniquement par l&rsquo;alimentation<\/strong>. Agir sur l&rsquo;environnement lumineux, synchroniser ses rythmes biologiques, \u00eatre attentif aux signaux de son corps : voil\u00e0 des leviers concrets et naturels, accessibles \u00e0 tous, qui m\u00e9ritent d&rsquo;\u00eatre explor\u00e9s davantage.<\/p>\n<p> Conseils pratiques pour prolonger les effets lumineux et garder la ligne toute l&rsquo;ann\u00e9e<\/p>\n<ul>\n<li><strong>Privil\u00e9gier la lumi\u00e8re naturelle d\u00e8s que possible<\/strong>, par de courtes promenades \u00e0 l&rsquo;ext\u00e9rieur, m\u00eame en hiver.<\/li>\n<li><strong>Maintenir une routine de sommeil r\u00e9guli\u00e8re<\/strong>, car un bon repos soutient la r\u00e9gulation de l&rsquo;app\u00e9tit.<\/li>\n<li><strong>Adapter la quantit\u00e9 d&rsquo;aliments riches en sucre et en gras<\/strong> en restant vigilant sur les portions durant les p\u00e9riodes sensibles.<\/li>\n<li><strong>Continuer l&rsquo;exposition matinale \u00e0 la lumi\u00e8re blanche<\/strong> de d\u00e9cembre \u00e0 mars, pour contrer la morosit\u00e9 et les fringales.<\/li>\n<\/ul>\n<p>Alors que l&rsquo;hiver s&rsquo;installe et que les envies de douceur font fr\u00e9mir la balance, une simple exposition quotidienne \u00e0 la lumi\u00e8re blanche pourrait bien changer la donne. La m\u00e9thode su\u00e9doise s\u00e9duit par sa simplicit\u00e9 et nous invite \u00e0 repenser nos habitudes quotidiennes pour pr\u00e9server notre bien-\u00eatre, tout en all\u00e9geant nos efforts. Peut-\u00eatre est-il temps cette ann\u00e9e d&rsquo;allumer la lumi\u00e8re pour maintenir notre silhouette, m\u00eame quand les journ\u00e9es raccourcissent.<\/p>\n","protected":false},"excerpt":{"rendered":"Dans les rues glac\u00e9es de Stockholm, pendant que la France s&rsquo;appr\u00eate \u00e0 profiter des f\u00eates et que l&rsquo;hiver&hellip;\n","protected":false},"author":2,"featured_media":599758,"comment_status":"","ping_status":"","sticky":false,"template":"","format":"standard","meta":{"footnotes":""},"categories":[7],"tags":[1011,27,56,43,40,41,39,42,44],"class_list":{"0":"post-599757","1":"post","2":"type-post","3":"status-publish","4":"format-standard","5":"has-post-thumbnail","7":"category-sciences-et-technologies","8":"tag-fr","9":"tag-france","10":"tag-push","11":"tag-science","12":"tag-science-and-technology","13":"tag-sciences","14":"tag-sciences-et-technologies","15":"tag-technologies","16":"tag-technology"},"share_on_mastodon":{"url":"https:\/\/pubeurope.com\/@fr\/115720815013731793","error":""},"_links":{"self":[{"href":"https:\/\/www.europesays.com\/fr\/wp-json\/wp\/v2\/posts\/599757","targetHints":{"allow":["GET"]}}],"collection":[{"href":"https:\/\/www.europesays.com\/fr\/wp-json\/wp\/v2\/posts"}],"about":[{"href":"https:\/\/www.europesays.com\/fr\/wp-json\/wp\/v2\/types\/post"}],"author":[{"embeddable":true,"href":"https:\/\/www.europesays.com\/fr\/wp-json\/wp\/v2\/users\/2"}],"replies":[{"embeddable":true,"href":"https:\/\/www.europesays.com\/fr\/wp-json\/wp\/v2\/comments?post=599757"}],"version-history":[{"count":0,"href":"https:\/\/www.europesays.com\/fr\/wp-json\/wp\/v2\/posts\/599757\/revisions"}],"wp:featuredmedia":[{"embeddable":true,"href":"https:\/\/www.europesays.com\/fr\/wp-json\/wp\/v2\/media\/599758"}],"wp:attachment":[{"href":"https:\/\/www.europesays.com\/fr\/wp-json\/wp\/v2\/media?parent=599757"}],"wp:term":[{"taxonomy":"category","embeddable":true,"href":"https:\/\/www.europesays.com\/fr\/wp-json\/wp\/v2\/categories?post=599757"},{"taxonomy":"post_tag","embeddable":true,"href":"https:\/\/www.europesays.com\/fr\/wp-json\/wp\/v2\/tags?post=599757"}],"curies":[{"name":"wp","href":"https:\/\/api.w.org\/{rel}","templated":true}]}}