{"id":59976,"date":"2025-04-28T19:12:09","date_gmt":"2025-04-28T19:12:09","guid":{"rendered":"https:\/\/www.europesays.com\/fr\/59976\/"},"modified":"2025-04-28T19:12:09","modified_gmt":"2025-04-28T19:12:09","slug":"en-direct-panne-delectricite-massive-lespagne-declare-letat-durgence-liberation","status":"publish","type":"post","link":"https:\/\/www.europesays.com\/fr\/59976\/","title":{"rendered":"EN DIRECT &#8211; Panne d\u2019\u00e9lectricit\u00e9 massive\u00a0: l\u2019Espagne d\u00e9clare l\u2019\u00e9tat d\u2019urgence \u2013 Lib\u00e9ration"},"content":{"rendered":"<p class=\"sc-ksZaOG ehjQrN text-element\"><b>\u00abAu bout de vingt minutes, j\u2019ai commenc\u00e9 \u00e0 trouver cela bizarre\u00bb<\/b>. \u00abL\u00e0 je viens d\u2019arriver devant l\u2019\u00e9cole de mon fils. Les feux de circulation ne fonctionnent plus, le trajet \u00e9tait vraiment chaotique\u00bb. Na\u00efra vit \u00e0 Logro\u00f1o, la capitale de la Rioja, une r\u00e9gion situ\u00e9e au sud du Pays basque, en Espagne. Vers midi et demi, les lumi\u00e8res de sa maison s\u2019\u00e9teignent d\u2019un coup. Elle ne s\u2019alarme pas tout de suite. \u00abAu bout de vingt minutes, j\u2019ai commenc\u00e9 \u00e0 trouver cela bizarre. Et puis, je devais emmener mon chat chez le v\u00e9t\u00e9rinaire, mais je ne pouvais pas ouvrir la porte du garage. J\u2019ai essay\u00e9 de joindre le cabinet, sans succ\u00e8s\u00bb. La jeune femme commence \u00e0 s\u2019inqui\u00e9ter. \u00abJe suis sortie de chez moi, pour voir si ma maison \u00e9tait la seule touch\u00e9e, mais ma voisine m\u2019a dit que c\u2019\u00e9tait le cas pour tout le monde\u00bb. Tant pis pour le rendez-vous du chat, mais cette m\u00e8re de quatre enfants doit tout de m\u00eame aller les chercher \u00e0 l\u2019\u00e9cole. \u00abJ\u2019ai essay\u00e9 de chercher des tutos sur Internet pour ouvrir la porte, mais Internet ne fonctionne pas non plus\u00bb. Finalement, elle trouve la commande manuelle de la porte. Dans sa voiture, elle a une bonne surprise. La radio fonctionne, elle peut enfin avoir des informations. \u00abApparemment, tout le pays est touch\u00e9. M\u00eame l\u2019h\u00f4pital fonctionne sur ses g\u00e9n\u00e9rateurs de secours, c\u2019est vraiment incroyable\u00bb. Les infos disent que la panne devrait durer six \u00e0 dix heures. Na\u00efra a d\u00e9j\u00e0 pr\u00e9par\u00e9 les bougies pour une soir\u00e9e aux chandelles. Par Olivier Monod.<\/p>\n","protected":false},"excerpt":{"rendered":"\u00abAu bout de vingt minutes, j\u2019ai commenc\u00e9 \u00e0 trouver cela bizarre\u00bb. \u00abL\u00e0 je viens d\u2019arriver devant l\u2019\u00e9cole de&hellip;\n","protected":false},"author":2,"featured_media":59977,"comment_status":"","ping_status":"","sticky":false,"template":"","format":"standard","meta":{"footnotes":""},"categories":[2],"tags":[11,893,123,1011,27,12,6996,25],"class_list":{"0":"post-59976","1":"post","2":"type-post","3":"status-publish","4":"format-standard","5":"has-post-thumbnail","7":"category-actualites","8":"tag-actualites","9":"tag-energie","10":"tag-espagne","11":"tag-fr","12":"tag-france","13":"tag-news","14":"tag-portugal","15":"tag-republique-francaise"},"share_on_mastodon":{"url":"https:\/\/pubeurope.com\/@fr\/114417181885703105","error":""},"_links":{"self":[{"href":"https:\/\/www.europesays.com\/fr\/wp-json\/wp\/v2\/posts\/59976","targetHints":{"allow":["GET"]}}],"collection":[{"href":"https:\/\/www.europesays.com\/fr\/wp-json\/wp\/v2\/posts"}],"about":[{"href":"https:\/\/www.europesays.com\/fr\/wp-json\/wp\/v2\/types\/post"}],"author":[{"embeddable":true,"href":"https:\/\/www.europesays.com\/fr\/wp-json\/wp\/v2\/users\/2"}],"replies":[{"embeddable":true,"href":"https:\/\/www.europesays.com\/fr\/wp-json\/wp\/v2\/comments?post=59976"}],"version-history":[{"count":0,"href":"https:\/\/www.europesays.com\/fr\/wp-json\/wp\/v2\/posts\/59976\/revisions"}],"wp:featuredmedia":[{"embeddable":true,"href":"https:\/\/www.europesays.com\/fr\/wp-json\/wp\/v2\/media\/59977"}],"wp:attachment":[{"href":"https:\/\/www.europesays.com\/fr\/wp-json\/wp\/v2\/media?parent=59976"}],"wp:term":[{"taxonomy":"category","embeddable":true,"href":"https:\/\/www.europesays.com\/fr\/wp-json\/wp\/v2\/categories?post=59976"},{"taxonomy":"post_tag","embeddable":true,"href":"https:\/\/www.europesays.com\/fr\/wp-json\/wp\/v2\/tags?post=59976"}],"curies":[{"name":"wp","href":"https:\/\/api.w.org\/{rel}","templated":true}]}}