{"id":599762,"date":"2025-12-15T00:46:13","date_gmt":"2025-12-15T00:46:13","guid":{"rendered":"https:\/\/www.europesays.com\/fr\/599762\/"},"modified":"2025-12-15T00:46:13","modified_gmt":"2025-12-15T00:46:13","slug":"un-ambulancier-condamne-pour-agression-sexuelle-a-lehpad-de-martinvast","status":"publish","type":"post","link":"https:\/\/www.europesays.com\/fr\/599762\/","title":{"rendered":"Un ambulancier condamn\u00e9 pour agression sexuelle \u00e0 l\u2019Ehpad de Martinvast"},"content":{"rendered":"<p>                    Par<br \/>\n        <strong><br \/>\n            <a href=\"https:\/\/actu.fr\/auteur\/ludivine-laniepce\" title=\"Consulter tous les articles de Ludivine Laniepce\" target=\"_blank\" rel=\"noopener\">Ludivine Laniepce<\/a><br \/>\n                    <\/strong><\/p>\n<p>        Publi\u00e9 le<\/p>\n<p>            14 d\u00e9c. 2025 \u00e0 18h56        <\/p>\n<p>C\u2019est une audience longue \u2013 elle aura dur\u00e9 <b>6\u2009h\u200930 <\/b>-, et d\u00e9licate qui s\u2019est tenue au tribunal correctionnel de <a href=\"https:\/\/actu.fr\/normandie\/cherbourg-en-cotentin_50129\" target=\"_blank\" rel=\"noopener\">Cherbourg<\/a> (<a href=\"https:\/\/actu.fr\/normandie\/manche_50\" target=\"_blank\" rel=\"noopener\">Manche<\/a>) dans la soir\u00e9e du 9\u00a0d\u00e9cembre 2025. \u00c0 la barre, Charles*, un ex-ambulancier aujourd\u2019hui \u00e2g\u00e9 de <b>59\u00a0ans<\/b>, comparaissait pour <b>agression sexuelle sur une r\u00e9sidente de l\u2019Ehpad de Martinvast.<\/b><\/p>\n<p class=\" wall-content\">La victime, que nous appellerons Catherine*, est \u00e0 cette \u00e9poque \u00e2g\u00e9e de <b>66\u00a0ans. Plac\u00e9e sous tutelle, <\/b>elle est invalide \u00e0 80\u2009% et sous protection depuis 1983. Elle est d\u00e9crite, avant les faits, comme \u00ab\u2009gaie\u2009\u00bb, \u00ab\u2009joyeuse\u2009\u00bb et \u00ab\u2009agr\u00e9able\u2009\u00bb, mais aussi \u00ab\u2009enfantine\u2009\u00bb au regard de son retard mental.<\/p>\n<p class=\" wall-content\">La pr\u00e9sidente pr\u00e9cise d\u2019embl\u00e9e\u2009: \u00ab\u2009Elle a certes des difficult\u00e9s \u00e0 organiser son discours, mais sa connaissance de la sexualit\u00e9 est <b>tr\u00e8s r\u00e9duite.\u2009<\/b>\u00bb Son ancienne tutrice et sa tutrice actuelle <b>le confirment\u2009: <\/b>\u00ab\u2009Elle n\u2019a jamais exprim\u00e9 de sentiment amoureux.\u2009\u00bb<\/p>\n<p>Un curieux cadeau<\/p>\n<p class=\" wall-content\"><b>Le 15\u00a0f\u00e9vrier 2023,<\/b> en fin d\u2019apr\u00e8s-midi, Charles, qui ne travaille pas mais qui porte sa tenue d\u2019ambulancier, lui rend visite dans la salle d\u2019animation de la maison de retraite. Il lui remet son \u00ab\u2009cadeau d\u2019anniversaire\u2009\u00bb, \u00e0 savoir <b>une chemise de nuit rose en nylon.<\/b><\/p>\n<p class=\" wall-content\">Le lendemain matin, Catherine appelle sa tutrice car ce curieux pr\u00e9sent la met tr\u00e8s mal \u00e0 l\u2019aise. Dans la journ\u00e9e, le personnel soignant constate \u00e0 son tour que son comportement est inhabituel. Pire\u2009: Catherine <b>saigne au niveau de l\u2019entrejambe.<\/b><\/p>\n<p class=\" wall-content\">\u00c0 partir de l\u00e0, elle parvient \u00e0 expliquer que l\u2019homme qui lui a offert cette chemise de nuit est<b> revenu plus tard,<\/b> apr\u00e8s le repas, mais cette fois dans sa chambre. Elle d\u00e9crit des <b>caresses<\/b>, indique qu\u2019il s\u2019est couch\u00e9 sur elle, qu\u2019il a retir\u00e9 son pantalon, qu\u2019il l\u2019a <b>p\u00e9n\u00e9tr\u00e9e avec ses doigts<\/b> et qu\u2019elle a, selon ses mots, vu \u00ab<b>\u2009du pus sortir de son zizi\u2009<\/b>\u00bb.<\/p>\n<p class=\" wall-content\">Les tutrices sont<b> formelles\u2009:<\/b> \u00ab\u2009Elle n\u2019a pas pu inventer tout \u00e7a.\u2009\u00bb L\u2019homme aurait ensuite quitt\u00e9 la chambre <b>par la fen\u00eatre.<\/b> Catherine est examin\u00e9e \u00e0 l\u2019unit\u00e9 m\u00e9dico-judiciaire et d\u00e9pose<b> plainte. <\/b>L\u2019examen gyn\u00e9cologique met en lumi\u00e8re des saignements, des irritations et des l\u00e9sions <b>r\u00e9cents.<\/b><\/p>\n<p>Travestisme et f\u00e9tichisme<\/p>\n<p class=\" wall-content\">Les enqu\u00eateurs identifient Charles comme \u00e9tant l\u2019homme d\u00e9sign\u00e9 par Catherine. Oui, il est venu lui offrir un cadeau. Non, il n\u2019est pas revenu plus tard.<\/p>\n<p>Votre r\u00e9gion, votre actu !<\/p>\n<p>Recevez chaque jour les infos qui comptent pour vous.<\/p>\n<p>\t<a href=\"https:\/\/actu.fr\/newsletter\" class=\"ac-btn ac-btn--corner ac-btn--medium ac-btn--blue800\" target=\"_blank\" rel=\"noopener\">S&rsquo;incrire<\/a><\/p>\n<blockquote class=\"ac-article-quote wall-content\">\n<p>Je ne comprends pas. Je ne lui ai rien fait\u2009! J\u2019ai tendance \u00e0 la croire. Elle a subi une agression sexuelle, mais ce n\u2019est pas moi\u2009!<\/p>\n<p>Charles, le pr\u00e9venu, \u00e0 la barre<\/p><\/blockquote>\n<p class=\" wall-content\">Qui est donc cet homme de taille et de corpulence moyennes et \u00e0 l\u2019air penaud\u2009?<b> Ambulancier, mari\u00e9, sans enfants,<\/b> il est d\u00e9crit comme \u00ab\u2009aidant\u2009\u00bb et \u00ab\u2009bienveillant\u2009\u00bb, bien qu\u2019un peu \u00ab\u2009simplet\u2009\u00bb et \u00ab\u2009na\u00eff\u2009\u00bb, par ses coll\u00e8gues.<\/p>\n<p class=\" wall-content\">Pourtant, lors de leurs perquisitions, les enqu\u00eateurs vont r\u00e9v\u00e9ler ses activit\u00e9s solitaires, embarrassantes certes, mais pas ill\u00e9gales pour autant. Dans sa voiture et dans le cabanon d\u2019un terrain qu\u2019il entretient, <b>ils retrouvent<\/b> d\u2019innombrables sous-v\u00eatements f\u00e9minins de tr\u00e8s grande taille, des ballons de baudruche en guise de faux seins, des objets \u00e0 caract\u00e8re sexuel, un lit m\u00e9dicalis\u00e9\u2026 \u00ab\u2009Vous aimez vous travestir en femme, relate la pr\u00e9sidente. Vous aimez vous prendre <b>en photo ou vous filmer ainsi travesti et vous vous masturbez.<\/b>\u2009\u00bb L\u2019homme confirme.<\/p>\n<p class=\" wall-content\">L\u2019exploitation de son ordinateur <b>met en lumi\u00e8re de nombreuses images<\/b> de femmes \u00e0 tr\u00e8s forte poitrine, des films pornographiques et des recherches en ligne sans \u00e9quivoque. \u00ab\u2009Je souffre de travestisme \u00e0 caract\u00e8re f\u00e9tichiste, d\u00e9clare-t-il. Les grosses poitrines m\u2019attirent et m\u2019apaisent.\u2009\u00bb<\/p>\n<p>\u00ab\u2009Passionn\u00e9 par les v\u00eatements f\u00e9minins\u2009\u00bb depuis ses \u00ab\u200910\/11\u00a0ans\u2009\u00bb<\/p>\n<p class=\" wall-content\">La pr\u00e9sidente, qui demande alors qu\u2019une photo de Catherine soit projet\u00e9e \u00e0 l\u2019\u00e9cran, l\u2019interroge\u2009: \u00ab\u2009Vous reconnaissez que la victime correspond, objectivement, au type de poitrines que vous mettez vous-m\u00eame\u2009?\u2009\u00bb<\/p>\n<p class=\" wall-content\"><b>Il acquiesce.<\/b> \u00ab\u2009Je n\u2019ai pas pens\u00e9 que ce cadeau allait d\u00e9clencher tout \u00e7a, assure-t-il. Je l\u2019ai fait car les personnes manquent de chemises de nuit dans les Ehpad. Je lui ai offert sans aucune arri\u00e8re-pens\u00e9e.\u2009\u00bb<\/p>\n<p class=\" wall-content\">Catherine\u2009? Il dit l\u2019avoir transport\u00e9e<b> \u00e0 plusieurs reprises<\/b> et n\u2019\u00eatre venu la voir que deux fois, certes sans vraiment la conna\u00eetre. \u00ab\u2009Elle \u00e9tait souriante, je pensais qu\u2019elle me reconnaissait, poursuit-il. Mais je n\u2019ai pas d\u2019attirance pour elle.\u2009\u00bb<\/p>\n<p class=\" wall-content\">Les expertises de Charles rapportent que ce natif de Cherbourg a perdu sa m\u00e8re \u00e0 l\u2019\u00e2ge de 6\u00a0ans, puis son p\u00e8re. Des carences, quelques \u00ab\u2009moqueries\u2009\u00bb \u00e0 l\u2019\u00e9cole, un CAP de boulanger, le service militaire, quelques menus larcins\u2026 Il devient ensuite ambulancier, une carri\u00e8re qui le stabilise. \u00ab\u2009Timide\u2009\u00bb et \u00ab\u2009pudique\u2009\u00bb, il reconna\u00eet \u00eatre <b>\u00ab\u2009passionn\u00e9 par les v\u00eatements f\u00e9minins\u2009\u00bb depuis ses \u00ab\u200910\/11\u00a0ans\u2009\u00bb.<\/b><\/p>\n<p>\u00ab\u2009Ses blessures sont compatibles avec les faits qu\u2019elle d\u00e9nonce\u2009\u00bb<\/p>\n<p class=\" wall-content\">Les experts ne rel\u00e8vent<b> ni maladie mentale ni abolition ou alt\u00e9ration<\/b> de son discernement. Il n\u2019a aucun ant\u00e9c\u00e9dent. <b>Son casier est vierge.<\/b> Aucune autre victime n\u2019a par ailleurs \u00e9t\u00e9 identifi\u00e9e par les enqu\u00eateurs.<\/p>\n<p class=\" wall-content\">Ma\u00eetre Desrues, qui repr\u00e9sente Catherine et sa tutrice, ironise\u2009: \u00ab\u2009Il clame son innocence\u2026 bien s\u00fbr. Il risque de perdre sa femme, son travail et ses relations. Le Cotentin, ce n\u2019est pas bien grand. Il est dans une fuite en avant pour garder la face. Ce serait une bien f\u00e2cheuse co\u00efncidence qui lui serait tomb\u00e9e dessus\u2009! <b>Catherine colle physiquement avec les femmes qu\u2019il recherche.<\/b> Aucun saignement n\u2019avait jamais \u00e9t\u00e9 constat\u00e9 avant. C\u2019est un homme qui est parvenu \u00e0 ma\u00eetriser sa perversion sexuelle dans le champ de sa vie intime pendant des ann\u00e9es. Ce n\u2019est pas ill\u00e9gal. Mais \u00e7a a pris de plus en plus de place. Et un jour, les circonstances ont \u00e9t\u00e9 favorables pour lui et il est pass\u00e9 \u00e0 l\u2019acte. Catherine, elle, n\u2019a pas cette capacit\u00e9 d\u2019\u00e9laborer tout \u00e7a et ses blessures sont <b>compatibles avec les faits qu\u2019elle d\u00e9nonce.<\/b>\u2009\u00bb<\/p>\n<p class=\" wall-content\">Pour le minist\u00e8re public, les \u00e9l\u00e9ments du dossier <b>d\u00e9montrent<\/b> \u00ab\u2009la mat\u00e9rialit\u00e9 d\u2019une agression sexuelle\u2009\u00bb. La procureure, qui demande une requalification des faits en agression sexuelle sur personne vuln\u00e9rable ayant entra\u00een\u00e9 des l\u00e9sions, requiert une peine de 5\u00a0ans d\u2019emprisonnement avec mandat de d\u00e9p\u00f4t.<\/p>\n<p>Aucune empreinte<\/p>\n<p class=\" wall-content\">D\u00e9sormais assis sur son banc, Charles est vo\u00fbt\u00e9, pour ne pas dire \u00e9cras\u00e9. \u00ab\u2009L\u2019expert ne rel\u00e8ve aucune dangerosit\u00e9 criminologique, d\u00e9fend Ma\u00eetre Besson, son avocate. Rien ne confirme qu\u2019il est all\u00e9 dans cette chambre. Sa personnalit\u00e9 pose question mais cela n\u2019\u00e9tablit pas sa culpabilit\u00e9.<b> Aucune empreinte, aucun ADN n\u2019a \u00e9t\u00e9 trouv\u00e9. Il n\u2019y a pas eu de pr\u00e9l\u00e8vements<\/b>.\u2009\u00bb<\/p>\n<p class=\" wall-content\">Les saignements de Catherine seraient la cons\u00e9quence de son angoisse face au cadeau ou d\u2019une automutilation. \u00ab\u2009Il n\u2019y a pas de preuve d\u2019un acte sexuel forc\u00e9, poursuit-elle en \u00e9num\u00e9rant les variations dans les d\u00e9clarations de la victime. Il y a des choses vraies, il y a des choses d\u00e9lirantes. C\u2019est <b>difficile de savoir o\u00f9 est la v\u00e9rit\u00e9<\/b>. Il y a eu une certaine suggestivit\u00e9, voil\u00e0 mon explication. Cela m\u2019am\u00e8ne \u00e0 penser qu\u2019elle n\u2019a pas r\u00e9ellement \u00e9t\u00e9 victime. C\u2019est ce cadeau qui a cr\u00e9\u00e9 de la confusion. Et ce cadeau, il l\u2019a offert en toute transparence. Comment r\u00e9ussir \u00e0 prouver ensuite que vous n\u2019avez pas commis quelque chose\u2009? Le doute doit lui b\u00e9n\u00e9ficier et je demande sa relaxe.\u2009\u00bb<\/p>\n<p class=\" wall-content\">Le pr\u00e9venu se rel\u00e8ve et conclut, la voix tremblante\u2009: \u00ab\u2009Je vous prie de bien vouloir me croire. Je n\u2019ai rien fait de mal. <b>Je suis innocent.\u2009\u00bb<\/b><\/p>\n<p>Lourdement condamn\u00e9<\/p>\n<p class=\" wall-content\">Au terme d\u2019une heure de d\u00e9bats, le tribunal a condamn\u00e9 Charles pour agression sexuelle aggrav\u00e9e par la vuln\u00e9rabilit\u00e9 de la victime et par ses l\u00e9sions \u00e0 une <b>peine d\u2019emprisonnement de 5\u00a0ans <\/b>avec mandat de d\u00e9p\u00f4t \u00e0 effet diff\u00e9r\u00e9 avec ex\u00e9cution provisoire, \u00e0 un suivi socio-judiciaire de trois ans, \u00e0 une obligation de soins, \u00e0 une interdiction d\u2019entrer en contact avec Catherine, de para\u00eetre dans un Ehpad ou d\u2019exercer la profession d\u2019ambulancier pendant cinq ans.<\/p>\n<p class=\" wall-content\">Catherine sera d\u00e9dommag\u00e9e \u00e0 hauteur de <b>10\u2009000\u00a0euros.<\/b> \u00ab\u2009Elle n\u2019est plus la m\u00eame aujourd\u2019hui, regrettent ses tutrices. Elle est sur le qui-vive. <b>Elle a peur des ambulanciers, elle a peur d\u2019\u00eatre agress\u00e9e. <\/b>On essaye de la pr\u00e9server au maximum de tout \u00e7a d\u00e9sormais.\u2009\u00bb<\/p>\n<p>*Les pr\u00e9noms ont \u00e9t\u00e9 modifi\u00e9s.<\/p>\n<p class=\" wall-content\">Personnalisez votre actualit\u00e9 en ajoutant vos villes et m\u00e9dias en favori avec <a href=\"https:\/\/moncompte.actu.fr\" title=\"D\u00e9couvez Mon Actu\" rel=\"nofollow noopener\" data-trk=\"{&quot;cta&quot;:{&quot;action&quot;:&quot;https:\\\/\\\/moncompte.actu.fr&quot;,&quot;category&quot;:&quot;mon compte&quot;,&quot;from&quot;:&quot;article footer&quot;,&quot;name&quot;:&quot;Mon actu&quot;,&quot;type&quot;:&quot;cta&quot;}}\" target=\"_blank\">Mon Actu<\/a>.<\/p>\n","protected":false},"excerpt":{"rendered":"Par Ludivine Laniepce Publi\u00e9 le 14 d\u00e9c. 2025 \u00e0 18h56 C\u2019est une audience longue \u2013 elle aura dur\u00e9&hellip;\n","protected":false},"author":2,"featured_media":599763,"comment_status":"","ping_status":"","sticky":false,"template":"","format":"standard","meta":{"footnotes":""},"categories":[4],"tags":[11,3168,118,1011,27,12,25,58156,799],"class_list":{"0":"post-599762","1":"post","2":"type-post","3":"status-publish","4":"format-standard","5":"has-post-thumbnail","7":"category-france","8":"tag-actualites","9":"tag-cotentin","10":"tag-faits-divers","11":"tag-fr","12":"tag-france","13":"tag-news","14":"tag-republique-francaise","15":"tag-tribunal-de-cherbourg","16":"tag-violences-sexuelles"},"share_on_mastodon":{"url":"https:\/\/pubeurope.com\/@fr\/115720826689438455","error":""},"_links":{"self":[{"href":"https:\/\/www.europesays.com\/fr\/wp-json\/wp\/v2\/posts\/599762","targetHints":{"allow":["GET"]}}],"collection":[{"href":"https:\/\/www.europesays.com\/fr\/wp-json\/wp\/v2\/posts"}],"about":[{"href":"https:\/\/www.europesays.com\/fr\/wp-json\/wp\/v2\/types\/post"}],"author":[{"embeddable":true,"href":"https:\/\/www.europesays.com\/fr\/wp-json\/wp\/v2\/users\/2"}],"replies":[{"embeddable":true,"href":"https:\/\/www.europesays.com\/fr\/wp-json\/wp\/v2\/comments?post=599762"}],"version-history":[{"count":0,"href":"https:\/\/www.europesays.com\/fr\/wp-json\/wp\/v2\/posts\/599762\/revisions"}],"wp:featuredmedia":[{"embeddable":true,"href":"https:\/\/www.europesays.com\/fr\/wp-json\/wp\/v2\/media\/599763"}],"wp:attachment":[{"href":"https:\/\/www.europesays.com\/fr\/wp-json\/wp\/v2\/media?parent=599762"}],"wp:term":[{"taxonomy":"category","embeddable":true,"href":"https:\/\/www.europesays.com\/fr\/wp-json\/wp\/v2\/categories?post=599762"},{"taxonomy":"post_tag","embeddable":true,"href":"https:\/\/www.europesays.com\/fr\/wp-json\/wp\/v2\/tags?post=599762"}],"curies":[{"name":"wp","href":"https:\/\/api.w.org\/{rel}","templated":true}]}}