{"id":599772,"date":"2025-12-15T00:55:12","date_gmt":"2025-12-15T00:55:12","guid":{"rendered":"https:\/\/www.europesays.com\/fr\/599772\/"},"modified":"2025-12-15T00:55:12","modified_gmt":"2025-12-15T00:55:12","slug":"le-guepratte-rentre-a-toulon-apres-avoir-passe-deux-mois-en-mediterranee-orientale","status":"publish","type":"post","link":"https:\/\/www.europesays.com\/fr\/599772\/","title":{"rendered":"Le Gu\u00e9pratte rentre \u00e0 Toulon apr\u00e8s avoir pass\u00e9 deux mois en M\u00e9diterran\u00e9e orientale"},"content":{"rendered":"<p>\n      La fr\u00e9gate Gu\u00e9pratte, de la Marine nationale, est rentr\u00e9e le vendredi 12 d\u00e9cembre \u00e0 sa base de Toulon apr\u00e8s deux mois d\u2019absence, durant lesquels elle a \u00e9volu\u00e9 en M\u00e9diterran\u00e9e orientale. Le b\u00e2timent a ainsi contribu\u00e9 \u00e0 observer l\u2019activit\u00e9 dans une zone complexe tout en conduisant des activit\u00e9s de coop\u00e9ration avec les partenaires r\u00e9gionaux de la France.\n    <\/p>\n<p>Au petit matin du vendredi 12 d\u00e9cembre, le Gu\u00e9pratte, cadette des cinq fr\u00e9gates l\u00e9g\u00e8res furtives (FLF) du type La Fayette, est revenu \u00e0 Toulon, o\u00f9 ses 150 marins ont \u00e9t\u00e9 accueillis par leurs proches. Le b\u00e2timent, command\u00e9 par le capitaine de fr\u00e9gate Rapha\u00ebl Villermet, avait quitt\u00e9 la base navale varoise le 13 octobre pour une mission de deux mois vers la M\u00e9diterran\u00e9e orientale. \u00ab\u00a0Cette mission, men\u00e9e dans un contexte g\u00e9opolitique complexe, a permis de renforcer la pr\u00e9sence fran\u00e7aise dans cette zone strat\u00e9gique et de consolider les partenariats m\u00e9diterran\u00e9ens. Le Gu\u00e9pratte\u00a0a contribu\u00e9 \u00e0 l\u2019appr\u00e9ciation autonome de la situation en M\u00e9diterran\u00e9e orientale et conduit des activit\u00e9s de coop\u00e9ration op\u00e9rationnelle avec plusieurs partenaires r\u00e9gionaux, dont le Liban, Chypre, l\u2019\u00c9gypte et la Turquie, consolidant les relations bilat\u00e9rales et r\u00e9affirmant l\u2019attachement de la France \u00e0 la libert\u00e9 de navigation et au respect du droit international\u00a0\u00bb, explique la Marine nationale.\u00a0<\/p>\n<p>\u00a0<\/p>\n<p>      Le Gu\u00e9pratte de retour \u00e0 Toulon, au petit matin du 12 d\u00e9cembre.\u00a0<\/p>\n<p>\u00a0<\/p>\n<p>\n                  Diaporama                <\/p>\n<p>A bord du Gu\u00e9pratte pour son arriv\u00e9e \u00e0 Toulon. <\/p>\n<p>\u00a0<\/p>\n<p>\n                  Diaporama                <\/p>\n<p>La passerelle du Gu\u00e9pratte. <\/p>\n<p>\u00a0<\/p>\n<p>      Le Gu\u00e9pratte arrivant \u00e0 Toulon.\u00a0<\/p>\n<p>\u00a0<\/p>\n<p>      Le Gu\u00e9pratte arrivant \u00e0 Toulon.\u00a0<\/p>\n<p>\u00a0<\/p>\n<p>      Le Gu\u00e9pratte arrivant \u00e0 Toulon.\u00a0<\/p>\n<p>\u00a0<\/p>\n<p>\n                  Diaporama                <\/p>\n<p>Le Gu\u00e9pratte arrivant \u00e0 la base navale de Toulon le 12 d\u00e9cembre. <\/p>\n<p>\u00a0<\/p>\n<p>      Les familles attendant sur le quai.\u00a0<\/p>\n<p>\u00a0<\/p>\n<p>      Le CF Rapha\u00ebl Villermet, commandant du Gu\u00e9pratte.\u00a0<\/p>\n<p>\u00a0<\/p>\n<p>Entre la r\u00e9cente guerre entre Isra\u00ebl et le Hamas \u00e0 Gaza, mais aussi le Hezbollah libanais ; les tensions r\u00e9currentes entre la Turquie, la Gr\u00e8ce et Chypre, ou encore la situation toujours instable en Syrie, la M\u00e9diterran\u00e9e orientale est une zone tr\u00e8s complexe o\u00f9 les crises sont fr\u00e9quentes. Cela, \u00e0 proximit\u00e9 de deux routes commerciales majeures, le canal de Suez en \u00c9gypte pour les liaisons Asie-Europe, ainsi que les d\u00e9troits turcs pour le trafic entre la M\u00e9diterran\u00e9e et la mer Noire. Le premier a vu ses flux se r\u00e9duire sensiblement suite aux attaques houthies en mer Rouge \u00e0 partir de la fin 2023, alors que les seconds sont ferm\u00e9s aux b\u00e2timents militaires depuis le d\u00e9but de la guerre en Ukraine en f\u00e9vrier 2022, le trafic maritime \u00e9tant r\u00e9guli\u00e8rement perturb\u00e9 par les op\u00e9rations militaires entre bellig\u00e9rants.\u00a0<\/p>\n<p>Depuis des ann\u00e9es, la Marine nationale maintient de fa\u00e7on quasi-permanente une pr\u00e9sence a\u00e9romaritime en M\u00e9diterran\u00e9e orientale, ce qui lui permet de marquer le terrain, observer au plus pr\u00e8s les mouvements des uns et des autres, \u00e9changer avec les pays riverains et \u00eatre en mesure de d\u00e9tecter tr\u00e8s t\u00f4t des signaux, parfois faibles, annonciateurs de crises potentielles.\u00a0<\/p>\n<p>Durant son d\u00e9ploiement, le Gu\u00e9pratte, qui \u00e9volu\u00e9 en lien avec d\u2019autres unit\u00e9s fran\u00e7aises, dont un avion de patrouille maritime Atlantique 2 ou encore un drone Reaper de l\u2019arm\u00e9e de l\u2019Air venant de Jordanie, a eu de nombreuses interactions en mer, par exemple avec la marine turque, ou encore avec la fr\u00e9gate allemande Sachsen-Anhalt. Elle a particip\u00e9 \u00e0 l\u2019exercice Resolut Union avec les \u00c9tats-Unis et le Liban, Nemesis \u00e0 Chypre et Medusa 14, ce dernier \u00e9tant coorganis\u00e9 par les marines \u00e9gyptienne et grecque. Il s\u2019est d\u00e9roul\u00e9 du 17 au 25 novembre au nord d\u2019Alexandrie, avec pas moins de 11 b\u00e2timents mobilis\u00e9s, dont le porte-h\u00e9licopt\u00e8res d\u2019assaut Anwar el-Sadat, l\u2019un des deux b\u00e2timents du type Mistral initialement command\u00e9s \u00e0 la France par la Russie et revendus \u00e0 l\u2019\u00c9gypte, qui les a r\u00e9ceptionn\u00e9s en 2016. Pendant sa mission, la fr\u00e9gate fran\u00e7aise a r\u00e9alis\u00e9 diff\u00e9rentes escales, dont quatre jours au Liban, le Gu\u00e9pratte accueillant d\u2019ailleurs quatre cadets libanais.\u00a0<\/p>\n<p>\u00a0<\/p>\n<p>      Le Gu\u00e9pratte lors de l&rsquo;exercice Medusa 14.\u00a0<\/p>\n<p>\u00a0<\/p>\n<p>      Le Gu\u00e9pratte avec la fr\u00e9gate allemande Sachsen-Anhalt du type F125.\u00a0<\/p>\n<p>\u00a0<\/p>\n<p>      Une fr\u00e9gate turque du type Meko A200 TN avec le Gu\u00e9pratte.\u00a0<\/p>\n<p>\u00a0<\/p>\n<p>      Exercice de treuillage avec un patrouilleur chypriote.\u00a0<\/p>\n<p>\u00a0<\/p>\n<p>Apr\u00e8s les permissions de fin d\u2019ann\u00e9e, le Gu\u00e9pratte et son \u00e9quipage reprendront rapidement la mer, avec un \u00e9v\u00e9nement tr\u00e8s symbolique pr\u00e9vu le 8 janvier. Ce jour-l\u00e0, les FLF de la Marine nationale doivent sortir ensemble au large de Toulon pour c\u00e9l\u00e9brer les 30 ans de carri\u00e8re de ces fr\u00e9gates, dont la t\u00eate de s\u00e9rie, le La Fayette, a \u00e9t\u00e9 admis au service actif le 22 mars 1996.\u00a0<\/p>\n<p>A l\u2019issue de cette sortie avec ses jumelles, le Gu\u00e9pratte entrera en arr\u00eat technique jusqu\u2019en mars.\u00a0<\/p>\n<p>Construit comme les quatre autres fr\u00e9gates de ce type (La Fayette,\u00a0Surcouf, Courbet et Aconit) \u00e0 Lorient, le Gu\u00e9pratte, plus r\u00e9cente unit\u00e9 de la s\u00e9rie, a \u00e9t\u00e9 mis en service en octobre 2001. Long de 125, m\u00e8tres pour une largeur de 15.4 m\u00e8tres et un d\u00e9placement d\u2019environ 3600 tonnes \u00e0 pleine charge, ce b\u00e2timent est \u00e9quip\u00e9 d\u2019un radar DRBV-15C et une conduite de tir CTM pour son artillerie principale, une tourelle de 100 mm de type TR, ultime \u00e9volution de ce canon naval fran\u00e7ais, capable de tirer 80 coups par minute \u00e0 une distance de 6 \u00e0 12 km selon qu\u2019il s\u2019agit d\u2019une cible a\u00e9rienne ou de surface. Le reste de l\u2019armement comprend jusqu\u2019\u00e0 8 missiles antinavires Exocet MM40, un syst\u00e8me surface-air Crotale (8 missiles en batterie), deux syst\u00e8mes surface-air \u00e0 tr\u00e8s courte port\u00e9e Simbad (2 x 2 missiles Mistral) et de l\u2019artillerie l\u00e9g\u00e8re. La fr\u00e9gate peut en outre embarquer un h\u00e9licopt\u00e8re Panther et trois semi-rigides, dont un d\u00e9ploy\u00e9 via une porte \u00e0 la poupe.\u00a0<\/p>\n<p>Alors que les Courbet (1997), La Fayette (1996) et Aconit (1999) ont \u00e9t\u00e9 modernis\u00e9s entre 2021 et 2023 (avec notamment le d\u00e9barquement du Crotale et son remplacement par deux syst\u00e8mes Sadral, l\u2019ajout d\u2019un sonar de coque KingKlip Mk2 et de lance-leurres anti-torpilles, la mise \u00e0 niveau du syst\u00e8me de combat et des capteurs), les deux autres FLF,\u00a0en l\u2019occurrence le Surcouf (1997) et le Gu\u00e9pratte, n\u2019ont b\u00e9n\u00e9fici\u00e9 que d\u2019une r\u00e9novation plus succincte. Elle va permettre au Gu\u00e9pratte de naviguer encore une dizaine d\u2019ann\u00e9es.<\/p>\n<p><strong>\u00a9 Un article de la r\u00e9daction de Mer et Marine.\u00a0Reproduction interdite sans consentement du ou des auteurs.<\/strong>\u00a0<\/p>\n<p>\u00a0<\/p>\n<p><a href=\"https:\/\/shop-meretmarine.myshopify.com\/products\/hors-serie-forces-navales-2025-2026\" target=\"_blank\" rel=\"noopener\"><\/p>\n<p><\/a><\/p>\n<p>\u00a0<\/p>\n","protected":false},"excerpt":{"rendered":"La fr\u00e9gate Gu\u00e9pratte, de la Marine nationale, est rentr\u00e9e le vendredi 12 d\u00e9cembre \u00e0 sa base de Toulon&hellip;\n","protected":false},"author":2,"featured_media":599773,"comment_status":"","ping_status":"","sticky":false,"template":"","format":"standard","meta":{"footnotes":""},"categories":[9619],"tags":[1111,11,6130,6141,6131,6138,2380,6135,554,1777,6136,674,1011,27,6139,6134,3135,6128,567,6129,6127,12,6132,4838,882,6133,25,6140,6137,2310],"class_list":{"0":"post-599772","1":"post","2":"type-post","3":"status-publish","4":"format-standard","5":"has-post-thumbnail","7":"category-toulon","8":"tag-actu","9":"tag-actualites","10":"tag-chantiers","11":"tag-commando","12":"tag-construction-navale","13":"tag-costa","14":"tag-croisiere","15":"tag-dcns","16":"tag-defense","17":"tag-eu","18":"tag-euronaval","19":"tag-europe","20":"tag-fr","21":"tag-france","22":"tag-fremm","23":"tag-interviews","24":"tag-littoral","25":"tag-marine","26":"tag-marine-nationale","27":"tag-maritime","28":"tag-mer","29":"tag-news","30":"tag-offshore","31":"tag-peche","32":"tag-provence-alpes-cote-dazur","33":"tag-reportages","34":"tag-republique-francaise","35":"tag-sncm","36":"tag-stx","37":"tag-toulon"},"share_on_mastodon":{"url":"","error":""},"_links":{"self":[{"href":"https:\/\/www.europesays.com\/fr\/wp-json\/wp\/v2\/posts\/599772","targetHints":{"allow":["GET"]}}],"collection":[{"href":"https:\/\/www.europesays.com\/fr\/wp-json\/wp\/v2\/posts"}],"about":[{"href":"https:\/\/www.europesays.com\/fr\/wp-json\/wp\/v2\/types\/post"}],"author":[{"embeddable":true,"href":"https:\/\/www.europesays.com\/fr\/wp-json\/wp\/v2\/users\/2"}],"replies":[{"embeddable":true,"href":"https:\/\/www.europesays.com\/fr\/wp-json\/wp\/v2\/comments?post=599772"}],"version-history":[{"count":0,"href":"https:\/\/www.europesays.com\/fr\/wp-json\/wp\/v2\/posts\/599772\/revisions"}],"wp:featuredmedia":[{"embeddable":true,"href":"https:\/\/www.europesays.com\/fr\/wp-json\/wp\/v2\/media\/599773"}],"wp:attachment":[{"href":"https:\/\/www.europesays.com\/fr\/wp-json\/wp\/v2\/media?parent=599772"}],"wp:term":[{"taxonomy":"category","embeddable":true,"href":"https:\/\/www.europesays.com\/fr\/wp-json\/wp\/v2\/categories?post=599772"},{"taxonomy":"post_tag","embeddable":true,"href":"https:\/\/www.europesays.com\/fr\/wp-json\/wp\/v2\/tags?post=599772"}],"curies":[{"name":"wp","href":"https:\/\/api.w.org\/{rel}","templated":true}]}}