{"id":599778,"date":"2025-12-15T01:00:13","date_gmt":"2025-12-15T01:00:13","guid":{"rendered":"https:\/\/www.europesays.com\/fr\/599778\/"},"modified":"2025-12-15T01:00:13","modified_gmt":"2025-12-15T01:00:13","slug":"600-places-en-moins-en-licence-plusieurs-dizaines-de-postes-denseignants-supprimes-que-se-passe-t-il-a-luniversite-de-rouen","status":"publish","type":"post","link":"https:\/\/www.europesays.com\/fr\/599778\/","title":{"rendered":"600 places en moins en licence, plusieurs dizaines de postes d&rsquo;enseignants supprim\u00e9s&#8230; Que se passe-t-il \u00e0 l&rsquo;universit\u00e9 de Rouen ?"},"content":{"rendered":"<p class=\"article__intro\">Aujourd&rsquo;hui, 80 % des universit\u00e9s fran\u00e7aises sont en d\u00e9ficit. Parmi elles, l&rsquo;universit\u00e9 de Rouen. Sa pr\u00e9sidence tire la sonnette d&rsquo;alarme : quatre \u00e0 cinq millions manqueront \u00e0 son budget 2025. Ainsi, des mesures drastiques seront prises d\u00e8s la rentr\u00e9e prochaine pour limiter les co\u00fbts&#8230; au d\u00e9triment des \u00e9tudiants. Explications.<\/p>\n<p>\n      La Quotidienne Soci\u00e9t\u00e9\n    <\/p>\n<p>\n      De la vie quotidienne aux grands enjeux, recevez tous les jours les sujets qui font la soci\u00e9t\u00e9 locale, comme la justice, l\u2019\u00e9ducation, la sant\u00e9 et la famille.\n    <\/p>\n<p>    France T\u00e9l\u00e9visions utilise votre adresse e-mail afin de vous envoyer la newsletter \u00ab\u00a0La Quotidienne Soci\u00e9t\u00e9\u00a0\u00bb. Vous pouvez vous d\u00e9sinscrire \u00e0 tout moment via le lien en bas de cette newsletter. <a target=\"_blank\" href=\"https:\/\/www.francetelevisions.fr\/groupe\/confidentialite\/politique-de-confidentialite\/politique-de-confidentialite-de-france-televisions-6503\" rel=\"noopener\">Notre politique de confidentialit\u00e9<\/a><\/p>\n<p>L&rsquo;Universit\u00e9 de Rouen fait face \u00e0 une \u00ab\u00a0situation in\u00e9dite\u00a0\u00bb. Ce sont les mots de son pr\u00e9sident, Franck Le Derf : \u00ab\u00a0On arrive \u00e0 la cl\u00f4ture budg\u00e9taire. 80 % de notre budget provient de l&rsquo;\u00c9tat et nous ne connaissons pas \u00e0 ce jour la notification finale qui nous sera attribu\u00e9e pour 2025&#8230;\u00a0\u00bb<\/p>\n<blockquote class=\"ftvi_content_quote\">\n<p class=\"ftvi_citation_quote\">On est op\u00e9rateurs de l&rsquo;\u00c9tat. On a un budget qui nous permet de g\u00e9rer la totalit\u00e9 de notre fonctionnement. \u00c0 ce jour, il y a un certain nombre d&rsquo;indicateurs dans le rouge dans le budget pr\u00e9sent\u00e9 l&rsquo;ann\u00e9e prochaine. Techniquement, au mois de novembre 2026, je n&rsquo;aurai plus d&rsquo;argent pour payer les salaires (sans supprimer des postes). C&rsquo;est la r\u00e9alit\u00e9. Dans le priv\u00e9, \u00e7a s&rsquo;appelle une cessation de paiement. <\/p>\n<p>Franck Le Derf, pr\u00e9sident de l&rsquo;Universit\u00e9 de Rouen<\/p><\/blockquote>\n<p>Une p\u00e9riode de turbulences financi\u00e8res qui s&rsquo;expliquent par des mesures salariales nationales non compens\u00e9es par l&rsquo;\u00c9tat. <\/p>\n<p>En clair, l&rsquo;\u00e9tablissement absorbe des hausses de charges, 10 millions d&rsquo;euros en 2025, sans que les recettes, elles, n&rsquo;augmentent : \u00ab\u00a0La situation sera encore plus d\u00e9licate en 2026 avec sept millions d&rsquo;euros suppl\u00e9mentaires de mesures salariales sans garantie de compensation&#8230; C&rsquo;est alarmant, on ne s&rsquo;en sort pas.\u00a0\u00bb<\/p>\n<p>L&rsquo;\u00e9tablissement alerte sur la soutenabilit\u00e9 de son mod\u00e8le. Car pour compenser elle-m\u00eame ces mesures salariales, l&rsquo;universit\u00e9 a vid\u00e9 sa propre tirelire. \u00ab\u00a0On nous demande un retour \u00e0 l&rsquo;\u00e9quilibre, \u00e0 partir du moment o\u00f9 l&rsquo;on est en d\u00e9ficit. On va piocher dans notre tr\u00e9sorerie, mais pour 2026, nous n&rsquo;avons plus d&rsquo;\u00e9conomies\u00a0\u00bb, d\u00e9plore Franck Le Derf.<\/p>\n<blockquote class=\"ftvi_content_quote\">\n<p class=\"ftvi_citation_quote\">\u00c0 \u00e9tablissement \u00e9quivalent, pluridisciplinaire, avec plusieurs campus sur le territoire, nous avons 200 \u00e0 300 emplois de moins que d&rsquo;autres universit\u00e9s et une dotation de l&rsquo;\u00c9tat allant de 10 \u00e0 50 millions d&rsquo;euros de moins. Et notre situation n&rsquo;est pas isol\u00e9e en France. <\/p>\n<p>Franck Le Derf, pr\u00e9sident de l&rsquo;Universit\u00e9 de Rouen<\/p><\/blockquote>\n<p>R\u00e9sultat : l&rsquo;universit\u00e9 doit sortir l&rsquo;artillerie lourde et diminuer les co\u00fbts \u00e0 tout prix. \u00ab\u00a0Jusqu&rsquo;o\u00f9 va la mission de service public ?, s&rsquo;interpelle Franck Le Derf. On nous demande de former des jeunes, de futurs citoyens, nous accueillons plus de 9 000 \u00e9tudiants chaque ann\u00e9e. Doit-on conserver l&rsquo;ensemble de l&rsquo;offre de formation ? Si les moyens ne sont plus \u00e0 la hauteur, nous devrons revoir notre offre de formation.\u00a0\u00bb<\/p>\n<p>R\u00e9duction du nombre d&rsquo;\u00e9tudiants, suppressions de postes, projets repouss\u00e9s, report de la r\u00e9fection des b\u00e2timents les plus v\u00e9tustes&#8230; La rentr\u00e9e 2026 aura un go\u00fbt bien amer. <\/p>\n<p>Pr\u00e9sidente de la FEDER (F\u00e9d\u00e9ration des Etudiants Rouennais), L\u00e9a Chevauch\u00e9 est parfaitement consciente que l&rsquo;universit\u00e9 suffoque, et que les solutions passeront par des mesures radicales.<\/p>\n<p><a data-article-figure=\"\" href=\"https:\/\/france3-regions.franceinfo.fr\/image\/m1jfDVSzNfyL5z8g9jWvocFMsZw\/1920x1080\/regions\/2025\/12\/11\/corni-hd5496-00-00-08-15-693afbe321895595259487.jpg\" data-pswp-width=\"1920\" data-pswp-height=\"1080\" target=\"_blank\" rel=\"noopener\"><\/p>\n<p>          <img width=\"600\" height=\"400\" class=\"article-image lazy\" data-src=\"https:\/\/www.europesays.com\/fr\/wp-content\/uploads\/2025\/12\/corni-hd5496-00-00-08-15-693afbe321895595259487.jpg\" alt=\"Les \u00e9tudiants plus pr\u00e9caires pourraient \u00eatre particuli\u00e8rement impact\u00e9s, voire \u00e9loign\u00e9s des bancs de l'universit\u00e9, craignent les syndicats \u00e9tudiants.\" fetchpriority=\"high\" as=\"image\"\/><\/p>\n<p>\n            Les \u00e9tudiants plus pr\u00e9caires pourraient \u00eatre particuli\u00e8rement impact\u00e9s, voire \u00e9loign\u00e9s des bancs de l&rsquo;universit\u00e9, craignent les syndicats \u00e9tudiants.<br \/>\n                           \u2022<br \/>\n                                      \u00a9 France 3 Normandie\n                      <\/p>\n<p><\/a><\/p>\n<p>Mais elle se d\u00e9sole que cette pression financi\u00e8re impacte les \u00e9tudiants en premier lieu. \u00ab\u00a0Ce qui nous alarme le plus, c&rsquo;est la r\u00e9duction des places en licence. 606 places vont \u00eatre supprim\u00e9es dans des fili\u00e8res en tension [des fili\u00e8res o\u00f9 il y a plus de demandes que de places, ndlr], comme les STAPS et le droit\u00a0\u00bb, s&rsquo;inqui\u00e8te l&rsquo;\u00e9lue \u00e9tudiante.<\/p>\n<p>\u00ab\u00a036 places, c&rsquo;est l&rsquo;\u00e9quivalent d&rsquo;un groupe de TD. Ces 36 personnes en moins, c&rsquo;est un cours en moins, donc un professeur en moins. Et ce sont des lyc\u00e9ens qui ne pourront pas \u00e9tudier \u00e0 l&rsquo;universit\u00e9 de Rouen&#8230;\u00a0\u00bb<\/p>\n<blockquote class=\"ftvi_content_quote\">\n<p class=\"ftvi_citation_quote\">La grande chance de l&rsquo;universit\u00e9, c&rsquo;est de permettre \u00e0 des lyc\u00e9ens qui ne partent pas toujours avec des facilit\u00e9s dans la vie, de faire des \u00e9tudes et d&rsquo;exercer les professions qu&rsquo;ils souhaitent. L\u00e0, \u00e7a va conduire \u00e0 une diminution des dipl\u00f4m\u00e9s. Les \u00e9tudiants d&rsquo;aujourd&rsquo;hui sont les professionnels de demain : on aura donc moins de professionnels qualifi\u00e9s.<\/p>\n<p>L\u00e9a Chevauch\u00e9, pr\u00e9sidente de la FEDER<\/p><\/blockquote>\n<p>Autre grief : le co\u00fbt des \u00e9tudes. Une ann\u00e9e en licence, c&rsquo;est aujourd&rsquo;hui 170 euros \u00e0 d\u00e9bourser pour les \u00e9tudiants non boursiers. \u00ab\u00a0Demain, on pourrait \u00eatre amen\u00e9 \u00e0 payer beaucoup plus cher, note L\u00e9a Chevauch\u00e9, ce qui privera potentiellement certaines personnes de suivre une formation.\u00a0\u00bb<\/p>\n<p>\u00ab\u00a0Notre peur, c&rsquo;est aussi que l&rsquo;universit\u00e9 de Rouen soit aussi oblig\u00e9e de supprimer l&rsquo;exon\u00e9ration des frais de scolarit\u00e9 pour les \u00e9tudiants \u00e9trangers. Quelle va \u00eatre la suite ? Est-ce que les \u00e9tudiants venant de milieux plus d\u00e9favoris\u00e9s pourront toujours acc\u00e9der aux \u00e9tudes ?\u00a0\u00bb<\/p>\n<p>Du c\u00f4t\u00e9 des enseignants, m\u00eame combat. Les syndicats s&rsquo;en inqui\u00e8tent : \u00ab\u00a0On a d\u00e9j\u00e0 des conditions de travail qui continuent de se d\u00e9grader au fil des ann\u00e9es. L\u00e0, on pourrait nous imposer des mesures drastiques d&rsquo;aust\u00e9rit\u00e9. Hier, on nous annon\u00e7ait 30 suppressions de postes. Aujourd&rsquo;hui, apr\u00e8s des discussions n\u00e9buleuses, on serait \u00e0 35. Combien demain ?\u00a0\u00bb, clame Eric Laugerotte, membre de l&rsquo;intersyndicale (CGT\/FSU\/UNSA\/CFDT).<\/p>\n<p>Les premiers touch\u00e9s devraient \u00eatre les contractuels mais la recherche devrait aussi \u00eatre impact\u00e9e : \u00ab\u00a0On a des laboratoires qui prennent l&rsquo;eau au sens propre comme au figur\u00e9 ! Tous les coll\u00e8gues qui viennent nous voir expriment leur d\u00e9sarroi, leur m\u00e9contentement, vivent des conditions de travail d\u00e9grad\u00e9es et se demandent comment ils pourront travailler demain.\u00a0\u00bb<\/p>\n<p><a data-article-figure=\"\" href=\"https:\/\/france3-regions.franceinfo.fr\/image\/IMeShgL-iefGWEhYe_EFJm-0Gdc\/1920x1080\/regions\/2025\/12\/11\/corni-hd5474-00-00-00-16-693afc64a4def440749096.jpg\" data-pswp-width=\"1920\" data-pswp-height=\"1080\" target=\"_blank\" rel=\"noopener\"><\/p>\n<p>          <img width=\"600\" height=\"400\" class=\"article-image lazy\" data-src=\"https:\/\/www.europesays.com\/fr\/wp-content\/uploads\/2025\/12\/corni-hd5474-00-00-00-16-693afc64a4def440749096.jpg\" alt=\"Une trentaine de postes d'enseignants seraient supprim\u00e9s.\" fetchpriority=\"high\" as=\"image\"\/><\/p>\n<p>\n            Une trentaine de postes d&rsquo;enseignants seraient supprim\u00e9s.<br \/>\n                           \u2022<br \/>\n                                      \u00a9 France 3 Normandie\n                      <\/p>\n<p><\/a><\/p>\n<p>Pour Eric Laugerotte, investir dans l&rsquo;enseignement sup\u00e9rieur public, c&rsquo;est pourtant assurer l&rsquo;avenir de la France : \u00ab\u00a0Cela permet \u00e0 la soci\u00e9t\u00e9 d&rsquo;avancer. On sait qu&rsquo;on manque de travailleurs et de travailleuses dipl\u00f4m\u00e9s qualifi\u00e9s, notamment en Normandie\u00a0\u00bb, plaide-t-il.<\/p>\n<blockquote class=\"ftvi_content_quote\">\n<p class=\"ftvi_citation_quote\">600 places supprim\u00e9es avant m\u00eame que le budget 2026 ne soit act\u00e9, on n&rsquo;a jamais vu \u00e7a. Autant de mesures de suppressions de postes, de places, de formations, de groupes d&rsquo;enseignement, tout \u00e7a mis bout \u00e0 bout cr\u00e9e une inqui\u00e9tude plus forte que les ann\u00e9es pr\u00e9c\u00e9dentes. Il y a une bascule, sauf \u00e0 un changement complet de politique au niveau de l&rsquo;\u00c9tat, je pense que \u00e7a va \u00eatre tr\u00e8s compliqu\u00e9 de fonctionner avec un budget aussi fortement diminu\u00e9. <\/p>\n<p>Eric Laugerotte, membre de l&rsquo;intersyndicale des personnels (CGT\/FSU\/UNSA\/CFDT)<\/p><\/blockquote>\n<p>D&rsquo;autant qu&rsquo;une universit\u00e9 publique qui se d\u00e9garnit, c&rsquo;est un parc d&rsquo;\u00e9coles priv\u00e9es, on\u00e9reuses, qui explose. Cela limiterait l\u2019acc\u00e8s \u00e0 l\u2019enseignement sup\u00e9rieur pour les publics les plus fragiles, contredisant la vocation m\u00eame de l\u2019universit\u00e9 publique.<\/p>\n<p>\u00ab\u00a0On voit ce qu&rsquo;il se passe autour de Rouen&#8230; Pour les jeunes, c&rsquo;est un facteur d&rsquo;aggravation de leur situation : d\u00e9bourser plusieurs dizaines de milliers d&rsquo;euros pour faire son bac+3 ou bac+5, ce n&rsquo;est pas possible pour tous, ou alors il faut faire des pr\u00eats et s&rsquo;endetter pour tr\u00e8s longtemps.\u00a0\u00bb<\/p>\n<p>Le budget 2026 de l&rsquo;universit\u00e9 de Rouen sera vot\u00e9 ce vendredi 12 d\u00e9cembre 2025 \u00e0 l&rsquo;issue d&rsquo;un Conseil d&rsquo;administration. Eric Laugerotte esp\u00e8re voir pr\u00e9sent\u00e9 un plan \u00ab\u00a0sinc\u00e8re\u00a0\u00bb, \u00ab\u00a0qui prenne en compte les d\u00e9penses et recettes r\u00e9elles et n\u00e9cessaires, \u00e0 la hauteur de nos besoins. Pas un budget pens\u00e9 pour se conformer aux souhaits de l&rsquo;\u00c9tat\u00a0\u00bb.<\/p>\n<p>Universit\u00e9, \u00e9tudiants, personnel : tous s\u2019adressent cependant au m\u00eame interlocuteur. Les demandes \u00e0 l&rsquo;\u00c9tat sont claires : qu&rsquo;il \u00ab\u00a0assure ses responsabilit\u00e9s et fasse vivre correctement les universit\u00e9s en France\u00a0\u00bb, plaide Eric Laugerotte.<\/p>\n<p>Quand Franck Le Derf abonde : \u00ab\u00a0C&rsquo;est \u00e0 l&rsquo;\u00c9tat de prendre ses responsabilit\u00e9s en augmentant les recettes. Je lui demande qu&rsquo;on revoie l&rsquo;allocation des moyens. On devrait avoir le m\u00eame traitement que nos homologues. Je demande aussi \u00e0 ce que toutes les mesures de masse salariale soient compens\u00e9es.\u00a0\u00bb<\/p>\n<p>Avec Elsa Gavinet.<\/p><\/p>\n","protected":false},"excerpt":{"rendered":"Aujourd&rsquo;hui, 80 % des universit\u00e9s fran\u00e7aises sont en d\u00e9ficit. Parmi elles, l&rsquo;universit\u00e9 de Rouen. Sa pr\u00e9sidence tire la&hellip;\n","protected":false},"author":2,"featured_media":599779,"comment_status":"","ping_status":"","sticky":false,"template":"","format":"standard","meta":{"footnotes":""},"categories":[9587],"tags":[1111,11,1777,674,1011,27,12,5161,25,9590],"class_list":{"0":"post-599778","1":"post","2":"type-post","3":"status-publish","4":"format-standard","5":"has-post-thumbnail","7":"category-rouen","8":"tag-actu","9":"tag-actualites","10":"tag-eu","11":"tag-europe","12":"tag-fr","13":"tag-france","14":"tag-news","15":"tag-normandie","16":"tag-republique-francaise","17":"tag-rouen"},"share_on_mastodon":{"url":"https:\/\/pubeurope.com\/@fr\/115720881634810142","error":""},"_links":{"self":[{"href":"https:\/\/www.europesays.com\/fr\/wp-json\/wp\/v2\/posts\/599778","targetHints":{"allow":["GET"]}}],"collection":[{"href":"https:\/\/www.europesays.com\/fr\/wp-json\/wp\/v2\/posts"}],"about":[{"href":"https:\/\/www.europesays.com\/fr\/wp-json\/wp\/v2\/types\/post"}],"author":[{"embeddable":true,"href":"https:\/\/www.europesays.com\/fr\/wp-json\/wp\/v2\/users\/2"}],"replies":[{"embeddable":true,"href":"https:\/\/www.europesays.com\/fr\/wp-json\/wp\/v2\/comments?post=599778"}],"version-history":[{"count":0,"href":"https:\/\/www.europesays.com\/fr\/wp-json\/wp\/v2\/posts\/599778\/revisions"}],"wp:featuredmedia":[{"embeddable":true,"href":"https:\/\/www.europesays.com\/fr\/wp-json\/wp\/v2\/media\/599779"}],"wp:attachment":[{"href":"https:\/\/www.europesays.com\/fr\/wp-json\/wp\/v2\/media?parent=599778"}],"wp:term":[{"taxonomy":"category","embeddable":true,"href":"https:\/\/www.europesays.com\/fr\/wp-json\/wp\/v2\/categories?post=599778"},{"taxonomy":"post_tag","embeddable":true,"href":"https:\/\/www.europesays.com\/fr\/wp-json\/wp\/v2\/tags?post=599778"}],"curies":[{"name":"wp","href":"https:\/\/api.w.org\/{rel}","templated":true}]}}