{"id":59978,"date":"2025-04-28T19:13:10","date_gmt":"2025-04-28T19:13:10","guid":{"rendered":"https:\/\/www.europesays.com\/fr\/59978\/"},"modified":"2025-04-28T19:13:10","modified_gmt":"2025-04-28T19:13:10","slug":"20-ans-3-plaintes-6-gardes-a-vue-le-palmares-edifiant-de-ritchy-thibault-jeune-prodige-de-lextreme-gauche-insurrectionnelle","status":"publish","type":"post","link":"https:\/\/www.europesays.com\/fr\/59978\/","title":{"rendered":"20 ans, 3 plaintes, 6 gardes \u00e0 vue&#8230; Le palmar\u00e8s \u00e9difiant de Ritchy Thibault, jeune prodige de l\u2019extr\u00eame gauche insurrectionnelle"},"content":{"rendered":"<p>Le collaborateur parlementaire de la d\u00e9put\u00e9e LFI Ersilia Soudais fait de nouveau parler de lui apr\u00e8s des propos dimanche soir que les autorit\u00e9s qualifient d\u2019appel \u00e0 l\u2019insurrection. Il est interdit d\u2019acc\u00e8s \u00e0 l\u2019Assembl\u00e9e nationale.<\/p>\n<p class=\"fig-paragraph\">Parmi les orateurs\u00a0<a href=\"http:\/\/www.lefigaro.fr\/flash-actu\/tout-est-a-cause-de-lui-bruno-retailleau-pointe-du-doigt-a-la-manifestation-contre-l-islamophobie-a-paris-20250427\" data-fig-type=\"NewsFlash\" data-gtm-custom-categorie=\"navigation\" data-gtm-custom-action=\"crossclick\" data-gtm-custom-label=\"Contextuel\" data-gtm-event=\"customEventSPE\" data-fig-domain=\"LEFIGARO\" target=\"_blank\" rel=\"noopener\">du rassemblement contre \u00abl\u2019islamophobie\u00bb qui s\u2019est tenu dimanche soir place de la R\u00e9publique<\/a>, en pr\u00e9sence d\u2019\u00e9lus de tous les partis de gauche, un jeune homme d\u2019une vingtaine d\u2019ann\u00e9es s\u2019est particuli\u00e8rement distingu\u00e9 par la virulence de ses propos &#8211; \u00e0 tel point que le pr\u00e9fet de police a annonc\u00e9 dans la foul\u00e9e\u00a0<a href=\"http:\/\/www.lefigaro.fr\/flash-actu\/bruno-retailleau-saisit-la-justice-contre-un-collaborateur-d-une-deputee-lfi-pour-appel-a-l-insurrection-20250427\" data-fig-type=\"NewsFlash\" data-gtm-custom-categorie=\"navigation\" data-gtm-custom-action=\"crossclick\" data-gtm-custom-label=\"Contextuel\" data-gtm-event=\"customEventSPE\" data-fig-domain=\"LEFIGARO\" target=\"_blank\" rel=\"noopener\">son intention de \u00absaisir la justice\u00bb<\/a> . Le jeune r\u00e9volutionnaire s\u2019appelle Ritchy Thibault, il est le collaborateur parlementaire de la d\u00e9put\u00e9e (La France insoumise) de Seine-et-Marne Ersilia Soudais, et il n\u2019en est pas \u00e0 son coup d\u2019essai.<\/p>\n<p class=\"fig-paragraph\">\u00abQui sont les responsables de la mort d\u2019Aboubakar, qui a du sang sur les mains\u00a0? C\u2019est CNEWS\u00a0! c\u2019est Monsieur Bollor\u00e9\u00a0! C\u2019est Fronti\u00e8res\u00a0!\u00bb a-t-il d\u2019abord lanc\u00e9 au m\u00e9gaphone sous les applaudissements de la foule, estimant que le meurtre d\u2019un musulman dans une mosqu\u00e9e du Gard vendredi est de la responsabilit\u00e9 des m\u00e9dias qu\u2019il cite. Avant de prof\u00e9rer ce que les autorit\u00e9s semblent consid\u00e9rer comme un appel \u00e0 l\u2019insurrection&amp;nbsp<\/p>\n<p class=\"fig-premium-paywall__infos\">\n        Cet article est r\u00e9serv\u00e9 aux abonn\u00e9s.        Il vous reste 85% \u00e0 d\u00e9couvrir.\n    <\/p>\n<p>                <img  data- alt=\"Le Figaro\" class=\"fig-img--complete fig-img\"\/><\/p>\n<p class=\"fig-premium-paywall__title\">Vous avez envie de lire la suite ?<\/p>\n<p class=\"fig-premium-paywall__subtitle\">D\u00e9bloquez tous les articles imm\u00e9diatement.<\/p>\n<p class=\"fig-premium-paywall__connect\">\n                D\u00e9j\u00e0 abonn\u00e9\u00a0?                <a class=\"fig-premium-paywall__connect-link\" href=\"https:\/\/connect.lefigaro.fr\/login?client=horizon_web&amp;type=main&amp;redirect_uri=https%3A%2F%2Fwww.lefigaro.fr%2Factualite-france%2F20-ans-3-plaintes-6-gardes-a-vue-le-palmares-edifiant-de-ritchy-thibault-jeune-prodige-de-l-extreme-gauche-insurrectionnelle-20250428\" data-js-gtm=\"{&quot;customCategorie&quot;: &quot;conversion&quot;, &quot;customAction&quot;: &quot;before_Landing_Connexion_paywall_auto&quot;, &quot;customLabel&quot;: &quot;bGVmaWdhcm8uZnJfXzFmMDI0MDYwLTk0MGYtNmFiOC1iNGYwLTg1NzczMjExMDBhNF9fQXJ0aWNsZQ==_20 ans, 3 plaintes, 6 gardes \u00e0 vue... Le palmar\u00e8s \u00e9difiant de Ritchy Thibault, jeune prodige de l\u2019extr\u00eame gauche insurrectionnelle_433&quot;, &quot;customIDSPE&quot;: &quot;bGVmaWdhcm8uZnJfXzFmMDI0MDYwLTk0MGYtNmFiOC1iNGYwLTg1NzczMjExMDBhNF9fQXJ0aWNsZQ==&quot;, &quot;event&quot;: &quot;customEventSPE&quot;}\" target=\"_blank\" rel=\"noopener\"><br \/>\n                    Connectez-vous<br \/>\n                <\/a>\n            <\/p>\n","protected":false},"excerpt":{"rendered":"Le collaborateur parlementaire de la d\u00e9put\u00e9e LFI Ersilia Soudais fait de nouveau parler de lui apr\u00e8s des propos&hellip;\n","protected":false},"author":2,"featured_media":59979,"comment_status":"","ping_status":"","sticky":false,"template":"","format":"standard","meta":{"footnotes":""},"categories":[2],"tags":[47,1058,1054,1059,1060,1055,11,1057,118,1011,27,1061,303,2338,12,1062,25,656,104,1056,809],"class_list":{"0":"post-59978","1":"post","2":"type-post","3":"status-publish","4":"format-standard","5":"has-post-thumbnail","7":"category-actualites","8":"tag-actualite","9":"tag-actualite-education","10":"tag-actualite-france","11":"tag-actualite-justice","12":"tag-actualite-securite","13":"tag-actualite-societe","14":"tag-actualites","15":"tag-education","16":"tag-faits-divers","17":"tag-fr","18":"tag-france","19":"tag-immigration","20":"tag-justice","21":"tag-la-france-insoumise","22":"tag-news","23":"tag-polemique","24":"tag-republique-francaise","25":"tag-securite","26":"tag-societe","27":"tag-societe-francaise","28":"tag-violence"},"share_on_mastodon":{"url":"https:\/\/pubeurope.com\/@fr\/114417185871572892","error":""},"_links":{"self":[{"href":"https:\/\/www.europesays.com\/fr\/wp-json\/wp\/v2\/posts\/59978","targetHints":{"allow":["GET"]}}],"collection":[{"href":"https:\/\/www.europesays.com\/fr\/wp-json\/wp\/v2\/posts"}],"about":[{"href":"https:\/\/www.europesays.com\/fr\/wp-json\/wp\/v2\/types\/post"}],"author":[{"embeddable":true,"href":"https:\/\/www.europesays.com\/fr\/wp-json\/wp\/v2\/users\/2"}],"replies":[{"embeddable":true,"href":"https:\/\/www.europesays.com\/fr\/wp-json\/wp\/v2\/comments?post=59978"}],"version-history":[{"count":0,"href":"https:\/\/www.europesays.com\/fr\/wp-json\/wp\/v2\/posts\/59978\/revisions"}],"wp:featuredmedia":[{"embeddable":true,"href":"https:\/\/www.europesays.com\/fr\/wp-json\/wp\/v2\/media\/59979"}],"wp:attachment":[{"href":"https:\/\/www.europesays.com\/fr\/wp-json\/wp\/v2\/media?parent=59978"}],"wp:term":[{"taxonomy":"category","embeddable":true,"href":"https:\/\/www.europesays.com\/fr\/wp-json\/wp\/v2\/categories?post=59978"},{"taxonomy":"post_tag","embeddable":true,"href":"https:\/\/www.europesays.com\/fr\/wp-json\/wp\/v2\/tags?post=59978"}],"curies":[{"name":"wp","href":"https:\/\/api.w.org\/{rel}","templated":true}]}}