{"id":599783,"date":"2025-12-15T01:07:12","date_gmt":"2025-12-15T01:07:12","guid":{"rendered":"https:\/\/www.europesays.com\/fr\/599783\/"},"modified":"2025-12-15T01:07:12","modified_gmt":"2025-12-15T01:07:12","slug":"previsions-du-lundi-15-decembre-2025","status":"publish","type":"post","link":"https:\/\/www.europesays.com\/fr\/599783\/","title":{"rendered":"pr\u00e9visions du lundi 15 d\u00e9cembre 2025"},"content":{"rendered":"<p>Les nuages seront visibles aujourd&rsquo;hui \u00e0 Rennes. Les valeurs afficheront entre 6 et 12\u00b0C. Les maximales iront jusqu&rsquo;\u00e0 10\u00b0C dans la matin\u00e9e tandis que les minimales seront de 6\u00b0C. La ville sera touch\u00e9e par un vent de sud-est de 24 km\/h. On observera la pr\u00e9sence persistante de nuages l&rsquo;apr\u00e8s-midi. Les temp\u00e9ratures s&rsquo;\u00e9chelonneront entre 10 et 12\u00b0C. Le ciel sera assez lumineux, avec quelques \u00e9claircies le soir. Les valeurs tourneront autour des 9\u00b0C. Le ciel sera clair dans la nuit de lundi \u00e0 mardi.<\/p>\n<p>C&rsquo;est \u00e0 un ciel tapiss\u00e9 de nuages qu&rsquo;il faudra s&rsquo;attendre demain \u00e0 Rennes. Le thermom\u00e8tre affichera 9\u00b0C en moyenne. Un l\u00e9ger vent de sud-est sera ressenti par les habitants. Le temps sera au brouillard dans la matin\u00e9e. Les temp\u00e9ratures seront comprises entre 7\u00b0C et 10\u00b0C. Demain apr\u00e8s-midi, des nuages se montreront. Des pluies \u00e9parses sont attendues. Les valeurs seront de 9\u00b0C au minimum et de 11\u00b0C au maximum. La soir\u00e9e va rester voil\u00e9e \u00e0 cause de nuages qui se maintiennent dans le ciel. On pr\u00e9voit des temp\u00e9ratures d&rsquo;environ 9\u00b0C.<\/p>\n<p>\u00c0 la suite d&rsquo;une journ\u00e9e nuageuse mercredi, on pr\u00e9voit une am\u00e9lioration jeudi.<\/p>\n<p><\/p>\n","protected":false},"excerpt":{"rendered":"Les nuages seront visibles aujourd&rsquo;hui \u00e0 Rennes. Les valeurs afficheront entre 6 et 12\u00b0C. Les maximales iront jusqu&rsquo;\u00e0&hellip;\n","protected":false},"author":2,"featured_media":599784,"comment_status":"","ping_status":"","sticky":false,"template":"","format":"standard","meta":{"footnotes":""},"categories":[2821],"tags":[1111,11,829,1777,674,1011,27,12,2119,584,25],"class_list":{"0":"post-599783","1":"post","2":"type-post","3":"status-publish","4":"format-standard","5":"has-post-thumbnail","7":"category-rennes","8":"tag-actu","9":"tag-actualites","10":"tag-bretagne","11":"tag-eu","12":"tag-europe","13":"tag-fr","14":"tag-france","15":"tag-news","16":"tag-previsions-meteo","17":"tag-rennes","18":"tag-republique-francaise"},"share_on_mastodon":{"url":"https:\/\/pubeurope.com\/@fr\/115720909218794298","error":""},"_links":{"self":[{"href":"https:\/\/www.europesays.com\/fr\/wp-json\/wp\/v2\/posts\/599783","targetHints":{"allow":["GET"]}}],"collection":[{"href":"https:\/\/www.europesays.com\/fr\/wp-json\/wp\/v2\/posts"}],"about":[{"href":"https:\/\/www.europesays.com\/fr\/wp-json\/wp\/v2\/types\/post"}],"author":[{"embeddable":true,"href":"https:\/\/www.europesays.com\/fr\/wp-json\/wp\/v2\/users\/2"}],"replies":[{"embeddable":true,"href":"https:\/\/www.europesays.com\/fr\/wp-json\/wp\/v2\/comments?post=599783"}],"version-history":[{"count":0,"href":"https:\/\/www.europesays.com\/fr\/wp-json\/wp\/v2\/posts\/599783\/revisions"}],"wp:featuredmedia":[{"embeddable":true,"href":"https:\/\/www.europesays.com\/fr\/wp-json\/wp\/v2\/media\/599784"}],"wp:attachment":[{"href":"https:\/\/www.europesays.com\/fr\/wp-json\/wp\/v2\/media?parent=599783"}],"wp:term":[{"taxonomy":"category","embeddable":true,"href":"https:\/\/www.europesays.com\/fr\/wp-json\/wp\/v2\/categories?post=599783"},{"taxonomy":"post_tag","embeddable":true,"href":"https:\/\/www.europesays.com\/fr\/wp-json\/wp\/v2\/tags?post=599783"}],"curies":[{"name":"wp","href":"https:\/\/api.w.org\/{rel}","templated":true}]}}