{"id":599795,"date":"2025-12-15T01:13:33","date_gmt":"2025-12-15T01:13:33","guid":{"rendered":"https:\/\/www.europesays.com\/fr\/599795\/"},"modified":"2025-12-15T01:13:33","modified_gmt":"2025-12-15T01:13:33","slug":"les-confidences-de-will-still-sur-son-refus-de-rejoindre-le-fc-nantes","status":"publish","type":"post","link":"https:\/\/www.europesays.com\/fr\/599795\/","title":{"rendered":"Les confidences de Will Still sur son refus de rejoindre le FC Nantes"},"content":{"rendered":"<p>Le FC <a href=\"https:\/\/www.footmercato.net\/club\/fc-nantes\/\" target=\"_blank\" rel=\"noopener\">Nantes<\/a> a rat\u00e9 Will <a href=\"https:\/\/www.footmercato.net\/entraineur\/william-still\" target=\"_blank\" rel=\"noopener\">Still<\/a>. Avant que Luis Castro ne soit limog\u00e9, les Canaris s\u2019\u00e9taient d\u00e9j\u00e0 mis en qu\u00eate d\u2019un nouvel entra\u00eeneur et le Belge Will Still \u00e9tait leur priorit\u00e9. Libre de tout contrat depuis son limogeage par Southampton en d\u00e9but de saison, l\u2019ex-manager du RC Lens et du Stade de Reims poss\u00e9dait l\u2019avantage de bien conna\u00eetre la <a href=\"https:\/\/www.footmercato.net\/france\/ligue-1\/\" target=\"_blank\" rel=\"noopener\">Ligue 1<\/a>. Mais la piste a rapidement \u00e9t\u00e9 referm\u00e9e, ce qui a orient\u00e9 les dirigeants canaris vers Ahmed Kantari, qui a disput\u00e9 son premier match contre Angers (1-4). <\/p>\n<p>            La suite apr\u00e8s cette publicit\u00e9<\/p>\n<p>Sur Canal+, le manager de 33 ans a expliqu\u00e9 <a href=\"https:\/\/www.footmercato.net\/a9051139668969374316-le-fc-nantes-se-jette-sur-will-still-pour-remplacer-luis-castro\" target=\"_blank\" rel=\"noopener\">pourquoi il n\u2019avait pas rejoint Nantes<\/a>. \u00abCe n\u2019\u00e9tait pas un timing id\u00e9al. Je voulais prendre un staff, des personnes, dont mon fr\u00e8re. Je ne voulais pas me jeter dans un truc o\u00f9 je ne connaissais pas la situation, o\u00f9 je n\u2019avais pas le contr\u00f4le de tout. J\u2019ai remerci\u00e9 la famille Kita, mais pour la suite de ma carri\u00e8re, je pr\u00e9f\u00e8re prendre un peu de recul. La prochaine \u00e9tape sera ce qu\u2019elle sera. Jouer \u00e0 la Beaujoire, oui, c\u2019est quelque chose\u00bb, a-t-il expliqu\u00e9, en confirmant un refus. <\/p>\n<p>        Will Still \u00e9voque son avenir<\/p>\n<p>Avant de revenir sur son choix controvers\u00e9 de quitter Lens pour Southampton, une d\u00e9cision qu\u2019il semble regretter. \u00abJ\u2019ai quitt\u00e9 le RC Lens uniquement pour des raisons personnelles (\u2026) Ma femme a pass\u00e9 10 jours dans le coma, j\u2019\u00e9tais arriv\u00e9 \u00e0 un moment o\u00f9 j\u2019avais besoin d\u2019avoir du calme. J\u2019ai rencontr\u00e9 Southampton, je pensais que c\u2019\u00e9tait le bon package. Peut-\u00eatre que je n\u2019aurais pas d\u00fb reprendre un travail et plut\u00f4t prendre une pause\u00bb, explique-t-il, en pr\u00e9cisant que Lens lui avait conseill\u00e9 de rester \u00e0 l\u2019\u00e9cart du football.<\/p>\n<p>            La suite apr\u00e8s cette publicit\u00e9<\/p>\n<p>Libre depuis son \u00e9chec en Championship, Will Still s\u2019est pench\u00e9 sur son avenir et ne souhaite pas se pr\u00e9cipiter. \u00abDe fa\u00e7on \u00e9go\u00efste, j\u2019ai envie de penser \u00e0 ma carri\u00e8re et de faire le bon choix, avec assez de recul. Je ne suis pas ferm\u00e9 \u00e0 quoi que ce soit, le choix de partir de Lens \u00e9tait purement personnel, je regrette de ne pas avoir parl\u00e9 plus t\u00f4t\u00bb, a assur\u00e9 le Belge. Reste \u00e0 savoir si ce sera en France ou ailleurs. <\/p>\n<p>\n    Pub. le 14\/12\/2025 20:32<br \/>\n            &#8211; MAJ le 14\/12\/2025 23:14\n    <\/p>\n","protected":false},"excerpt":{"rendered":"Le FC Nantes a rat\u00e9 Will Still. Avant que Luis Castro ne soit limog\u00e9, les Canaris s\u2019\u00e9taient d\u00e9j\u00e0&hellip;\n","protected":false},"author":2,"featured_media":586571,"comment_status":"","ping_status":"","sticky":false,"template":"","format":"standard","meta":{"footnotes":""},"categories":[2818],"tags":[1111,11,1777,674,1011,27,766,12,2636,25],"class_list":{"0":"post-599795","1":"post","2":"type-post","3":"status-publish","4":"format-standard","5":"has-post-thumbnail","7":"category-nantes","8":"tag-actu","9":"tag-actualites","10":"tag-eu","11":"tag-europe","12":"tag-fr","13":"tag-france","14":"tag-nantes","15":"tag-news","16":"tag-pays-de-la-loire","17":"tag-republique-francaise"},"share_on_mastodon":{"url":"https:\/\/pubeurope.com\/@fr\/115720932815494207","error":""},"_links":{"self":[{"href":"https:\/\/www.europesays.com\/fr\/wp-json\/wp\/v2\/posts\/599795","targetHints":{"allow":["GET"]}}],"collection":[{"href":"https:\/\/www.europesays.com\/fr\/wp-json\/wp\/v2\/posts"}],"about":[{"href":"https:\/\/www.europesays.com\/fr\/wp-json\/wp\/v2\/types\/post"}],"author":[{"embeddable":true,"href":"https:\/\/www.europesays.com\/fr\/wp-json\/wp\/v2\/users\/2"}],"replies":[{"embeddable":true,"href":"https:\/\/www.europesays.com\/fr\/wp-json\/wp\/v2\/comments?post=599795"}],"version-history":[{"count":0,"href":"https:\/\/www.europesays.com\/fr\/wp-json\/wp\/v2\/posts\/599795\/revisions"}],"wp:featuredmedia":[{"embeddable":true,"href":"https:\/\/www.europesays.com\/fr\/wp-json\/wp\/v2\/media\/586571"}],"wp:attachment":[{"href":"https:\/\/www.europesays.com\/fr\/wp-json\/wp\/v2\/media?parent=599795"}],"wp:term":[{"taxonomy":"category","embeddable":true,"href":"https:\/\/www.europesays.com\/fr\/wp-json\/wp\/v2\/categories?post=599795"},{"taxonomy":"post_tag","embeddable":true,"href":"https:\/\/www.europesays.com\/fr\/wp-json\/wp\/v2\/tags?post=599795"}],"curies":[{"name":"wp","href":"https:\/\/api.w.org\/{rel}","templated":true}]}}